{"id":14268,"date":"2019-02-09T16:49:19","date_gmt":"2019-02-09T15:49:19","guid":{"rendered":"http:\/\/agora.xtec.cat\/ieslaromanica\/?p=14268"},"modified":"2019-02-09T16:50:30","modified_gmt":"2019-02-09T15:50:30","slug":"fira-apropat-a-lfp-2019","status":"publish","type":"post","link":"https:\/\/agora.xtec.cat\/ieslaromanica\/general\/fira-apropat-a-lfp-2019\/","title":{"rendered":"Fira Apropa&#8217;t a l&#8217;FP 2019"},"content":{"rendered":"<p><a href=\"https:\/\/agora.xtec.cat\/ieslaromanica\/wp-content\/uploads\/usu857\/2019\/02\/FiraFP19.jpg\"><img loading=\"lazy\" decoding=\"async\" class=\"wp-image-14270 aligncenter\" src=\"https:\/\/agora.xtec.cat\/ieslaromanica\/wp-content\/uploads\/usu857\/2019\/02\/FiraFP19.jpg\" alt=\"\" width=\"551\" height=\"297\" srcset=\"https:\/\/agora.xtec.cat\/ieslaromanica\/wp-content\/uploads\/usu857\/2019\/02\/FiraFP19.jpg 650w, https:\/\/agora.xtec.cat\/ieslaromanica\/wp-content\/uploads\/usu857\/2019\/02\/FiraFP19-300x162.jpg 300w\" sizes=\"auto, (max-width: 551px) 100vw, 551px\" \/><\/a><\/p>\n<p style=\"text-align: justify;\">Un altre any, l&#8217;Institut La Rom\u00e0nica participar\u00e0 a una nova edici\u00f3 de la Fira <strong>Apropa&#8217;t a l&#8217;FP<\/strong>, a la qual farem con\u00e8ixer l&#8217;oferta formativa de cicles formatius de la fam\u00edlia Qu\u00edmica que es realitzen al nostre centre.<\/p>\n<p style=\"text-align: justify;\">Aquesta fira es portar\u00e0 a terme del dia 20 al 23 de febrer al recinte de la Fira de Sabadell amb el seg\u00fcent horari:<\/p>\n<ul style=\"text-align: justify;\">\n<li>Dimecres 20: de 8.30 a 14.30 h<\/li>\n<li>Dijous 21: de 8.30 a 14.30 h<\/li>\n<li>Divendres 22: de 8.30 a 14.30 h i de 16:00 a 19:30 h<\/li>\n<li>Dissabte 23: de 10:30 a 13:30 h<\/li>\n<\/ul>\n<p style=\"text-align: justify;\">Us esperem<\/p>\n<p style=\"text-align: justify;\">\n","protected":false},"excerpt":{"rendered":"<p><a href=\"https:\/\/agora.xtec.cat\/ieslaromanica\/wp-content\/uploads\/usu857\/2019\/02\/FiraFP19.jpg\"><\/a><br \/>\nUn altre any, l&#8217;Institut La Rom\u00e0nica participar\u00e0 a una nova edici\u00f3 de la Fira Apropa&#8217;t a l&#8217;FP, a la qual farem con\u00e8ixer l&#8217;oferta formativa de cicles formatius de la fam\u00edlia Qu\u00edmica que es realitzen al nostre centre.<br \/>\nAquesta fira es portar\u00e0 a terme del dia&hellip;  <a href=\"https:\/\/agora.xtec.cat\/ieslaromanica\/general\/fira-apropat-a-lfp-2019\/\" title=\"Read Fira Apropa&#8217;t a l&#8217;FP 2019\">Llegeix m\u00e9s\u00bb<\/a><\/p>\n","protected":false},"author":35,"featured_media":14270,"comment_status":"open","ping_status":"closed","sticky":false,"template":"","format":"standard","meta":{"_bbp_topic_count":0,"_bbp_reply_count":0,"_bbp_total_topic_count":0,"_bbp_total_reply_count":0,"_bbp_voice_count":0,"_bbp_anonymous_reply_count":0,"_bbp_topic_count_hidden":0,"_bbp_reply_count_hidden":0,"_bbp_forum_subforum_count":0,"footnotes":""},"categories":[30,1,29],"tags":[],"class_list":["post-14268","post","type-post","status-publish","format-standard","has-post-thumbnail","hentry","category-cicles-formatius","category-general","category-portada"],"post_mailing_queue_ids":[],"_links":{"self":[{"href":"https:\/\/agora.xtec.cat\/ieslaromanica\/wp-json\/wp\/v2\/posts\/14268","targetHints":{"allow":["GET"]}}],"collection":[{"href":"https:\/\/agora.xtec.cat\/ieslaromanica\/wp-json\/wp\/v2\/posts"}],"about":[{"href":"https:\/\/agora.xtec.cat\/ieslaromanica\/wp-json\/wp\/v2\/types\/post"}],"author":[{"embeddable":true,"href":"https:\/\/agora.xtec.cat\/ieslaromanica\/wp-json\/wp\/v2\/users\/35"}],"replies":[{"embeddable":true,"href":"https:\/\/agora.xtec.cat\/ieslaromanica\/wp-json\/wp\/v2\/comments?post=14268"}],"version-history":[{"count":2,"href":"https:\/\/agora.xtec.cat\/ieslaromanica\/wp-json\/wp\/v2\/posts\/14268\/revisions"}],"predecessor-version":[{"id":14272,"href":"https:\/\/agora.xtec.cat\/ieslaromanica\/wp-json\/wp\/v2\/posts\/14268\/revisions\/14272"}],"wp:featuredmedia":[{"embeddable":true,"href":"https:\/\/agora.xtec.cat\/ieslaromanica\/wp-json\/wp\/v2\/media\/14270"}],"wp:attachment":[{"href":"https:\/\/agora.xtec.cat\/ieslaromanica\/wp-json\/wp\/v2\/media?parent=14268"}],"wp:term":[{"taxonomy":"category","embeddable":true,"href":"https:\/\/agora.xtec.cat\/ieslaromanica\/wp-json\/wp\/v2\/categories?post=14268"},{"taxonomy":"post_tag","embeddable":true,"href":"https:\/\/agora.xtec.cat\/ieslaromanica\/wp-json\/wp\/v2\/tags?post=14268"}],"curies":[{"name":"wp","href":"https:\/\/api.w.org\/{rel}","templated":true}]}}