{"id":14244,"date":"2019-02-05T09:50:29","date_gmt":"2019-02-05T08:50:29","guid":{"rendered":"http:\/\/agora.xtec.cat\/ieslaromanica\/?p=14244"},"modified":"2021-02-23T11:21:11","modified_gmt":"2021-02-23T10:21:11","slug":"projecte-art-i-historia","status":"publish","type":"post","link":"https:\/\/agora.xtec.cat\/ieslaromanica\/general\/projecte-art-i-historia\/","title":{"rendered":"Projecte Art i Hist\u00f2ria"},"content":{"rendered":"<p><a href=\"https:\/\/agora.xtec.cat\/ieslaromanica\/wp-content\/uploads\/usu857\/2019\/01\/IMG_20190117_101558.jpg\"><img loading=\"lazy\" decoding=\"async\" class=\"size-full wp-image-14246\" src=\"https:\/\/agora.xtec.cat\/ieslaromanica\/wp-content\/uploads\/usu857\/2019\/01\/IMG_20190117_101558.jpg\" alt=\"\" width=\"1913\" height=\"1480\" srcset=\"https:\/\/agora.xtec.cat\/ieslaromanica\/wp-content\/uploads\/usu857\/2019\/01\/IMG_20190117_101558.jpg 1913w, https:\/\/agora.xtec.cat\/ieslaromanica\/wp-content\/uploads\/usu857\/2019\/01\/IMG_20190117_101558-300x232.jpg 300w, https:\/\/agora.xtec.cat\/ieslaromanica\/wp-content\/uploads\/usu857\/2019\/01\/IMG_20190117_101558-768x594.jpg 768w, https:\/\/agora.xtec.cat\/ieslaromanica\/wp-content\/uploads\/usu857\/2019\/01\/IMG_20190117_101558-1024x792.jpg 1024w\" sizes=\"auto, (max-width: 1913px) 100vw, 1913px\" \/><\/a><\/p>\n<p>Textos i fotos: Rosa Gallardo<\/p>\n<p style=\"text-align: justify;\">Hem fet un viatge en el temps, Des del Departament d&#8217;Educaci\u00f3 Visual i Pl\u00e0stica i de Ci\u00e8ncies Socials s&#8217;ha engegat un projecte interdisciplinari en el qu\u00e8 l&#8217;alumnat de 1r d&#8217;ESO ha realitzat uns murals on ens recreen l&#8217;art rupestre.<\/p>\n<p><a href=\"https:\/\/agora.xtec.cat\/ieslaromanica\/wp-content\/uploads\/usu857\/2019\/01\/IMG_20190129_104305.jpg\"><img loading=\"lazy\" decoding=\"async\" class=\"size-full wp-image-14249\" src=\"https:\/\/agora.xtec.cat\/ieslaromanica\/wp-content\/uploads\/usu857\/2019\/01\/IMG_20190129_104305.jpg\" alt=\"\" width=\"1191\" height=\"1588\" srcset=\"https:\/\/agora.xtec.cat\/ieslaromanica\/wp-content\/uploads\/usu857\/2019\/01\/IMG_20190129_104305.jpg 1191w, https:\/\/agora.xtec.cat\/ieslaromanica\/wp-content\/uploads\/usu857\/2019\/01\/IMG_20190129_104305-225x300.jpg 225w, https:\/\/agora.xtec.cat\/ieslaromanica\/wp-content\/uploads\/usu857\/2019\/01\/IMG_20190129_104305-768x1024.jpg 768w\" sizes=\"auto, (max-width: 1191px) 100vw, 1191px\" \/><\/a><\/p>\n<p style=\"text-align: justify;\">A Ci\u00e8ncies Socials han estudiat l&#8217;evoluci\u00f3 dels hom\u00ednids, han conegut com es vivia en les diferents etapes de la Prehist\u00f2ria i com eren les primeres manifestacions art\u00edstiques de les coves d&#8217;Altamira i Lascaux. Amb les obres de l&#8217;alumnat realitzades amb ceres a EViP i amb les seves mans pintades de negre i vermell fent empremtes en positiu i negatiu, han creat uns murals que simulen les pintures rupestres a les parets de les coves prehist\u00f2riques.<\/p>\n<p><a href=\"https:\/\/agora.xtec.cat\/ieslaromanica\/wp-content\/uploads\/usu857\/2019\/01\/IMG_20190117_144834.jpg\"><img loading=\"lazy\" decoding=\"async\" class=\"size-full wp-image-14247\" src=\"https:\/\/agora.xtec.cat\/ieslaromanica\/wp-content\/uploads\/usu857\/2019\/01\/IMG_20190117_144834.jpg\" alt=\"\" width=\"1865\" height=\"1472\" srcset=\"https:\/\/agora.xtec.cat\/ieslaromanica\/wp-content\/uploads\/usu857\/2019\/01\/IMG_20190117_144834.jpg 1865w, https:\/\/agora.xtec.cat\/ieslaromanica\/wp-content\/uploads\/usu857\/2019\/01\/IMG_20190117_144834-300x237.jpg 300w, https:\/\/agora.xtec.cat\/ieslaromanica\/wp-content\/uploads\/usu857\/2019\/01\/IMG_20190117_144834-768x606.jpg 768w, https:\/\/agora.xtec.cat\/ieslaromanica\/wp-content\/uploads\/usu857\/2019\/01\/IMG_20190117_144834-1024x808.jpg 1024w\" sizes=\"auto, (max-width: 1865px) 100vw, 1865px\" \/><\/a><\/p>\n<p style=\"text-align: justify;\">Encara queda per esbrinar quina era la funci\u00f3 de les pintures rupestres, \u00e9s a dir, per qu\u00e8 les feien: eren un ritual a l&#8217;hora de sortir de cacera, o una manera de recordar un bon dia de ca\u00e7a o, senzillament, pintar all\u00f2 que veien cada dia des de la seva cova, des de casa seva&#8230;?<\/p>\n<p><a href=\"https:\/\/agora.xtec.cat\/ieslaromanica\/wp-content\/uploads\/usu857\/2019\/01\/IMG_20190118_082154.jpg\"><img loading=\"lazy\" decoding=\"async\" class=\"size-full wp-image-14248\" src=\"https:\/\/agora.xtec.cat\/ieslaromanica\/wp-content\/uploads\/usu857\/2019\/01\/IMG_20190118_082154.jpg\" alt=\"\" width=\"1801\" height=\"1476\" srcset=\"https:\/\/agora.xtec.cat\/ieslaromanica\/wp-content\/uploads\/usu857\/2019\/01\/IMG_20190118_082154.jpg 1801w, https:\/\/agora.xtec.cat\/ieslaromanica\/wp-content\/uploads\/usu857\/2019\/01\/IMG_20190118_082154-300x246.jpg 300w, https:\/\/agora.xtec.cat\/ieslaromanica\/wp-content\/uploads\/usu857\/2019\/01\/IMG_20190118_082154-768x629.jpg 768w, https:\/\/agora.xtec.cat\/ieslaromanica\/wp-content\/uploads\/usu857\/2019\/01\/IMG_20190118_082154-1024x839.jpg 1024w\" sizes=\"auto, (max-width: 1801px) 100vw, 1801px\" \/><\/a><\/p>\n","protected":false},"excerpt":{"rendered":"<p><a href=\"https:\/\/agora.xtec.cat\/ieslaromanica\/wp-content\/uploads\/usu857\/2019\/01\/IMG_20190117_101558.jpg\"><\/a><br \/>\nTextos i fotos: Rosa Gallardo<br \/>\nHem fet un viatge en el temps, Des del Departament d&#8217;Educaci\u00f3 Visual i Pl\u00e0stica i de Ci\u00e8ncies Socials s&#8217;ha engegat un projecte interdisciplinari en el qu\u00e8 l&#8217;alumnat de 1r d&#8217;ESO ha realitzat uns murals on ens recreen l&#8217;art rupestre.<br \/>\n<a href=\"https:\/\/agora.xtec.cat\/ieslaromanica\/wp-content\/uploads\/usu857\/2019\/01\/IMG_20190129_104305.jpg\"><\/a><br \/>\nA&hellip;  <a href=\"https:\/\/agora.xtec.cat\/ieslaromanica\/general\/projecte-art-i-historia\/\" title=\"Read Projecte Art i Hist\u00f2ria\">Llegeix m\u00e9s\u00bb<\/a><\/p>\n","protected":false},"author":3,"featured_media":14246,"comment_status":"open","ping_status":"closed","sticky":false,"template":"","format":"standard","meta":{"_bbp_topic_count":0,"_bbp_reply_count":0,"_bbp_total_topic_count":0,"_bbp_total_reply_count":0,"_bbp_voice_count":0,"_bbp_anonymous_reply_count":0,"_bbp_topic_count_hidden":0,"_bbp_reply_count_hidden":0,"_bbp_forum_subforum_count":0,"footnotes":""},"categories":[3,4,1,29],"tags":[191,210,128,252,247],"class_list":["post-14244","post","type-post","status-publish","format-standard","has-post-thumbnail","hentry","category-eso","category-eso-1","category-general","category-portada","tag-191","tag-departament-deducacio-visual-i-plastica","tag-departament-de-ciencies-socials","tag-exposicions","tag-projecte"],"post_mailing_queue_ids":[],"_links":{"self":[{"href":"https:\/\/agora.xtec.cat\/ieslaromanica\/wp-json\/wp\/v2\/posts\/14244","targetHints":{"allow":["GET"]}}],"collection":[{"href":"https:\/\/agora.xtec.cat\/ieslaromanica\/wp-json\/wp\/v2\/posts"}],"about":[{"href":"https:\/\/agora.xtec.cat\/ieslaromanica\/wp-json\/wp\/v2\/types\/post"}],"author":[{"embeddable":true,"href":"https:\/\/agora.xtec.cat\/ieslaromanica\/wp-json\/wp\/v2\/users\/3"}],"replies":[{"embeddable":true,"href":"https:\/\/agora.xtec.cat\/ieslaromanica\/wp-json\/wp\/v2\/comments?post=14244"}],"version-history":[{"count":3,"href":"https:\/\/agora.xtec.cat\/ieslaromanica\/wp-json\/wp\/v2\/posts\/14244\/revisions"}],"predecessor-version":[{"id":14259,"href":"https:\/\/agora.xtec.cat\/ieslaromanica\/wp-json\/wp\/v2\/posts\/14244\/revisions\/14259"}],"wp:featuredmedia":[{"embeddable":true,"href":"https:\/\/agora.xtec.cat\/ieslaromanica\/wp-json\/wp\/v2\/media\/14246"}],"wp:attachment":[{"href":"https:\/\/agora.xtec.cat\/ieslaromanica\/wp-json\/wp\/v2\/media?parent=14244"}],"wp:term":[{"taxonomy":"category","embeddable":true,"href":"https:\/\/agora.xtec.cat\/ieslaromanica\/wp-json\/wp\/v2\/categories?post=14244"},{"taxonomy":"post_tag","embeddable":true,"href":"https:\/\/agora.xtec.cat\/ieslaromanica\/wp-json\/wp\/v2\/tags?post=14244"}],"curies":[{"name":"wp","href":"https:\/\/api.w.org\/{rel}","templated":true}]}}