{"id":14106,"date":"2018-12-19T15:22:31","date_gmt":"2018-12-19T14:22:31","guid":{"rendered":"http:\/\/agora.xtec.cat\/ieslaromanica\/?p=14106"},"modified":"2018-12-19T15:23:29","modified_gmt":"2018-12-19T14:23:29","slug":"maite-marti-rep-el-premi-carme-barba","status":"publish","type":"post","link":"https:\/\/agora.xtec.cat\/ieslaromanica\/general\/maite-marti-rep-el-premi-carme-barba\/","title":{"rendered":"Maite Mart\u00ed rep el Premi Carme Barba"},"content":{"rendered":"<p style=\"text-align: center;\"><a href=\"https:\/\/agora.xtec.cat\/ieslaromanica\/wp-content\/uploads\/usu857\/2018\/12\/BDSY6741.jpg\"><img loading=\"lazy\" decoding=\"async\" class=\"alignnone wp-image-14082\" src=\"https:\/\/agora.xtec.cat\/ieslaromanica\/wp-content\/uploads\/usu857\/2018\/12\/BDSY6741.jpg\" alt=\"\" width=\"474\" height=\"632\" srcset=\"https:\/\/agora.xtec.cat\/ieslaromanica\/wp-content\/uploads\/usu857\/2018\/12\/BDSY6741.jpg 1200w, https:\/\/agora.xtec.cat\/ieslaromanica\/wp-content\/uploads\/usu857\/2018\/12\/BDSY6741-225x300.jpg 225w, https:\/\/agora.xtec.cat\/ieslaromanica\/wp-content\/uploads\/usu857\/2018\/12\/BDSY6741-768x1024.jpg 768w\" sizes=\"auto, (max-width: 474px) 100vw, 474px\" \/><\/a><\/p>\n<p>Felicitem la nostra companya Maite Mart\u00ed, professora de Llengua i Literatura Catalana, per haver rebut, fa unes setmanes, el premi Carme Barba per la seva <em>webquest <\/em>sobre Maria \u00c0ngels Anglada. Aqu\u00ed teniu l&#8217;enlla\u00e7:<\/p>\n<p><a href=\"https:\/\/sites.google.com\/site\/webquestmangelsanglada\/home\">https:\/\/sites.google.com\/site\/webquestmangelsanglada\/home<\/a>.<\/p>\n<h5>Enhorabona!<\/h5>\n","protected":false},"excerpt":{"rendered":"<p><a href=\"https:\/\/agora.xtec.cat\/ieslaromanica\/wp-content\/uploads\/usu857\/2018\/12\/BDSY6741.jpg\"><\/a><br \/>\nFelicitem la nostra companya Maite Mart\u00ed, professora de Llengua i Literatura Catalana, per haver rebut, fa unes setmanes, el premi Carme Barba per la seva webquest sobre Maria \u00c0ngels Anglada. Aqu\u00ed teniu l&#8217;enlla\u00e7:<br \/>\n<a href=\"https:\/\/sites.google.com\/site\/webquestmangelsanglada\/home\">https:\/\/sites.google.com\/site\/webquestmangelsanglada\/home<\/a>.<br \/>\nEnhorabona!<\/p>\n","protected":false},"author":3,"featured_media":14082,"comment_status":"open","ping_status":"closed","sticky":false,"template":"","format":"standard","meta":{"_bbp_topic_count":0,"_bbp_reply_count":0,"_bbp_total_topic_count":0,"_bbp_total_reply_count":0,"_bbp_voice_count":0,"_bbp_anonymous_reply_count":0,"_bbp_topic_count_hidden":0,"_bbp_reply_count_hidden":0,"_bbp_forum_subforum_count":0,"footnotes":""},"categories":[1,29],"tags":[191,235,238,237,236],"class_list":["post-14106","post","type-post","status-publish","format-standard","has-post-thumbnail","hentry","category-general","category-portada","tag-191","tag-departament-de-catala","tag-premi","tag-premi-carme-barba","tag-webquest"],"post_mailing_queue_ids":[],"_links":{"self":[{"href":"https:\/\/agora.xtec.cat\/ieslaromanica\/wp-json\/wp\/v2\/posts\/14106","targetHints":{"allow":["GET"]}}],"collection":[{"href":"https:\/\/agora.xtec.cat\/ieslaromanica\/wp-json\/wp\/v2\/posts"}],"about":[{"href":"https:\/\/agora.xtec.cat\/ieslaromanica\/wp-json\/wp\/v2\/types\/post"}],"author":[{"embeddable":true,"href":"https:\/\/agora.xtec.cat\/ieslaromanica\/wp-json\/wp\/v2\/users\/3"}],"replies":[{"embeddable":true,"href":"https:\/\/agora.xtec.cat\/ieslaromanica\/wp-json\/wp\/v2\/comments?post=14106"}],"version-history":[{"count":2,"href":"https:\/\/agora.xtec.cat\/ieslaromanica\/wp-json\/wp\/v2\/posts\/14106\/revisions"}],"predecessor-version":[{"id":14109,"href":"https:\/\/agora.xtec.cat\/ieslaromanica\/wp-json\/wp\/v2\/posts\/14106\/revisions\/14109"}],"wp:featuredmedia":[{"embeddable":true,"href":"https:\/\/agora.xtec.cat\/ieslaromanica\/wp-json\/wp\/v2\/media\/14082"}],"wp:attachment":[{"href":"https:\/\/agora.xtec.cat\/ieslaromanica\/wp-json\/wp\/v2\/media?parent=14106"}],"wp:term":[{"taxonomy":"category","embeddable":true,"href":"https:\/\/agora.xtec.cat\/ieslaromanica\/wp-json\/wp\/v2\/categories?post=14106"},{"taxonomy":"post_tag","embeddable":true,"href":"https:\/\/agora.xtec.cat\/ieslaromanica\/wp-json\/wp\/v2\/tags?post=14106"}],"curies":[{"name":"wp","href":"https:\/\/api.w.org\/{rel}","templated":true}]}}