{"id":14015,"date":"2018-12-13T12:12:52","date_gmt":"2018-12-13T11:12:52","guid":{"rendered":"http:\/\/agora.xtec.cat\/ieslaromanica\/?p=14015"},"modified":"2019-01-17T11:01:52","modified_gmt":"2019-01-17T10:01:52","slug":"eleccions-per-a-la-renovacio-del-consell-escolar-2018","status":"publish","type":"post","link":"https:\/\/agora.xtec.cat\/ieslaromanica\/general\/eleccions-per-a-la-renovacio-del-consell-escolar-2018\/","title":{"rendered":"Eleccions per a la renovaci\u00f3 del CONSELL ESCOLAR 2018"},"content":{"rendered":"<p style=\"text-align: center;\"><a href=\"https:\/\/agora.xtec.cat\/ieslaromanica\/wp-content\/uploads\/usu857\/2018\/11\/Foto-eleccions-consell-escolar.jpg\"><img loading=\"lazy\" decoding=\"async\" class=\"alignnone size-full wp-image-13979\" src=\"https:\/\/agora.xtec.cat\/ieslaromanica\/wp-content\/uploads\/usu857\/2018\/11\/Foto-eleccions-consell-escolar.jpg\" alt=\"\" width=\"1896\" height=\"1102\" srcset=\"https:\/\/agora.xtec.cat\/ieslaromanica\/wp-content\/uploads\/usu857\/2018\/11\/Foto-eleccions-consell-escolar.jpg 1896w, https:\/\/agora.xtec.cat\/ieslaromanica\/wp-content\/uploads\/usu857\/2018\/11\/Foto-eleccions-consell-escolar-300x174.jpg 300w, https:\/\/agora.xtec.cat\/ieslaromanica\/wp-content\/uploads\/usu857\/2018\/11\/Foto-eleccions-consell-escolar-768x446.jpg 768w, https:\/\/agora.xtec.cat\/ieslaromanica\/wp-content\/uploads\/usu857\/2018\/11\/Foto-eleccions-consell-escolar-1024x595.jpg 1024w\" sizes=\"auto, (max-width: 1896px) 100vw, 1896px\" \/><\/a><\/p>\n<p>&nbsp;<\/p>\n<div style=\"text-align: justify;\">Les persones escollides per a formar part del Consell Escolar del nostre centre, celebrat el passat dimecres 28 de novembre, per tal de renovar les persones que aquest curs exhaurien el seu mandat,\u00a0 van ser:<\/div>\n<div style=\"text-align: justify;\"><\/div>\n<ul>\n<li><b>PAS i PAE<\/b>: Pilar Solanes Segura<\/li>\n<li><b>Pares i Mares: <\/b>D\u00e8lia Llach Manero i M\u00aa Jos\u00e9 Mu\u00f1oz Garc\u00eda<\/li>\n<li><b>Professors\/es<\/b>: Ester Alc\u00f3n Ferrer, Ana Isabel Camacho Molina, Olga Navarro Gonz\u00e1lez i Maria Teresa S\u00e1nchez Costa.<\/li>\n<li><b>Alumnes<\/b>: Adri\u00e1n Hern\u00e1ndez Navarrete i Marta Gim\u00e9nez Sainz<\/li>\n<\/ul>\n<div>\n<p>Durant el mes de desembre de 2018 tindr\u00e0 lloc la reuni\u00f3 de constituci\u00f3 del nou Consell Escolar.<\/p>\n<p>Els volem felicitar a tots i a totes per la seva incorporaci\u00f3 o renovaci\u00f3 al Consell Escolar de l&#8217;Institut La Rom\u00e0nica per un per\u00edode de 4 anys.<\/p>\n<\/div>\n","protected":false},"excerpt":{"rendered":"<p><a href=\"https:\/\/agora.xtec.cat\/ieslaromanica\/wp-content\/uploads\/usu857\/2018\/11\/Foto-eleccions-consell-escolar.jpg\"><\/a><br \/>\n&nbsp;<br \/>\nLes persones escollides per a formar part del Consell Escolar del nostre centre, celebrat el passat dimecres 28 de novembre, per tal de renovar les persones que aquest curs exhaurien el seu mandat,\u00a0 van ser:<\/p>\n<ul>\n<li>PAS i PAE: Pilar Solanes Segura<\/li>\n<li>Pares i Mares: D\u00e8lia Llach&hellip;  <a href=\"https:\/\/agora.xtec.cat\/ieslaromanica\/general\/eleccions-per-a-la-renovacio-del-consell-escolar-2018\/\" title=\"Read Eleccions per a la renovaci\u00f3 del CONSELL ESCOLAR 2018\">Llegeix m\u00e9s\u00bb<\/a><br \/>\n","protected":false},"author":3,"featured_media":13979,"comment_status":"open","ping_status":"closed","sticky":false,"template":"","format":"standard","meta":{"_bbp_topic_count":0,"_bbp_reply_count":0,"_bbp_total_topic_count":0,"_bbp_total_reply_count":0,"_bbp_voice_count":0,"_bbp_anonymous_reply_count":0,"_bbp_topic_count_hidden":0,"_bbp_reply_count_hidden":0,"_bbp_forum_subforum_count":0,"footnotes":""},"categories":[31,1,29],"tags":[120],"class_list":["post-14015","post","type-post","status-publish","format-standard","has-post-thumbnail","hentry","category-afa","category-general","category-portada","tag-consell-escolar"],"post_mailing_queue_ids":[],"_links":{"self":[{"href":"https:\/\/agora.xtec.cat\/ieslaromanica\/wp-json\/wp\/v2\/posts\/14015","targetHints":{"allow":["GET"]}}],"collection":[{"href":"https:\/\/agora.xtec.cat\/ieslaromanica\/wp-json\/wp\/v2\/posts"}],"about":[{"href":"https:\/\/agora.xtec.cat\/ieslaromanica\/wp-json\/wp\/v2\/types\/post"}],"author":[{"embeddable":true,"href":"https:\/\/agora.xtec.cat\/ieslaromanica\/wp-json\/wp\/v2\/users\/3"}],"replies":[{"embeddable":true,"href":"https:\/\/agora.xtec.cat\/ieslaromanica\/wp-json\/wp\/v2\/comments?post=14015"}],"version-history":[{"count":2,"href":"https:\/\/agora.xtec.cat\/ieslaromanica\/wp-json\/wp\/v2\/posts\/14015\/revisions"}],"predecessor-version":[{"id":14017,"href":"https:\/\/agora.xtec.cat\/ieslaromanica\/wp-json\/wp\/v2\/posts\/14015\/revisions\/14017"}],"wp:featuredmedia":[{"embeddable":true,"href":"https:\/\/agora.xtec.cat\/ieslaromanica\/wp-json\/wp\/v2\/media\/13979"}],"wp:attachment":[{"href":"https:\/\/agora.xtec.cat\/ieslaromanica\/wp-json\/wp\/v2\/media?parent=14015"}],"wp:term":[{"taxonomy":"category","embeddable":true,"href":"https:\/\/agora.xtec.cat\/ieslaromanica\/wp-json\/wp\/v2\/categories?post=14015"},{"taxonomy":"post_tag","embeddable":true,"href":"https:\/\/agora.xtec.cat\/ieslaromanica\/wp-json\/wp\/v2\/tags?post=14015"}],"curies":[{"name":"wp","href":"https:\/\/api.w.org\/{rel}","templated":true}]}}