{"id":14010,"date":"2018-12-12T16:27:01","date_gmt":"2018-12-12T15:27:01","guid":{"rendered":"http:\/\/agora.xtec.cat\/ieslaromanica\/?p=14010"},"modified":"2018-12-12T17:05:45","modified_gmt":"2018-12-12T16:05:45","slug":"el-departament-de-formacio-professional-us-desitja-bones-festes","status":"publish","type":"post","link":"https:\/\/agora.xtec.cat\/ieslaromanica\/general\/el-departament-de-formacio-professional-us-desitja-bones-festes\/","title":{"rendered":"El Departament de Formaci\u00f3 Professional us desitja bones festes."},"content":{"rendered":"<p style=\"text-align: justify;\">Des del departament de Formaci\u00f3 Professional us volem desitjar unes bones festes i feli\u00e7 2019 amb el v\u00eddeo, realitzat per la nostra companya Anna Garcia junt amb la col\u00b7laboraci\u00f3 dels nostres alumnes.<\/p>\n<p style=\"text-align: justify;\">Al v\u00eddeo podeu veure diferents pr\u00e0ctiques i activitats que es realitzen al nostre centre amb la finalitat de fer realitat una formaci\u00f3 de qualitat.<\/p>\n<p style=\"text-align: justify;\">Volem agrair a totes les empreses la seva inestimable col\u00b7laboraci\u00f3 en la formaci\u00f3 pr\u00e0ctica dels nostres alumnes, tant en Formaci\u00f3 en Centres de Treball com en Formaci\u00f3 en alternan\u00e7a DUAL la qual impartim des del 2014.<\/p>\n<p style=\"text-align: justify;\">Volem aprofitar aquestes dates per desitjar-vos:<\/p>\n<p style=\"text-align: justify;\"><strong><em>BONES FESTES I\u00a0 FELI\u00c7 2019<\/em><\/strong><\/p>\n<p>&nbsp;<\/p>\n<p><iframe loading=\"lazy\" src=\"https:\/\/www.youtube.com\/embed\/8fTezW09m44\" width=\"560\" height=\"315\" frameborder=\"0\" allowfullscreen=\"allowfullscreen\"><\/iframe><\/p>\n","protected":false},"excerpt":{"rendered":"<p>Des del departament de Formaci\u00f3 Professional us volem desitjar unes bones festes i feli\u00e7 2019 amb el v\u00eddeo, realitzat per la nostra companya Anna Garcia junt amb la col\u00b7laboraci\u00f3 dels nostres alumnes.<br \/>\nAl v\u00eddeo podeu veure diferents pr\u00e0ctiques i activitats que es realitzen al nostre centre&hellip;  <a href=\"https:\/\/agora.xtec.cat\/ieslaromanica\/general\/el-departament-de-formacio-professional-us-desitja-bones-festes\/\" title=\"Read El Departament de Formaci\u00f3 Professional us desitja bones festes.\">Llegeix m\u00e9s\u00bb<\/a><\/p>\n","protected":false},"author":35,"featured_media":14011,"comment_status":"open","ping_status":"closed","sticky":false,"template":"","format":"standard","meta":{"_bbp_topic_count":0,"_bbp_reply_count":0,"_bbp_total_topic_count":0,"_bbp_total_reply_count":0,"_bbp_voice_count":0,"_bbp_anonymous_reply_count":0,"_bbp_topic_count_hidden":0,"_bbp_reply_count_hidden":0,"_bbp_forum_subforum_count":0,"footnotes":""},"categories":[30,1,29],"tags":[],"class_list":["post-14010","post","type-post","status-publish","format-standard","has-post-thumbnail","hentry","category-cicles-formatius","category-general","category-portada"],"post_mailing_queue_ids":[],"_links":{"self":[{"href":"https:\/\/agora.xtec.cat\/ieslaromanica\/wp-json\/wp\/v2\/posts\/14010","targetHints":{"allow":["GET"]}}],"collection":[{"href":"https:\/\/agora.xtec.cat\/ieslaromanica\/wp-json\/wp\/v2\/posts"}],"about":[{"href":"https:\/\/agora.xtec.cat\/ieslaromanica\/wp-json\/wp\/v2\/types\/post"}],"author":[{"embeddable":true,"href":"https:\/\/agora.xtec.cat\/ieslaromanica\/wp-json\/wp\/v2\/users\/35"}],"replies":[{"embeddable":true,"href":"https:\/\/agora.xtec.cat\/ieslaromanica\/wp-json\/wp\/v2\/comments?post=14010"}],"version-history":[{"count":2,"href":"https:\/\/agora.xtec.cat\/ieslaromanica\/wp-json\/wp\/v2\/posts\/14010\/revisions"}],"predecessor-version":[{"id":14013,"href":"https:\/\/agora.xtec.cat\/ieslaromanica\/wp-json\/wp\/v2\/posts\/14010\/revisions\/14013"}],"wp:featuredmedia":[{"embeddable":true,"href":"https:\/\/agora.xtec.cat\/ieslaromanica\/wp-json\/wp\/v2\/media\/14011"}],"wp:attachment":[{"href":"https:\/\/agora.xtec.cat\/ieslaromanica\/wp-json\/wp\/v2\/media?parent=14010"}],"wp:term":[{"taxonomy":"category","embeddable":true,"href":"https:\/\/agora.xtec.cat\/ieslaromanica\/wp-json\/wp\/v2\/categories?post=14010"},{"taxonomy":"post_tag","embeddable":true,"href":"https:\/\/agora.xtec.cat\/ieslaromanica\/wp-json\/wp\/v2\/tags?post=14010"}],"curies":[{"name":"wp","href":"https:\/\/api.w.org\/{rel}","templated":true}]}}