{"id":13995,"date":"2018-12-05T15:22:07","date_gmt":"2018-12-05T14:22:07","guid":{"rendered":"http:\/\/agora.xtec.cat\/ieslaromanica\/?p=13995"},"modified":"2018-12-09T13:49:32","modified_gmt":"2018-12-09T12:49:32","slug":"saps-que-es-una-fotofilosofia","status":"publish","type":"post","link":"https:\/\/agora.xtec.cat\/ieslaromanica\/general\/saps-que-es-una-fotofilosofia\/","title":{"rendered":"Saps qu\u00e8 \u00e9s una fotofilosofia?"},"content":{"rendered":"<p><a href=\"https:\/\/agora.xtec.cat\/ieslaromanica\/wp-content\/uploads\/usu857\/2018\/12\/IMG_20181114_174531.jpg\"><img loading=\"lazy\" decoding=\"async\" class=\"alignnone size-full wp-image-13992\" src=\"https:\/\/agora.xtec.cat\/ieslaromanica\/wp-content\/uploads\/usu857\/2018\/12\/IMG_20181114_174531.jpg\" alt=\"\" width=\"1883\" height=\"899\" srcset=\"https:\/\/agora.xtec.cat\/ieslaromanica\/wp-content\/uploads\/usu857\/2018\/12\/IMG_20181114_174531.jpg 1883w, https:\/\/agora.xtec.cat\/ieslaromanica\/wp-content\/uploads\/usu857\/2018\/12\/IMG_20181114_174531-300x143.jpg 300w, https:\/\/agora.xtec.cat\/ieslaromanica\/wp-content\/uploads\/usu857\/2018\/12\/IMG_20181114_174531-768x367.jpg 768w, https:\/\/agora.xtec.cat\/ieslaromanica\/wp-content\/uploads\/usu857\/2018\/12\/IMG_20181114_174531-1024x489.jpg 1024w\" sizes=\"auto, (max-width: 1883px) 100vw, 1883px\" \/><\/a><\/p>\n<div dir=\"auto\">Text: Xavier Ma\u00f1es<\/div>\n<div dir=\"auto\"><\/div>\n<div dir=\"auto\" style=\"text-align: justify;\">El passat 14 de novembre, el professorat del Departament de Filosofia del nostre centre va acompanyar una mostra de l&#8217;alumnat de 1r de Batxillerat i de l&#8217;optativa de Filosofia de 4t d&#8217;ESO a la Facultat de Filosofia de la Universitat de Barcelona.<\/div>\n<div dir=\"auto\"><\/div>\n<div dir=\"auto\" style=\"text-align: justify;\">L&#8217;objecte de la visita era assistir a l&#8217;acte de lliurament de premis de l&#8217;activitat de fotofilosofia, en qu\u00e8 enguany han participat 61 centres educatius de tot Catalunya, entre ells el nostre. L&#8217;alumnat premiat de La Rom\u00e0nica va rebre un diploma de part de l&#8217;organitzaci\u00f3.<\/div>\n<div dir=\"auto\"><\/div>\n<div dir=\"auto\" style=\"text-align: justify;\">L&#8217;activitat de la fotofilosofia consisteix a fer una fotografia digital que reflecteixi una pregunta filos\u00f2fica, pr\u00e8viament pensada. Pret\u00e9n apropar la filosofia a l&#8217;alumnat, aprofitant les noves tecnologies.<\/div>\n<div dir=\"auto\"><\/div>\n<div dir=\"auto\" style=\"text-align: justify;\">Enguany, ha estat el primer any que l&#8217;Institut La Rom\u00e0nica s&#8217;ha sumat a aquesta activitat. Properament, es penjaran les fotofilosofies guanyadores en un plaf\u00f3 del vest\u00edbul del centre, perqu\u00e8 tothom pugui gaudir de la gran tasca produ\u00efda.<\/div>\n<div dir=\"auto\" style=\"text-align: justify;\"><\/div>\n<h5 dir=\"auto\" style=\"text-align: justify;\">Moltes gr\u00e0cies i l&#8217;enhorabona a tot l&#8217;alumnat participant!!<\/h5>\n","protected":false},"excerpt":{"rendered":"<p><a href=\"https:\/\/agora.xtec.cat\/ieslaromanica\/wp-content\/uploads\/usu857\/2018\/12\/IMG_20181114_174531.jpg\"><\/a><br \/>\nText: Xavier Ma\u00f1es<\/p>\n<p>El passat 14 de novembre, el professorat del Departament de Filosofia del nostre centre va acompanyar una mostra de l&#8217;alumnat de 1r de Batxillerat i de l&#8217;optativa de Filosofia de 4t d&#8217;ESO a la Facultat de Filosofia de la Universitat de Barcelona.<\/p>\n<p>L&#8217;objecte&hellip;  <a href=\"https:\/\/agora.xtec.cat\/ieslaromanica\/general\/saps-que-es-una-fotofilosofia\/\" title=\"Read Saps qu\u00e8 \u00e9s una fotofilosofia?\">Llegeix m\u00e9s\u00bb<\/a><\/p>\n","protected":false},"author":3,"featured_media":13992,"comment_status":"open","ping_status":"closed","sticky":false,"template":"","format":"standard","meta":{"_bbp_topic_count":0,"_bbp_reply_count":0,"_bbp_total_topic_count":0,"_bbp_total_reply_count":0,"_bbp_voice_count":0,"_bbp_anonymous_reply_count":0,"_bbp_topic_count_hidden":0,"_bbp_reply_count_hidden":0,"_bbp_forum_subforum_count":0,"footnotes":""},"categories":[72,8,3,7,1,29],"tags":[230,229],"class_list":["post-13995","post","type-post","status-publish","format-standard","has-post-thumbnail","hentry","category-1-batx","category-batxillerat","category-eso","category-eso-4","category-general","category-portada","tag-departament-de-filosofia","tag-fotofilosofia"],"post_mailing_queue_ids":[],"_links":{"self":[{"href":"https:\/\/agora.xtec.cat\/ieslaromanica\/wp-json\/wp\/v2\/posts\/13995","targetHints":{"allow":["GET"]}}],"collection":[{"href":"https:\/\/agora.xtec.cat\/ieslaromanica\/wp-json\/wp\/v2\/posts"}],"about":[{"href":"https:\/\/agora.xtec.cat\/ieslaromanica\/wp-json\/wp\/v2\/types\/post"}],"author":[{"embeddable":true,"href":"https:\/\/agora.xtec.cat\/ieslaromanica\/wp-json\/wp\/v2\/users\/3"}],"replies":[{"embeddable":true,"href":"https:\/\/agora.xtec.cat\/ieslaromanica\/wp-json\/wp\/v2\/comments?post=13995"}],"version-history":[{"count":3,"href":"https:\/\/agora.xtec.cat\/ieslaromanica\/wp-json\/wp\/v2\/posts\/13995\/revisions"}],"predecessor-version":[{"id":14005,"href":"https:\/\/agora.xtec.cat\/ieslaromanica\/wp-json\/wp\/v2\/posts\/13995\/revisions\/14005"}],"wp:featuredmedia":[{"embeddable":true,"href":"https:\/\/agora.xtec.cat\/ieslaromanica\/wp-json\/wp\/v2\/media\/13992"}],"wp:attachment":[{"href":"https:\/\/agora.xtec.cat\/ieslaromanica\/wp-json\/wp\/v2\/media?parent=13995"}],"wp:term":[{"taxonomy":"category","embeddable":true,"href":"https:\/\/agora.xtec.cat\/ieslaromanica\/wp-json\/wp\/v2\/categories?post=13995"},{"taxonomy":"post_tag","embeddable":true,"href":"https:\/\/agora.xtec.cat\/ieslaromanica\/wp-json\/wp\/v2\/tags?post=13995"}],"curies":[{"name":"wp","href":"https:\/\/api.w.org\/{rel}","templated":true}]}}