{"id":13904,"date":"2019-09-04T19:39:43","date_gmt":"2019-09-04T17:39:43","guid":{"rendered":"http:\/\/agora.xtec.cat\/ieslaromanica\/?p=13904"},"modified":"2023-04-26T13:07:47","modified_gmt":"2023-04-26T11:07:47","slug":"projecte-de-georeferenciacio-de-llocs-de-memoria-historica-mobile-history-map","status":"publish","type":"post","link":"https:\/\/agora.xtec.cat\/ieslaromanica\/general\/projecte-de-georeferenciacio-de-llocs-de-memoria-historica-mobile-history-map\/","title":{"rendered":"Projecte de Georeferenciaci\u00f3 de Llocs de mem\u00f2ria hist\u00f2rica (Mobile History Map)"},"content":{"rendered":"<p style=\"text-align: center;\">\n<h5 style=\"text-align: center;\">L&#8217;enhorabona a tot el grup de 4B per la feina ben feta!<\/h5>\n<p>&nbsp;<\/p>\n<p style=\"text-align: justify;\">Us presentem, amb molta il\u00b7lusi\u00f3, el Projecte de Georeferenciaci\u00f3 de Llocs de Mem\u00f2ria Hist\u00f2rica que va dur a terme 4B, durant tot el curs 2018\/2019, des de les Ci\u00e8ncies Socials.<\/p>\n<p style=\"text-align: justify;\">Aquest, \u00e9s un projecte que forma part de la plataforma <strong>mSchools<\/strong> i el <strong>Mobile World Capital<\/strong> del <strong>Departament d&#8217;Ensenyament<\/strong>, a trav\u00e9s de l&#8217;aplicaci\u00f3 <strong>Mobile History Map<\/strong>.<\/p>\n<p style=\"text-align: justify;\">Ha estat un repte, tant per al grup de 4B com per a la seva professora d&#8217;Hist\u00f2ria (jo mateixa), el fet de tirar-lo endavant, per diverses raons. S&#8217;han dedicat, aproximadament, 34 hores del curs a aquest projecte, per\u00f2 els esfor\u00e7os i els resultats creiem que prou s&#8217;ho valen. Des d&#8217;aqu\u00ed, volem recon\u00e8ixer p\u00fablicament l&#8217;esfor\u00e7 i la v\u00e0lua del grup-classe.<\/p>\n<p style=\"text-align: justify;\">El projecte ha estat l&#8217;excusa perfecte per aprendre a investigar, a treballar en equip i a organitzar-se, a georeferenciar en un mapa hist\u00f2ric, a sintetitzar idees, a elaborar eixos cronol\u00f2gics <em>on line,<\/em> a crear galeries d&#8217;imatges i, per sobre de tot, a traslladar el proc\u00e9s d&#8217;aprenentatge fora de les parets del nostre institut.<\/p>\n<p style=\"text-align: justify;\">Aqu\u00ed i ara us en fem un resum, per\u00f2 qui estigui interessat en la part t\u00e8cnica i organitzativa, pot consultar l&#8217;apartat Projectes de la p\u00e0gina web, on apareix m\u00e9s desenvolupat el projecte i tamb\u00e9 on podreu accedir als espais georeferenciats, a les aportacions fetes per l&#8217;alumnat i a totes les entrevistes enregistrades en v\u00eddeo. Aqu\u00ed teniu l&#8217;enlla\u00e7:<\/p>\n<p style=\"text-align: center;\"><a href=\"https:\/\/agora.xtec.cat\/ieslaromanica\/projectes\/georeferenciacio-de-llocs-de-memoria-historia\/\">https:\/\/agora.xtec.cat\/ieslaromanica\/projectes\/georeferenciacio-de-llocs-de-memoria-historia\/<\/a><\/p>\n<p style=\"text-align: justify;\">La <strong>idea inicial,<\/strong> en el moment d\u2019incorporar-nos al projecte, va ser la de treballar els \u201cLlocs de mem\u00f2ria hist\u00f2rica a Barber\u00e0 del Vall\u00e8s\u201d, amb l\u2019objectiu d\u2019endinsar-nos en la hist\u00f2ria local a trav\u00e9s, sobre tot, de la hist\u00f2ria oral i la mem\u00f2ria hist\u00f2rica. En aquesta captura de pantalla podeu veure la georeferenciaci\u00f3 de l&#8217;institut la Rom\u00e0nica i dels sis elements patrimonials geolocalitzats durant el projecte:<\/p>\n<p>&nbsp;<\/p>\n<p style=\"text-align: center;\"><a href=\"https:\/\/agora.xtec.cat\/ieslaromanica\/wp-content\/uploads\/usu857\/2019\/06\/georeferenciacions.png\"><img loading=\"lazy\" decoding=\"async\" class=\"alignnone size-full wp-image-15039\" src=\"https:\/\/agora.xtec.cat\/ieslaromanica\/wp-content\/uploads\/usu857\/2019\/06\/georeferenciacions.png\" alt=\"\" width=\"807\" height=\"563\" srcset=\"https:\/\/agora.xtec.cat\/ieslaromanica\/wp-content\/uploads\/usu857\/2019\/06\/georeferenciacions.png 807w, https:\/\/agora.xtec.cat\/ieslaromanica\/wp-content\/uploads\/usu857\/2019\/06\/georeferenciacions-300x209.png 300w, https:\/\/agora.xtec.cat\/ieslaromanica\/wp-content\/uploads\/usu857\/2019\/06\/georeferenciacions-768x536.png 768w\" sizes=\"auto, (max-width: 807px) 100vw, 807px\" \/><\/a><\/p>\n<p style=\"text-align: justify;\">Les<strong> Compet\u00e8ncies B\u00e0siques<\/strong> treballades s&#8217;han centrat en promoure compet\u00e8ncies b\u00e0siques de diversos \u00e0mbits, com el social, el ling\u00fc\u00edstic, el digital i el personal i social.<\/p>\n<p style=\"text-align: justify;\">El Projecte Mobile History Map forma part de la <strong>programaci\u00f3<\/strong> de l\u2019\u00c0mbit Social de 4t d\u2019ESO (4B) i ha passat a complementar les activitats que ja fa l&#8217;alumnat de 4t d&#8217;ESO, referides a la de recerca hist\u00f2rica a trav\u00e9s de fonts prim\u00e0ries orals, fent entrevistes a la gent gran del nostre municipi i relacionant els fets que els expliquin amb els continguts hist\u00f2rics treballats (pol\u00edtics, econ\u00f2mics, demogr\u00e0fics, socials, culturals&#8230;).<\/p>\n<p style=\"text-align: justify;\">Van participar en el projecte un total de 27 alumnes de 4B, dividits en 6 grups de treball, \u00e9s a dir, que la metodologia del projecte s&#8217;ha bastat en el <strong>treball cooperatiu<\/strong>.<\/p>\n<p style=\"text-align: justify;\">En quan als <strong>objectius<\/strong>, com que no volem avorrir-vos, nom\u00e9s us direm que vam fer nostres els objectius de mSchools i del projecte Llocs de mem\u00f2ria del Mobile History Map, a m\u00e9s a m\u00e9s dels dissenyats espec\u00edficament per la professora per aquest projecte, tant curriculars com metodol\u00f2gics, a l&#8217;entorn de promoure el treball cooperatiu, fomentar la utilitzaci\u00f3 de les noves tecnologies, aplicar les compet\u00e8ncies digitals a les ci\u00e8ncies socials i a la recerca hist\u00f2rica i utilitzar els espais de mem\u00f2ria hist\u00f2rica com a element d\u2019an\u00e0lisi i de coneixement social.<\/p>\n<p>La<strong> temporitzaci\u00f3 <\/strong>del projecte ha cobert tot el curs:<\/p>\n<ul>\n<li style=\"list-style-type: none;\">\n<ul>\n<li style=\"text-align: justify;\">Al<strong> primer trimestre<\/strong> \u00e9s quan es van marcar els eixos de projecte, es van crear i registrar els grups de treball cooperatiu i es va haver de dur a terme una activitat per con\u00e8ixer l&#8217;aplicaci\u00f3 que utilitzar\u00edem durant tot el projecte, \u00e9s a dir, el Mobile History Map. D&#8217;aquesta primera fase va sortir com a resultat final la georeferenciaci\u00f3 del nostre institut amb una presentaci\u00f3 escrita i un v\u00eddeo de presentaci\u00f3 de <strong>menys d&#8217;un minut<\/strong>. Tot i la seva brevetat, ha estat tot un repte, tant per la seva preparaci\u00f3 i gravaci\u00f3 com l&#8217;edici\u00f3. Aqu\u00ed el teniu:<\/li>\n<\/ul>\n<\/li>\n<\/ul>\n<p>https:\/\/youtu.be\/WS9paabM9MU<\/p>\n<ul>\n<li style=\"list-style-type: none;\">\n<ul>\n<li style=\"text-align: justify;\">Per al <strong>segon trimestre<\/strong>, cada grup va escollir un element del nostre patrimoni per a treballar-lo. Tres elements patrimonials s\u00f3n d&#8217;\u00e8poca d\u2019\u00e8poca medieval i tres d&#8217;\u00e8poca contempor\u00e0nia. Cada grup va dur a terme un treball de recerca bibliogr\u00e0fica i a trav\u00e9s d&#8217;Internet, aix\u00ed com el treball a trav\u00e9s de fonts prim\u00e0ries orals, a trav\u00e9s d\u2019entrevistes a persones vinculades amb aquests elements patrimonials. Aqu\u00ed teniu, com a tastet, una galeria d&#8217;imatges de les entrevistes:<\/li>\n<\/ul>\n<\/li>\n<\/ul>\n<p style=\"text-align: center;\">\r\n\t<div class=\"slideshow_container slideshow_container_style-light\" style=\"height: 700px; \" data-slideshow-id=\"15035\" data-style-name=\"style-light\" data-style-version=\"2.3.1\" >\r\n\r\n\t\t\t\t\t<div class=\"slideshow_loading_icon\"><\/div>\r\n\t\t\r\n\t\t<div class=\"slideshow_content\" style=\"display: none;\">\r\n\r\n\t\t\t<div class=\"slideshow_view\">\r\n\t\t\t\t<div class=\"slideshow_slide slideshow_slide_image\">\r\n\t\t\t\t\t\t\t\t\t\t\t<img src=\"https:\/\/agora.xtec.cat\/ieslaromanica\/wp-content\/uploads\/usu857\/2019\/06\/20190411_190355.jpg\" alt=\"20190411_190355\" width=\"1288\" height=\"966\" \/>\r\n\t\t\t\t\t\t\t\t\t\t<div class=\"slideshow_description_box slideshow_transparent\">\r\n\t\t\t\t\t\t\t\t\t\t\t\t\t\t\t\t\t<\/div>\r\n\t\t\t\t<\/div>\r\n\r\n\t\t\t\t\t\t<div style=\"clear: both;\"><\/div><\/div><div class=\"slideshow_view\">\r\n\t\t\t\t<div class=\"slideshow_slide slideshow_slide_image\">\r\n\t\t\t\t\t\t\t\t\t\t\t<img src=\"https:\/\/agora.xtec.cat\/ieslaromanica\/wp-content\/uploads\/usu857\/2019\/06\/20190411_200736.jpg\" alt=\"20190411_200736\" width=\"1288\" height=\"966\" \/>\r\n\t\t\t\t\t\t\t\t\t\t<div class=\"slideshow_description_box slideshow_transparent\">\r\n\t\t\t\t\t\t\t\t\t\t\t\t\t\t\t\t\t<\/div>\r\n\t\t\t\t<\/div>\r\n\r\n\t\t\t\t\t\t<div style=\"clear: both;\"><\/div><\/div><div class=\"slideshow_view\">\r\n\t\t\t\t<div class=\"slideshow_slide slideshow_slide_image\">\r\n\t\t\t\t\t\t\t\t\t\t\t<img src=\"https:\/\/agora.xtec.cat\/ieslaromanica\/wp-content\/uploads\/usu857\/2019\/06\/20190411_171056.jpg\" alt=\"20190411_171056\" width=\"1288\" height=\"966\" \/>\r\n\t\t\t\t\t\t\t\t\t\t<div class=\"slideshow_description_box slideshow_transparent\">\r\n\t\t\t\t\t\t\t\t\t\t\t\t\t\t\t\t\t<\/div>\r\n\t\t\t\t<\/div>\r\n\r\n\t\t\t\t\t\t<div style=\"clear: both;\"><\/div><\/div><div class=\"slideshow_view\">\r\n\t\t\t\t<div class=\"slideshow_slide slideshow_slide_image\">\r\n\t\t\t\t\t\t\t\t\t\t\t<img src=\"https:\/\/agora.xtec.cat\/ieslaromanica\/wp-content\/uploads\/usu857\/2019\/06\/20190430_124713.jpg\" alt=\"20190430_124713\" width=\"1288\" height=\"966\" \/>\r\n\t\t\t\t\t\t\t\t\t\t<div class=\"slideshow_description_box slideshow_transparent\">\r\n\t\t\t\t\t\t\t\t\t\t\t\t\t\t\t\t\t<\/div>\r\n\t\t\t\t<\/div>\r\n\r\n\t\t\t\t\t\t<div style=\"clear: both;\"><\/div><\/div><div class=\"slideshow_view\">\r\n\t\t\t\t<div class=\"slideshow_slide slideshow_slide_image\">\r\n\t\t\t\t\t\t\t\t\t\t\t<img src=\"https:\/\/agora.xtec.cat\/ieslaromanica\/wp-content\/uploads\/usu857\/2019\/06\/20190426_172529.jpg\" alt=\"20190426_172529\" width=\"1280\" height=\"768\" \/>\r\n\t\t\t\t\t\t\t\t\t\t<div class=\"slideshow_description_box slideshow_transparent\">\r\n\t\t\t\t\t\t\t\t\t\t\t\t\t\t\t\t\t<\/div>\r\n\t\t\t\t<\/div>\r\n\r\n\t\t\t\t\t\t<div style=\"clear: both;\"><\/div><\/div><div class=\"slideshow_view\">\r\n\t\t\t\t<div class=\"slideshow_slide slideshow_slide_image\">\r\n\t\t\t\t\t\t\t\t\t\t\t<img src=\"https:\/\/agora.xtec.cat\/ieslaromanica\/wp-content\/uploads\/usu857\/2019\/06\/20190426_171942.jpg\" alt=\"20190426_171942\" width=\"1280\" height=\"768\" \/>\r\n\t\t\t\t\t\t\t\t\t\t<div class=\"slideshow_description_box slideshow_transparent\">\r\n\t\t\t\t\t\t\t\t\t\t\t\t\t\t\t\t\t<\/div>\r\n\t\t\t\t<\/div>\r\n\r\n\t\t\t\t\t\t<div style=\"clear: both;\"><\/div><\/div><div class=\"slideshow_view\">\r\n\t\t\t\t<div class=\"slideshow_slide slideshow_slide_image\">\r\n\t\t\t\t\t\t\t\t\t\t\t<img src=\"https:\/\/agora.xtec.cat\/ieslaromanica\/wp-content\/uploads\/usu857\/2019\/06\/20190416_125753.jpg\" alt=\"20190416_125753\" width=\"1288\" height=\"966\" \/>\r\n\t\t\t\t\t\t\t\t\t\t<div class=\"slideshow_description_box slideshow_transparent\">\r\n\t\t\t\t\t\t\t\t\t\t\t\t\t\t\t\t\t<\/div>\r\n\t\t\t\t<\/div>\r\n\r\n\t\t\t\t\t\t<div style=\"clear: both;\"><\/div><\/div><div class=\"slideshow_view\">\r\n\t\t\t\t<div class=\"slideshow_slide slideshow_slide_image\">\r\n\t\t\t\t\t\t\t\t\t\t\t<img src=\"https:\/\/agora.xtec.cat\/ieslaromanica\/wp-content\/uploads\/usu857\/2019\/06\/20190416_191511.jpg\" alt=\"20190416_191511\" width=\"1288\" height=\"966\" \/>\r\n\t\t\t\t\t\t\t\t\t\t<div class=\"slideshow_description_box slideshow_transparent\">\r\n\t\t\t\t\t\t\t\t\t\t\t\t\t\t\t\t\t<\/div>\r\n\t\t\t\t<\/div>\r\n\r\n\t\t\t\t\t\t<div style=\"clear: both;\"><\/div><\/div><div class=\"slideshow_view\">\r\n\t\t\t\t<div class=\"slideshow_slide slideshow_slide_image\">\r\n\t\t\t\t\t\t\t\t\t\t\t<img src=\"https:\/\/agora.xtec.cat\/ieslaromanica\/wp-content\/uploads\/usu857\/2019\/06\/20190415_115216.jpg\" alt=\"20190415_115216\" width=\"1288\" height=\"966\" \/>\r\n\t\t\t\t\t\t\t\t\t\t<div class=\"slideshow_description_box slideshow_transparent\">\r\n\t\t\t\t\t\t\t\t\t\t\t\t\t\t\t\t\t<\/div>\r\n\t\t\t\t<\/div>\r\n\r\n\t\t\t\t\t\t<div style=\"clear: both;\"><\/div><\/div><div class=\"slideshow_view\">\r\n\t\t\t\t<div class=\"slideshow_slide slideshow_slide_image\">\r\n\t\t\t\t\t\t\t\t\t\t\t<img src=\"https:\/\/agora.xtec.cat\/ieslaromanica\/wp-content\/uploads\/usu857\/2019\/06\/20190412_084147.jpg\" alt=\"20190412_084147\" width=\"1288\" height=\"966\" \/>\r\n\t\t\t\t\t\t\t\t\t\t<div class=\"slideshow_description_box slideshow_transparent\">\r\n\t\t\t\t\t\t\t\t\t\t\t\t\t\t\t\t\t<\/div>\r\n\t\t\t\t<\/div>\r\n\r\n\t\t\t\t\t\t<div style=\"clear: both;\"><\/div><\/div>\r\n\t\t<\/div>\r\n\r\n\t\t<div class=\"slideshow_controlPanel slideshow_transparent\" style=\"display: none;\"><ul><li class=\"slideshow_togglePlay\" data-play-text=\"Visualitza\" data-pause-text=\"Pausa\"><\/li><\/ul><\/div>\r\n\r\n\t\t<div class=\"slideshow_button slideshow_previous slideshow_transparent\" role=\"button\" data-previous-text=\"Anterior\" style=\"display: none;\"><\/div>\r\n\t\t<div class=\"slideshow_button slideshow_next slideshow_transparent\" role=\"button\" data-next-text=\"Seg\u00fcent\" style=\"display: none;\"><\/div>\r\n\r\n\t\t<div class=\"slideshow_pagination\" style=\"display: none;\" data-go-to-text=\"V\u00e9s a la diapositiva\"><div class=\"slideshow_pagination_center\"><\/div><\/div>\r\n\r\n\t\t<!-- WordPress Slideshow Version 2.3.1 -->\r\n\r\n\t\t\t<\/div>\r\n\r\n<\/p>\n<p>&nbsp;<\/p>\n<ul>\n<li style=\"list-style-type: none; text-align: center;\">\n<ul>\n<li style=\"text-align: justify;\">Per al <strong>tercer trimestre <\/strong>es va dur a terme la part m\u00e9s complexa i t\u00e8cnica d&#8217;elaboraci\u00f3 de les Aportacions que se&#8217;ns indicaven a les instruccions d\u2019aquest projecte. Calia elaborar de cada element patrimonial, primerament, un text resumint la seva hist\u00f2ria, caracter\u00edstiques formals i usos al llarg de la hist\u00f2ria; a continuaci\u00f3 fer una o m\u00e9s entrevistes a persones relacionades amb el lloc de mem\u00f2ria escollit, per tal d&#8217;obtenir informacions de fonts prim\u00e0ries orals i, en el nostre cas, enregistrar en \u00e0udio i v\u00eddeo; tamb\u00e9 es va haver d&#8217;elaborar un eix cronol\u00f2gic amb tecnologia digital <em>on-line<\/em>; seguidament fer recerca d&#8217;aportacions d&#8217;altres persones i citar-ne correctament les fonts; i, per \u00faltim, van elaborar altres materials per enriquir el resultat final, com enquestes a la poblaci\u00f3, cerca de documentaci\u00f3, crear galeries d&#8217;imatges&#8230; i, una vegada acabat el projecte, van presentar cada grup a la resta de companys i companyes el seu proc\u00e9s de treball, els resultats obtinguts i van fer-ne una valoraci\u00f3. A continuaci\u00f3, teniu una galeria d&#8217;imatges de les presentacions i del proc\u00e9s de gravaci\u00f3 de les entrevistes. Per finalitzar el projecte, tal i com se&#8217;ns demanava, vam dur a terme l&#8217;organitzaci\u00f3, enregistrament i edici\u00f3 d&#8217;un v\u00eddeo que ho resum\u00eds tot, que podreu veure al final de l&#8217;article.<\/li>\n<\/ul>\n<\/li>\n<\/ul>\n<p style=\"text-align: center;\">\r\n\t<div class=\"slideshow_container slideshow_container_style-light\" style=\"height: 500px; \" data-slideshow-id=\"15034\" data-style-name=\"style-light\" data-style-version=\"2.3.1\" >\r\n\r\n\t\t\t\t\t<div class=\"slideshow_loading_icon\"><\/div>\r\n\t\t\r\n\t\t<div class=\"slideshow_content\" style=\"display: none;\">\r\n\r\n\t\t\t<div class=\"slideshow_view\">\r\n\t\t\t\t<div class=\"slideshow_slide slideshow_slide_image\">\r\n\t\t\t\t\t\t\t\t\t\t\t<img src=\"https:\/\/agora.xtec.cat\/ieslaromanica\/wp-content\/uploads\/usu857\/2019\/06\/20190426_171959.jpg\" alt=\"20190426_171959\" width=\"1280\" height=\"768\" \/>\r\n\t\t\t\t\t\t\t\t\t\t<div class=\"slideshow_description_box slideshow_transparent\">\r\n\t\t\t\t\t\t\t\t\t\t\t\t\t\t\t\t\t<\/div>\r\n\t\t\t\t<\/div>\r\n\r\n\t\t\t\t\t\t<div style=\"clear: both;\"><\/div><\/div><div class=\"slideshow_view\">\r\n\t\t\t\t<div class=\"slideshow_slide slideshow_slide_image\">\r\n\t\t\t\t\t\t\t\t\t\t\t<img src=\"https:\/\/agora.xtec.cat\/ieslaromanica\/wp-content\/uploads\/usu857\/2019\/06\/20190528_111323.jpg\" alt=\"20190528_111323\" width=\"1280\" height=\"768\" \/>\r\n\t\t\t\t\t\t\t\t\t\t<div class=\"slideshow_description_box slideshow_transparent\">\r\n\t\t\t\t\t\t\t\t\t\t\t\t\t\t\t\t\t<\/div>\r\n\t\t\t\t<\/div>\r\n\r\n\t\t\t\t\t\t<div style=\"clear: both;\"><\/div><\/div><div class=\"slideshow_view\">\r\n\t\t\t\t<div class=\"slideshow_slide slideshow_slide_image\">\r\n\t\t\t\t\t\t\t\t\t\t\t<img src=\"https:\/\/agora.xtec.cat\/ieslaromanica\/wp-content\/uploads\/usu857\/2019\/06\/20190527_085223.jpg\" alt=\"20190527_085223\" width=\"1280\" height=\"768\" \/>\r\n\t\t\t\t\t\t\t\t\t\t<div class=\"slideshow_description_box slideshow_transparent\">\r\n\t\t\t\t\t\t\t\t\t\t\t\t\t\t\t\t\t<\/div>\r\n\t\t\t\t<\/div>\r\n\r\n\t\t\t\t\t\t<div style=\"clear: both;\"><\/div><\/div><div class=\"slideshow_view\">\r\n\t\t\t\t<div class=\"slideshow_slide slideshow_slide_image\">\r\n\t\t\t\t\t\t\t\t\t\t\t<img src=\"https:\/\/agora.xtec.cat\/ieslaromanica\/wp-content\/uploads\/usu857\/2019\/06\/20190517_145308.jpg\" alt=\"20190517_145308\" width=\"1280\" height=\"768\" \/>\r\n\t\t\t\t\t\t\t\t\t\t<div class=\"slideshow_description_box slideshow_transparent\">\r\n\t\t\t\t\t\t\t\t\t\t\t\t\t\t\t\t\t<\/div>\r\n\t\t\t\t<\/div>\r\n\r\n\t\t\t\t\t\t<div style=\"clear: both;\"><\/div><\/div><div class=\"slideshow_view\">\r\n\t\t\t\t<div class=\"slideshow_slide slideshow_slide_image\">\r\n\t\t\t\t\t\t\t\t\t\t\t<img src=\"https:\/\/agora.xtec.cat\/ieslaromanica\/wp-content\/uploads\/usu857\/2019\/06\/20190517_141552.jpg\" alt=\"20190517_141552\" width=\"1280\" height=\"768\" \/>\r\n\t\t\t\t\t\t\t\t\t\t<div class=\"slideshow_description_box slideshow_transparent\">\r\n\t\t\t\t\t\t\t\t\t\t\t\t\t\t\t\t\t<\/div>\r\n\t\t\t\t<\/div>\r\n\r\n\t\t\t\t\t\t<div style=\"clear: both;\"><\/div><\/div><div class=\"slideshow_view\">\r\n\t\t\t\t<div class=\"slideshow_slide slideshow_slide_image\">\r\n\t\t\t\t\t\t\t\t\t\t\t<img src=\"https:\/\/agora.xtec.cat\/ieslaromanica\/wp-content\/uploads\/usu857\/2019\/06\/20190521_091114.jpg\" alt=\"20190521_091114\" width=\"1280\" height=\"768\" \/>\r\n\t\t\t\t\t\t\t\t\t\t<div class=\"slideshow_description_box slideshow_transparent\">\r\n\t\t\t\t\t\t\t\t\t\t\t\t\t\t\t\t\t<\/div>\r\n\t\t\t\t<\/div>\r\n\r\n\t\t\t\t\t\t<div style=\"clear: both;\"><\/div><\/div><div class=\"slideshow_view\">\r\n\t\t\t\t<div class=\"slideshow_slide slideshow_slide_image\">\r\n\t\t\t\t\t\t\t\t\t\t\t<img src=\"https:\/\/agora.xtec.cat\/ieslaromanica\/wp-content\/uploads\/usu857\/2019\/06\/20190517_143748.jpg\" alt=\"20190517_143748\" width=\"1280\" height=\"768\" \/>\r\n\t\t\t\t\t\t\t\t\t\t<div class=\"slideshow_description_box slideshow_transparent\">\r\n\t\t\t\t\t\t\t\t\t\t\t\t\t\t\t\t\t<\/div>\r\n\t\t\t\t<\/div>\r\n\r\n\t\t\t\t\t\t<div style=\"clear: both;\"><\/div><\/div><div class=\"slideshow_view\">\r\n\t\t\t\t<div class=\"slideshow_slide slideshow_slide_image\">\r\n\t\t\t\t\t\t\t\t\t\t\t<img src=\"https:\/\/agora.xtec.cat\/ieslaromanica\/wp-content\/uploads\/usu857\/2019\/06\/20190517_145210.jpg\" alt=\"20190517_145210\" width=\"1280\" height=\"768\" \/>\r\n\t\t\t\t\t\t\t\t\t\t<div class=\"slideshow_description_box slideshow_transparent\">\r\n\t\t\t\t\t\t\t\t\t\t\t\t\t\t\t\t\t<\/div>\r\n\t\t\t\t<\/div>\r\n\r\n\t\t\t\t\t\t<div style=\"clear: both;\"><\/div><\/div><div class=\"slideshow_view\">\r\n\t\t\t\t<div class=\"slideshow_slide slideshow_slide_image\">\r\n\t\t\t\t\t\t\t\t\t\t\t<img src=\"https:\/\/agora.xtec.cat\/ieslaromanica\/wp-content\/uploads\/usu857\/2019\/06\/20190517_142647.jpg\" alt=\"20190517_142647\" width=\"1280\" height=\"768\" \/>\r\n\t\t\t\t\t\t\t\t\t\t<div class=\"slideshow_description_box slideshow_transparent\">\r\n\t\t\t\t\t\t\t\t\t\t\t\t\t\t\t\t\t<\/div>\r\n\t\t\t\t<\/div>\r\n\r\n\t\t\t\t\t\t<div style=\"clear: both;\"><\/div><\/div>\r\n\t\t<\/div>\r\n\r\n\t\t<div class=\"slideshow_controlPanel slideshow_transparent\" style=\"display: none;\"><ul><li class=\"slideshow_togglePlay\" data-play-text=\"Visualitza\" data-pause-text=\"Pausa\"><\/li><\/ul><\/div>\r\n\r\n\t\t<div class=\"slideshow_button slideshow_previous slideshow_transparent\" role=\"button\" data-previous-text=\"Anterior\" style=\"display: none;\"><\/div>\r\n\t\t<div class=\"slideshow_button slideshow_next slideshow_transparent\" role=\"button\" data-next-text=\"Seg\u00fcent\" style=\"display: none;\"><\/div>\r\n\r\n\t\t<div class=\"slideshow_pagination\" style=\"display: none;\" data-go-to-text=\"V\u00e9s a la diapositiva\"><div class=\"slideshow_pagination_center\"><\/div><\/div>\r\n\r\n\t\t<!-- WordPress Slideshow Version 2.3.1 -->\r\n\r\n\t\t\t<\/div>\r\n\r\n<\/p>\n<p style=\"text-align: justify;\">Durant el projecte, hem gaudit de diverses<strong> col\u00b7laboracions.<\/strong> De totes elles n&#8217;estem molt agra\u00efts i agra\u00efdes:<\/p>\n<ul style=\"text-align: justify;\">\n<li><strong>Persones entrevistades<\/strong>: La col\u00b7laboraci\u00f3 ha estat extraordin\u00e0ria. Gr\u00e0cies!<\/li>\n<li><strong>Associaci\u00f3 d\u2019Hist\u00f2ria de Barber\u00e0 del Vall\u00e8s<\/strong>: ha assessorat l\u2019alumnat sobre els elements patrimonials a treballar, ha ofert els contactes per a localitzar persones per a ser entrevistades relacionades amb cada element patrimonial i he posat el meu granet de sorra entrevistant-me com a membre de l\u2019entitat.<\/li>\n<li><strong>Ajuntament de Barber\u00e0 del Vall\u00e8s<\/strong>: ha ofert el contacte per a poder entrevistar a una de les persones i en ha perm\u00e8s l\u2019acc\u00e9s a un dels edificis patrimonials per poder fer un dels enregistraments.<\/li>\n<\/ul>\n<p style=\"text-align: justify;\"><strong>Com hem avaluat?<br \/>\n<\/strong><\/p>\n<ul style=\"text-align: justify;\">\n<li>S&#8217;ha compaginat l&#8217;avaluaci\u00f3 formativa i formadora, a trav\u00e9s de l&#8217;observaci\u00f3 i el <em>feedback <\/em>per part de la professora, tot introduint millores constants en el proc\u00e9s d&#8217;aprenentatge per part dels grups.<\/li>\n<li>S&#8217;ha avaluat el proc\u00e9s de recerca, les entrevistes (fonts orals), les aportacions al Mobile History Map i la presentaci\u00f3 de tot el proc\u00e9s de treball i resultats als companys i companyes, a partir de l&#8217;eina de les r\u00fabriques (tant de moda \u00faltimament) de seguiment, autoavaluaci\u00f3 i coavaluaci\u00f3.<\/li>\n<\/ul>\n<p style=\"text-align: justify;\">I, per \u00faltim, us fem cinc c\u00e8ntims de quins han estat els <strong>llocs de mem\u00f2ria <\/strong>treballats:<strong><br \/>\n<\/strong><\/p>\n<ul style=\"text-align: justify;\">\n<li><strong>Grup 1: La Cooperativa Agr\u00edcola de Barber\u00e0 del Vall\u00e8s (segle XX):<\/strong> Han pogut con\u00e8ixer el qu\u00e8 va ser l\u00b4\u00e0nima d&#8217;un poble agr\u00edcola com el nostre, durant d\u00e8cades. Van rebre la col\u00b7laboraci\u00f3 de l\u2019Associaci\u00f3 d\u2019Hist\u00f2ria de Barber\u00e0, assessorant-los sobre la recerca i aportant el contacte amb la persona entrevistada, en Joan Gallego Moliner, fill dels conserges de l\u2019entitat cap els anys 50 i 60, un dels coneixedors de la hist\u00f2ria local m\u00e9s importants del nostre municipi.<\/li>\n<li><strong>Grup 2: La Torre d\u2019En Gorgs (segle X):<\/strong> Es considera, possiblement, l&#8217;edifici m\u00e9s antic de la nostra poblaci\u00f3. Van rebre la col\u00b7laboraci\u00f3 de l\u2019Ajuntament permetent fer la gravaci\u00f3 dins els jardins de l\u2019espai georeferenciat i de l\u2019AHB amb informacions. Van poder entrevistar a Carme Rif\u00e0, filla dels masovers de la pairalia cap als anys 50 i 60, on hi va n\u00e9ixer i cr\u00e9ixer.<\/li>\n<li><strong>Grup 3: El Castell de Barber\u00e0 del Vall\u00e8s (segle X):<\/strong> \u00c9s un dels elements m\u00e9s importants i desconeguts de la nostra hist\u00f2ria. Van rebre la col\u00b7laboraci\u00f3 de l\u2019Associaci\u00f3 d\u2019Hist\u00f2ria de Barber\u00e0 contactant amb la persona entrevistada, la senyora Carme Vila, filla dels darrers masovers del castell entre 1935 i 1972 i a trav\u00e9s de l\u2019entrevista a una membre de l\u2019entitat, Maria Teresa S\u00e1nchez Costa, qui ha dut a terme les dues visites guiades fetes al castell.<\/li>\n<li><strong>Grup 4: El monument a la Dona Treballadora (1995):<\/strong> Es tracta d&#8217;un grup escult\u00f2ric molt conegut de la nostre ciutat. Van rebre la<strong> c<\/strong>ol\u00b7laboraci\u00f3 de l\u2019Ajuntament de Barber\u00e0 del Vall\u00e8s aportant el contacte la persona entrevistada, en Salvador Ma\u00f1osa, l\u2019escultor del monument.<\/li>\n<li><strong>Grup 5: La parr\u00f2quia de Santa Maria de Barber\u00e0 (1951): <\/strong>esgl\u00e9sia situada al cor de la nostre ciutat, fruit del creixement demogr\u00e0fic del segle XX. Han rebut la col\u00b7laboraci\u00f3 de l\u2019Associaci\u00f3 d\u2019Hist\u00f2ria de Barber\u00e0 aportant el contacte amb la persona entrevistada, en Josep Jordi, moss\u00e8n de l\u2019esgl\u00e9sia des de 1994 fins a l\u2019actualitat.<\/li>\n<li><strong>Grup 6: L\u2019Esgl\u00e9sia Rom\u00e0nica de Barber\u00e0 del Vall\u00e8s (segle XI): <\/strong>sense cap mena de dubte, l&#8217;element patrimonial m\u00e9s emblem\u00e0tic de Barber\u00e0 del Vall\u00e8s. Van rebre la col\u00b7laboraci\u00f3 de l\u2019Associaci\u00f3 d\u2019Hist\u00f2ria de Barber\u00e0 assessorant sobre la recerca, aportant el contacte amb la persona entrevistada, en Josep Jordi, moss\u00e8n de l\u2019esgl\u00e9sia des de 1992 fins a l\u2019actualitat, i a trav\u00e9s de l\u2019entrevista a una membre de l\u2019entitat, la Maria Teresa S\u00e1nchez Costa, com a guia de esgl\u00e9sia durant el Mercat Medieval.<\/li>\n<\/ul>\n<p>Recordeu que tots els v\u00eddeos de les entrevistes fetes els trobareu a l&#8217;apartat Projectes o a l&#8217;enlla\u00e7 que us indic\u00e0vem m\u00e9s amunt en aquest article.<\/p>\n<p style=\"text-align: justify;\">No podem acabar sense agrair a un alumne i a una alumna de 4B la seva dedicaci\u00f3 i talent editant el v\u00eddeo final. Sense tots dos, no hagu\u00e9s estat possible fer-lo. S\u00f3n el David Berm\u00fadez i la N\u00faria Salas. Aqu\u00ed els teniu editant el v\u00eddeo final:<\/p>\n<p style=\"text-align: center;\"><a href=\"https:\/\/agora.xtec.cat\/ieslaromanica\/wp-content\/uploads\/usu857\/2019\/06\/20190528_135939.jpg\"><img loading=\"lazy\" decoding=\"async\" class=\"alignnone size-full wp-image-15011\" src=\"https:\/\/agora.xtec.cat\/ieslaromanica\/wp-content\/uploads\/usu857\/2019\/06\/20190528_135939.jpg\" alt=\"\" width=\"1280\" height=\"768\" srcset=\"https:\/\/agora.xtec.cat\/ieslaromanica\/wp-content\/uploads\/usu857\/2019\/06\/20190528_135939.jpg 1280w, https:\/\/agora.xtec.cat\/ieslaromanica\/wp-content\/uploads\/usu857\/2019\/06\/20190528_135939-300x180.jpg 300w, https:\/\/agora.xtec.cat\/ieslaromanica\/wp-content\/uploads\/usu857\/2019\/06\/20190528_135939-768x461.jpg 768w, https:\/\/agora.xtec.cat\/ieslaromanica\/wp-content\/uploads\/usu857\/2019\/06\/20190528_135939-1024x614.jpg 1024w\" sizes=\"auto, (max-width: 1280px) 100vw, 1280px\" \/><\/a><\/p>\n<h5 style=\"text-align: center;\"><\/h5>\n<h5 style=\"text-align: center;\">I&#8230; aqu\u00ed teniu el v\u00eddeo final:<\/h5>\n<p>https:\/\/youtu.be\/ZoQASxaSgwM<\/p>\n<p>&nbsp;<\/p>\n<h5 style=\"text-align: center;\">L&#8217;ENHORABONA!<\/h5>\n<h5 style=\"text-align: center;\">Heu estat un grup genial!<\/h5>\n","protected":false},"excerpt":{"rendered":"<p>L&#8217;enhorabona a tot el grup de 4B per la feina ben feta!<br \/>\n&nbsp;<br \/>\nUs presentem, amb molta il\u00b7lusi\u00f3, el Projecte de Georeferenciaci\u00f3 de Llocs de Mem\u00f2ria Hist\u00f2rica que va dur a terme 4B, durant tot el curs 2018\/2019, des de les Ci\u00e8ncies Socials.<br \/>\nAquest, \u00e9s un projecte que&hellip;  <a href=\"https:\/\/agora.xtec.cat\/ieslaromanica\/general\/projecte-de-georeferenciacio-de-llocs-de-memoria-historica-mobile-history-map\/\" title=\"Read Projecte de Georeferenciaci\u00f3 de Llocs de mem\u00f2ria hist\u00f2rica (Mobile History Map)\">Llegeix m\u00e9s\u00bb<\/a><\/p>\n","protected":false},"author":3,"featured_media":0,"comment_status":"open","ping_status":"closed","sticky":false,"template":"","format":"standard","meta":{"_bbp_topic_count":0,"_bbp_reply_count":0,"_bbp_total_topic_count":0,"_bbp_total_reply_count":0,"_bbp_voice_count":0,"_bbp_anonymous_reply_count":0,"_bbp_topic_count_hidden":0,"_bbp_reply_count_hidden":0,"_bbp_forum_subforum_count":0,"footnotes":""},"categories":[7,1,29],"tags":[284,283,128,282,275,215,247,89],"class_list":["post-13904","post","type-post","status-publish","format-standard","hentry","category-eso-4","category-general","category-portada","tag-2018-2019","tag-4t-deso","tag-departament-de-ciencies-socials","tag-mobile-history-map","tag-mobile-world-capital","tag-mschools","tag-projecte","tag-projectes"],"post_mailing_queue_ids":[],"_links":{"self":[{"href":"https:\/\/agora.xtec.cat\/ieslaromanica\/wp-json\/wp\/v2\/posts\/13904","targetHints":{"allow":["GET"]}}],"collection":[{"href":"https:\/\/agora.xtec.cat\/ieslaromanica\/wp-json\/wp\/v2\/posts"}],"about":[{"href":"https:\/\/agora.xtec.cat\/ieslaromanica\/wp-json\/wp\/v2\/types\/post"}],"author":[{"embeddable":true,"href":"https:\/\/agora.xtec.cat\/ieslaromanica\/wp-json\/wp\/v2\/users\/3"}],"replies":[{"embeddable":true,"href":"https:\/\/agora.xtec.cat\/ieslaromanica\/wp-json\/wp\/v2\/comments?post=13904"}],"version-history":[{"count":3,"href":"https:\/\/agora.xtec.cat\/ieslaromanica\/wp-json\/wp\/v2\/posts\/13904\/revisions"}],"predecessor-version":[{"id":22871,"href":"https:\/\/agora.xtec.cat\/ieslaromanica\/wp-json\/wp\/v2\/posts\/13904\/revisions\/22871"}],"wp:attachment":[{"href":"https:\/\/agora.xtec.cat\/ieslaromanica\/wp-json\/wp\/v2\/media?parent=13904"}],"wp:term":[{"taxonomy":"category","embeddable":true,"href":"https:\/\/agora.xtec.cat\/ieslaromanica\/wp-json\/wp\/v2\/categories?post=13904"},{"taxonomy":"post_tag","embeddable":true,"href":"https:\/\/agora.xtec.cat\/ieslaromanica\/wp-json\/wp\/v2\/tags?post=13904"}],"curies":[{"name":"wp","href":"https:\/\/api.w.org\/{rel}","templated":true}]}}