{"id":1390,"date":"2017-05-19T09:58:32","date_gmt":"2017-05-19T07:58:32","guid":{"rendered":"http:\/\/agora.xtec.cat\/ieslaromanica\/?p=1390"},"modified":"2017-05-26T11:43:51","modified_gmt":"2017-05-26T09:43:51","slug":"taller-de-reanimacio-cardiopulmonar-rcp","status":"publish","type":"post","link":"https:\/\/agora.xtec.cat\/ieslaromanica\/general\/taller-de-reanimacio-cardiopulmonar-rcp\/","title":{"rendered":"Taller de Reanimaci\u00f3 Cardiopulmonar (RCP)"},"content":{"rendered":"<p style=\"text-align: center;\"><a href=\"http:\/\/agora.xtec.cat\/ieslaromanica\/wp-content\/uploads\/usu857\/2017\/05\/20170504_111038.jpg\"><img loading=\"lazy\" decoding=\"async\" class=\"alignnone size-full wp-image-1391\" src=\"http:\/\/agora.xtec.cat\/ieslaromanica\/wp-content\/uploads\/usu857\/2017\/05\/20170504_111038.jpg\" alt=\"20170504_111038\" width=\"1652\" height=\"929\" srcset=\"https:\/\/agora.xtec.cat\/ieslaromanica\/wp-content\/uploads\/usu857\/2017\/05\/20170504_111038.jpg 1652w, https:\/\/agora.xtec.cat\/ieslaromanica\/wp-content\/uploads\/usu857\/2017\/05\/20170504_111038-300x169.jpg 300w, https:\/\/agora.xtec.cat\/ieslaromanica\/wp-content\/uploads\/usu857\/2017\/05\/20170504_111038-768x432.jpg 768w, https:\/\/agora.xtec.cat\/ieslaromanica\/wp-content\/uploads\/usu857\/2017\/05\/20170504_111038-1024x576.jpg 1024w\" sizes=\"auto, (max-width: 1652px) 100vw, 1652px\" \/><\/a><\/p>\n<p style=\"text-align: justify;\">El dia 4 de maig, l&#8217;alumnat de 1r de Batxillerat del centre ha pogut gaudir d&#8217;una xerrada i un taller de suport vital b\u00e0sic amb \u00fas espec\u00edfic d&#8217;un desfibril\u00b7lador autom\u00e0tic.<\/p>\n<p style=\"text-align: justify;\">Aquesta activitat ha estat possible gr\u00e0cies al projecte Innova, en el qual alumnes del CAI (Cicle d&#8217;Auxiliar d&#8217;Infermeria) de l&#8217;Institut La Ferreria de Montcada i Reixach, amb el suport d&#8217;una professora, expliquen les t\u00e8cniques b\u00e0siques de suport vital i RCP (Reanimaci\u00f3 Cardiopulmonar) tot utilitzant el material espec\u00edfic necessari. Els alumnes van poder realitzar la part pr\u00e0ctica i aix\u00ed aplicar els coneixements adquirits.<\/p>\n<p style=\"text-align: justify;\"><a href=\"http:\/\/agora.xtec.cat\/ieslaromanica\/wp-content\/uploads\/usu857\/2017\/05\/20170504_1041411.jpg\"><img loading=\"lazy\" decoding=\"async\" class=\"alignnone size-full wp-image-1392\" src=\"http:\/\/agora.xtec.cat\/ieslaromanica\/wp-content\/uploads\/usu857\/2017\/05\/20170504_1041411.jpg\" alt=\"20170504_104141(1)\" width=\"1498\" height=\"762\" srcset=\"https:\/\/agora.xtec.cat\/ieslaromanica\/wp-content\/uploads\/usu857\/2017\/05\/20170504_1041411.jpg 1498w, https:\/\/agora.xtec.cat\/ieslaromanica\/wp-content\/uploads\/usu857\/2017\/05\/20170504_1041411-300x153.jpg 300w, https:\/\/agora.xtec.cat\/ieslaromanica\/wp-content\/uploads\/usu857\/2017\/05\/20170504_1041411-768x391.jpg 768w, https:\/\/agora.xtec.cat\/ieslaromanica\/wp-content\/uploads\/usu857\/2017\/05\/20170504_1041411-1024x521.jpg 1024w\" sizes=\"auto, (max-width: 1498px) 100vw, 1498px\" \/><\/a><\/p>\n<p style=\"text-align: justify;\">Des del Departament d&#8217;Educaci\u00f3 F\u00edsica volem agrair a l&#8217;AMPA de l&#8217;institut la seva participaci\u00f3 i col\u00b7laboraci\u00f3 doncs ha subvencionat \u00edntegrament el taller.<\/p>\n","protected":false},"excerpt":{"rendered":"<p><a href=\"http:\/\/agora.xtec.cat\/ieslaromanica\/wp-content\/uploads\/usu857\/2017\/05\/20170504_111038.jpg\"><\/a><br \/>\nEl dia 4 de maig, l&#8217;alumnat de 1r de Batxillerat del centre ha pogut gaudir d&#8217;una xerrada i un taller de suport vital b\u00e0sic amb \u00fas espec\u00edfic d&#8217;un desfibril\u00b7lador autom\u00e0tic.<br \/>\nAquesta activitat ha estat possible gr\u00e0cies al projecte Innova, en el qual alumnes del CAI&hellip;  <a href=\"https:\/\/agora.xtec.cat\/ieslaromanica\/general\/taller-de-reanimacio-cardiopulmonar-rcp\/\" title=\"Read Taller de Reanimaci\u00f3 Cardiopulmonar (RCP)\">Llegeix m\u00e9s\u00bb<\/a><\/p>\n","protected":false},"author":3,"featured_media":1391,"comment_status":"open","ping_status":"closed","sticky":false,"template":"","format":"standard","meta":{"_bbp_topic_count":0,"_bbp_reply_count":0,"_bbp_total_topic_count":0,"_bbp_total_reply_count":0,"_bbp_voice_count":0,"_bbp_anonymous_reply_count":0,"_bbp_topic_count_hidden":0,"_bbp_reply_count_hidden":0,"_bbp_forum_subforum_count":0,"footnotes":""},"categories":[31,8,1,29],"tags":[154,153],"class_list":["post-1390","post","type-post","status-publish","format-standard","has-post-thumbnail","hentry","category-afa","category-batxillerat","category-general","category-portada","tag-ampa","tag-rcp"],"post_mailing_queue_ids":[],"_links":{"self":[{"href":"https:\/\/agora.xtec.cat\/ieslaromanica\/wp-json\/wp\/v2\/posts\/1390","targetHints":{"allow":["GET"]}}],"collection":[{"href":"https:\/\/agora.xtec.cat\/ieslaromanica\/wp-json\/wp\/v2\/posts"}],"about":[{"href":"https:\/\/agora.xtec.cat\/ieslaromanica\/wp-json\/wp\/v2\/types\/post"}],"author":[{"embeddable":true,"href":"https:\/\/agora.xtec.cat\/ieslaromanica\/wp-json\/wp\/v2\/users\/3"}],"replies":[{"embeddable":true,"href":"https:\/\/agora.xtec.cat\/ieslaromanica\/wp-json\/wp\/v2\/comments?post=1390"}],"version-history":[{"count":2,"href":"https:\/\/agora.xtec.cat\/ieslaromanica\/wp-json\/wp\/v2\/posts\/1390\/revisions"}],"predecessor-version":[{"id":1402,"href":"https:\/\/agora.xtec.cat\/ieslaromanica\/wp-json\/wp\/v2\/posts\/1390\/revisions\/1402"}],"wp:featuredmedia":[{"embeddable":true,"href":"https:\/\/agora.xtec.cat\/ieslaromanica\/wp-json\/wp\/v2\/media\/1391"}],"wp:attachment":[{"href":"https:\/\/agora.xtec.cat\/ieslaromanica\/wp-json\/wp\/v2\/media?parent=1390"}],"wp:term":[{"taxonomy":"category","embeddable":true,"href":"https:\/\/agora.xtec.cat\/ieslaromanica\/wp-json\/wp\/v2\/categories?post=1390"},{"taxonomy":"post_tag","embeddable":true,"href":"https:\/\/agora.xtec.cat\/ieslaromanica\/wp-json\/wp\/v2\/tags?post=1390"}],"curies":[{"name":"wp","href":"https:\/\/api.w.org\/{rel}","templated":true}]}}