{"id":13857,"date":"2018-12-21T11:30:42","date_gmt":"2018-12-21T10:30:42","guid":{"rendered":"http:\/\/agora.xtec.cat\/ieslaromanica\/?p=13857"},"modified":"2019-01-09T12:17:49","modified_gmt":"2019-01-09T11:17:49","slug":"les-imprescindibles","status":"publish","type":"post","link":"https:\/\/agora.xtec.cat\/ieslaromanica\/general\/les-imprescindibles\/","title":{"rendered":"Les imprescindibles"},"content":{"rendered":"<p>Les coneixeu, oi?<\/p>\n<p>Elles, sempre hi s\u00f3n.<\/p>\n<h6>S\u00f3n&#8230; les IMPRESCINDIBLES!<\/h6>\n<p>&nbsp;<\/p>\n<p><a href=\"https:\/\/agora.xtec.cat\/ieslaromanica\/wp-content\/uploads\/usu857\/2018\/11\/IMG-20181127-WA0009.jpg\"><img loading=\"lazy\" decoding=\"async\" class=\"alignnone size-full wp-image-13975\" src=\"https:\/\/agora.xtec.cat\/ieslaromanica\/wp-content\/uploads\/usu857\/2018\/11\/IMG-20181127-WA0009.jpg\" alt=\"\" width=\"1296\" height=\"972\" srcset=\"https:\/\/agora.xtec.cat\/ieslaromanica\/wp-content\/uploads\/usu857\/2018\/11\/IMG-20181127-WA0009.jpg 1296w, https:\/\/agora.xtec.cat\/ieslaromanica\/wp-content\/uploads\/usu857\/2018\/11\/IMG-20181127-WA0009-300x225.jpg 300w, https:\/\/agora.xtec.cat\/ieslaromanica\/wp-content\/uploads\/usu857\/2018\/11\/IMG-20181127-WA0009-768x576.jpg 768w, https:\/\/agora.xtec.cat\/ieslaromanica\/wp-content\/uploads\/usu857\/2018\/11\/IMG-20181127-WA0009-1024x768.jpg 1024w, https:\/\/agora.xtec.cat\/ieslaromanica\/wp-content\/uploads\/usu857\/2018\/11\/IMG-20181127-WA0009-200x150.jpg 200w\" sizes=\"auto, (max-width: 1296px) 100vw, 1296px\" \/><\/a><\/p>\n<p style=\"text-align: justify;\">Elles, treballen per a qu\u00e8 la resta de la Comunitat Educativa puguem desenvolupar, amb tranquil\u00b7litat, les nostres tasques di\u00e0ries a l&#8217;Institut La Rom\u00e0nica.<\/p>\n<p><a href=\"https:\/\/agora.xtec.cat\/ieslaromanica\/wp-content\/uploads\/usu857\/2018\/11\/IMG-20181127-WA0010.jpg\"><img loading=\"lazy\" decoding=\"async\" class=\"alignnone size-full wp-image-13976\" src=\"https:\/\/agora.xtec.cat\/ieslaromanica\/wp-content\/uploads\/usu857\/2018\/11\/IMG-20181127-WA0010.jpg\" alt=\"\" width=\"1600\" height=\"898\" srcset=\"https:\/\/agora.xtec.cat\/ieslaromanica\/wp-content\/uploads\/usu857\/2018\/11\/IMG-20181127-WA0010.jpg 1600w, https:\/\/agora.xtec.cat\/ieslaromanica\/wp-content\/uploads\/usu857\/2018\/11\/IMG-20181127-WA0010-300x168.jpg 300w, https:\/\/agora.xtec.cat\/ieslaromanica\/wp-content\/uploads\/usu857\/2018\/11\/IMG-20181127-WA0010-768x431.jpg 768w, https:\/\/agora.xtec.cat\/ieslaromanica\/wp-content\/uploads\/usu857\/2018\/11\/IMG-20181127-WA0010-1024x575.jpg 1024w\" sizes=\"auto, (max-width: 1600px) 100vw, 1600px\" \/><\/a><\/p>\n<h6 style=\"text-align: center;\">Consergeria, Secretaria, Servei de Neteja&#8230;<\/h6>\n<p>&nbsp;<\/p>\n<p style=\"text-align: justify;\">Com que aquest inici de curs\u00a0s&#8217;han anat produ\u00eft alguns canvis en el PAS i us en volem informar:<\/p>\n<p style=\"text-align: justify;\">La <strong>Marga<\/strong> de Consergeria ha marxat a un altre centre, despr\u00e9s de 9 anys amb nosaltres, amb l&#8217;objectiu de treballar m\u00e9s a prop de casa.<\/p>\n<p style=\"text-align: left;\"><a href=\"https:\/\/agora.xtec.cat\/ieslaromanica\/wp-content\/uploads\/usu857\/2018\/11\/IMG-20181110-WA0035.jpg\"><img loading=\"lazy\" decoding=\"async\" class=\" wp-image-13889 aligncenter\" src=\"https:\/\/agora.xtec.cat\/ieslaromanica\/wp-content\/uploads\/usu857\/2018\/11\/IMG-20181110-WA0035.jpg\" alt=\"\" width=\"567\" height=\"802\" srcset=\"https:\/\/agora.xtec.cat\/ieslaromanica\/wp-content\/uploads\/usu857\/2018\/11\/IMG-20181110-WA0035.jpg 481w, https:\/\/agora.xtec.cat\/ieslaromanica\/wp-content\/uploads\/usu857\/2018\/11\/IMG-20181110-WA0035-212x300.jpg 212w\" sizes=\"auto, (max-width: 567px) 100vw, 567px\" \/><\/a><\/p>\n<p style=\"text-align: justify;\"><strong>Marga<\/strong>, tota la comunitat Educativa de l\u2019Institut La Rom\u00e0nica et volem agrair els 9 anys que has estat formant part del nostre equip de Consergeria, duent a terme una tasca <strong>imprescindible<\/strong> per al bon funcionament del nostre centre.<\/p>\n<p>I, sobretot, et volem donar les gr\u00e0cies pel teu somriure!<\/p>\n<p>Per\u00f2 hi ha m\u00e9s canvis. Aquest desembre, la<strong> Mar\u00eda Jos\u00e9<\/strong> de Secretaria se&#8217;ns jubila. Ning\u00fa ho diria, oi?<\/p>\n<p style=\"text-align: center;\"><a href=\"https:\/\/agora.xtec.cat\/ieslaromanica\/wp-content\/uploads\/usu857\/2018\/12\/IMG-0385.jpg\"><img loading=\"lazy\" decoding=\"async\" class=\"alignnone size-full wp-image-14003\" src=\"https:\/\/agora.xtec.cat\/ieslaromanica\/wp-content\/uploads\/usu857\/2018\/12\/IMG-0385.jpg\" alt=\"\" width=\"1536\" height=\"2048\" srcset=\"https:\/\/agora.xtec.cat\/ieslaromanica\/wp-content\/uploads\/usu857\/2018\/12\/IMG-0385.jpg 1536w, https:\/\/agora.xtec.cat\/ieslaromanica\/wp-content\/uploads\/usu857\/2018\/12\/IMG-0385-225x300.jpg 225w, https:\/\/agora.xtec.cat\/ieslaromanica\/wp-content\/uploads\/usu857\/2018\/12\/IMG-0385-768x1024.jpg 768w\" sizes=\"auto, (max-width: 1536px) 100vw, 1536px\" \/><\/a><\/p>\n<p style=\"text-align: justify;\">La Mar\u00eda Jos\u00e9 Mu\u00f1oz Garcia la coneixeu prou b\u00e9, ja que ha estat treballant com a administrativa a la Secretaria del nostre institut durant els darrers 11 anys, des del mes de maig de 2007.<\/p>\n<p style=\"text-align: justify;\">Les seves companyes la defineixen com una dona molt treballadora, carinyosa, col\u00b7laboradora, culte, sensible, discreta, amant de la natura i de la muntanya.<\/p>\n<p style=\"text-align: center;\"><a href=\"https:\/\/agora.xtec.cat\/ieslaromanica\/wp-content\/uploads\/usu857\/2018\/12\/Imatge1-1.jpg\"><img loading=\"lazy\" decoding=\"async\" class=\"alignnone wp-image-13987\" src=\"https:\/\/agora.xtec.cat\/ieslaromanica\/wp-content\/uploads\/usu857\/2018\/12\/Imatge1-1.jpg\" alt=\"\" width=\"518\" height=\"807\" srcset=\"https:\/\/agora.xtec.cat\/ieslaromanica\/wp-content\/uploads\/usu857\/2018\/12\/Imatge1-1.jpg 255w, https:\/\/agora.xtec.cat\/ieslaromanica\/wp-content\/uploads\/usu857\/2018\/12\/Imatge1-1-193x300.jpg 193w\" sizes=\"auto, (max-width: 518px) 100vw, 518px\" \/><\/a><\/p>\n<p style=\"text-align: justify;\"><strong>Maria Jos\u00e9<\/strong>, tot i qu\u00e8 ets una persona molt reservada, aquesta vegada ens has de permetre que et fem aquest humil homenatge, amb el qual, en primer lloc, et volem agrair la teva <strong>imprescindible<\/strong> tasca al nostre centre, i tamb\u00e9 desitjar-te el millor en aquest nou cam\u00ed que emprendr\u00e0s en jubilar-te de la feina, i amb el qual se t&#8217;obre un gran ventall de possibilitats i de reptes.<\/p>\n<p style=\"text-align: center;\"><a href=\"https:\/\/agora.xtec.cat\/ieslaromanica\/wp-content\/uploads\/usu857\/2018\/12\/IMG-0434.jpg\"><img loading=\"lazy\" decoding=\"async\" class=\"alignnone size-full wp-image-13989\" src=\"https:\/\/agora.xtec.cat\/ieslaromanica\/wp-content\/uploads\/usu857\/2018\/12\/IMG-0434.jpg\" alt=\"\" width=\"1536\" height=\"2048\" srcset=\"https:\/\/agora.xtec.cat\/ieslaromanica\/wp-content\/uploads\/usu857\/2018\/12\/IMG-0434.jpg 1536w, https:\/\/agora.xtec.cat\/ieslaromanica\/wp-content\/uploads\/usu857\/2018\/12\/IMG-0434-225x300.jpg 225w, https:\/\/agora.xtec.cat\/ieslaromanica\/wp-content\/uploads\/usu857\/2018\/12\/IMG-0434-768x1024.jpg 768w\" sizes=\"auto, (max-width: 1536px) 100vw, 1536px\" \/><\/a><\/p>\n<h5>Marga i Maria Jos\u00e9, molta, molt SORT!<\/h5>\n<p>&nbsp;<\/p>\n<p>&nbsp;<\/p>\n","protected":false},"excerpt":{"rendered":"<p>Les coneixeu, oi?<br \/>\nElles, sempre hi s\u00f3n.<br \/>\nS\u00f3n&#8230; les IMPRESCINDIBLES!<br \/>\n&nbsp;<br \/>\n<a href=\"https:\/\/agora.xtec.cat\/ieslaromanica\/wp-content\/uploads\/usu857\/2018\/11\/IMG-20181127-WA0009.jpg\"><\/a><br \/>\nElles, treballen per a qu\u00e8 la resta de la Comunitat Educativa puguem desenvolupar, amb tranquil\u00b7litat, les nostres tasques di\u00e0ries a l&#8217;Institut La Rom\u00e0nica.<br \/>\n<a href=\"https:\/\/agora.xtec.cat\/ieslaromanica\/wp-content\/uploads\/usu857\/2018\/11\/IMG-20181127-WA0010.jpg\"><\/a><br \/>\nConsergeria, Secretaria, Servei de Neteja&#8230;<br \/>\n&nbsp;<br \/>\nCom que aquest inici de curs\u00a0s&#8217;han anat produ\u00eft alguns canvis&hellip;  <a href=\"https:\/\/agora.xtec.cat\/ieslaromanica\/general\/les-imprescindibles\/\" title=\"Read Les imprescindibles\">Llegeix m\u00e9s\u00bb<\/a><\/p>\n","protected":false},"author":3,"featured_media":13975,"comment_status":"open","ping_status":"closed","sticky":false,"template":"","format":"standard","meta":{"_bbp_topic_count":0,"_bbp_reply_count":0,"_bbp_total_topic_count":0,"_bbp_total_reply_count":0,"_bbp_voice_count":0,"_bbp_anonymous_reply_count":0,"_bbp_topic_count_hidden":0,"_bbp_reply_count_hidden":0,"_bbp_forum_subforum_count":0,"footnotes":""},"categories":[1,29],"tags":[227,226],"class_list":["post-13857","post","type-post","status-publish","format-standard","has-post-thumbnail","hentry","category-general","category-portada","tag-consergeria","tag-pas"],"post_mailing_queue_ids":[],"_links":{"self":[{"href":"https:\/\/agora.xtec.cat\/ieslaromanica\/wp-json\/wp\/v2\/posts\/13857","targetHints":{"allow":["GET"]}}],"collection":[{"href":"https:\/\/agora.xtec.cat\/ieslaromanica\/wp-json\/wp\/v2\/posts"}],"about":[{"href":"https:\/\/agora.xtec.cat\/ieslaromanica\/wp-json\/wp\/v2\/types\/post"}],"author":[{"embeddable":true,"href":"https:\/\/agora.xtec.cat\/ieslaromanica\/wp-json\/wp\/v2\/users\/3"}],"replies":[{"embeddable":true,"href":"https:\/\/agora.xtec.cat\/ieslaromanica\/wp-json\/wp\/v2\/comments?post=13857"}],"version-history":[{"count":3,"href":"https:\/\/agora.xtec.cat\/ieslaromanica\/wp-json\/wp\/v2\/posts\/13857\/revisions"}],"predecessor-version":[{"id":14148,"href":"https:\/\/agora.xtec.cat\/ieslaromanica\/wp-json\/wp\/v2\/posts\/13857\/revisions\/14148"}],"wp:featuredmedia":[{"embeddable":true,"href":"https:\/\/agora.xtec.cat\/ieslaromanica\/wp-json\/wp\/v2\/media\/13975"}],"wp:attachment":[{"href":"https:\/\/agora.xtec.cat\/ieslaromanica\/wp-json\/wp\/v2\/media?parent=13857"}],"wp:term":[{"taxonomy":"category","embeddable":true,"href":"https:\/\/agora.xtec.cat\/ieslaromanica\/wp-json\/wp\/v2\/categories?post=13857"},{"taxonomy":"post_tag","embeddable":true,"href":"https:\/\/agora.xtec.cat\/ieslaromanica\/wp-json\/wp\/v2\/tags?post=13857"}],"curies":[{"name":"wp","href":"https:\/\/api.w.org\/{rel}","templated":true}]}}