{"id":13767,"date":"2018-10-22T13:13:56","date_gmt":"2018-10-22T11:13:56","guid":{"rendered":"http:\/\/agora.xtec.cat\/ieslaromanica\/?p=13767"},"modified":"2018-10-22T13:17:52","modified_gmt":"2018-10-22T11:17:52","slug":"ciutats-defensores-dels-drets-humans-2018","status":"publish","type":"post","link":"https:\/\/agora.xtec.cat\/ieslaromanica\/general\/ciutats-defensores-dels-drets-humans-2018\/","title":{"rendered":"Ciutats Defensores dels DRETS HUMANS 2018"},"content":{"rendered":"<p style=\"text-align: center;\"><a href=\"https:\/\/agora.xtec.cat\/ieslaromanica\/wp-content\/uploads\/usu857\/2018\/10\/DH-TMC-0095.jpg\"><img loading=\"lazy\" decoding=\"async\" class=\"alignnone size-full wp-image-13768\" src=\"https:\/\/agora.xtec.cat\/ieslaromanica\/wp-content\/uploads\/usu857\/2018\/10\/DH-TMC-0095.jpg\" alt=\"\" width=\"3000\" height=\"2000\" srcset=\"https:\/\/agora.xtec.cat\/ieslaromanica\/wp-content\/uploads\/usu857\/2018\/10\/DH-TMC-0095.jpg 3000w, https:\/\/agora.xtec.cat\/ieslaromanica\/wp-content\/uploads\/usu857\/2018\/10\/DH-TMC-0095-300x200.jpg 300w, https:\/\/agora.xtec.cat\/ieslaromanica\/wp-content\/uploads\/usu857\/2018\/10\/DH-TMC-0095-768x512.jpg 768w, https:\/\/agora.xtec.cat\/ieslaromanica\/wp-content\/uploads\/usu857\/2018\/10\/DH-TMC-0095-1024x683.jpg 1024w\" sizes=\"auto, (max-width: 3000px) 100vw, 3000px\" \/><\/a><\/p>\n<p style=\"text-align: justify;\">Autoria de les fotografies: Juan Mu\u00f1oz, Ajuntament de Barber\u00e0 del Vall\u00e8s.<\/p>\n<p style=\"text-align: justify;\">Per 6\u00e8 any consecutiu, l&#8217;alumnat de Batxillerat de Barber\u00e0 del Vall\u00e8s ha tingut l&#8217;oportunitat de gaudir d&#8217;una activitat conjunta per poder con\u00e8ixer, de primera m\u00e0, la valuosa tasca d&#8217;una activista pels Drets Humans, el Medi Ambient i els Drets de les Dones a Hondures: la Margarita Pineda.<\/p>\n<p style=\"text-align: center;\"><a href=\"https:\/\/agora.xtec.cat\/ieslaromanica\/wp-content\/uploads\/usu857\/2018\/10\/DH-TMC-0056.jpg\"><img loading=\"lazy\" decoding=\"async\" class=\"alignnone size-full wp-image-13769\" src=\"https:\/\/agora.xtec.cat\/ieslaromanica\/wp-content\/uploads\/usu857\/2018\/10\/DH-TMC-0056.jpg\" alt=\"\" width=\"3000\" height=\"2000\" srcset=\"https:\/\/agora.xtec.cat\/ieslaromanica\/wp-content\/uploads\/usu857\/2018\/10\/DH-TMC-0056.jpg 3000w, https:\/\/agora.xtec.cat\/ieslaromanica\/wp-content\/uploads\/usu857\/2018\/10\/DH-TMC-0056-300x200.jpg 300w, https:\/\/agora.xtec.cat\/ieslaromanica\/wp-content\/uploads\/usu857\/2018\/10\/DH-TMC-0056-768x512.jpg 768w, https:\/\/agora.xtec.cat\/ieslaromanica\/wp-content\/uploads\/usu857\/2018\/10\/DH-TMC-0056-1024x683.jpg 1024w\" sizes=\"auto, (max-width: 3000px) 100vw, 3000px\" \/><\/a><\/p>\n<p style=\"text-align: justify;\">Quan pensem en Hondures, segurament ens venen a la ment els seus paisatges paradis\u00edacs, per\u00f2 tamb\u00e9 la seva cara menys amable, com les devastadores conseq\u00fc\u00e8ncies dels huracans o, potser, el narcotr\u00e0fic, la corrupci\u00f3 pol\u00edtica i la impunitat, les bandes juvenils, la viol\u00e8ncia als carrers, els assassinats&#8230;<\/p>\n<p style=\"text-align: justify;\">La Margarita Pineda, primerament, ens va ajudar a trobar respostes a una pregunta clau: Per qu\u00e8?<\/p>\n<p style=\"text-align: center;\"><a href=\"https:\/\/agora.xtec.cat\/ieslaromanica\/wp-content\/uploads\/usu857\/2018\/10\/DH-TMC-0031.jpg\"><img loading=\"lazy\" decoding=\"async\" class=\"alignnone size-full wp-image-13770\" src=\"https:\/\/agora.xtec.cat\/ieslaromanica\/wp-content\/uploads\/usu857\/2018\/10\/DH-TMC-0031.jpg\" alt=\"\" width=\"3000\" height=\"2000\" srcset=\"https:\/\/agora.xtec.cat\/ieslaromanica\/wp-content\/uploads\/usu857\/2018\/10\/DH-TMC-0031.jpg 3000w, https:\/\/agora.xtec.cat\/ieslaromanica\/wp-content\/uploads\/usu857\/2018\/10\/DH-TMC-0031-300x200.jpg 300w, https:\/\/agora.xtec.cat\/ieslaromanica\/wp-content\/uploads\/usu857\/2018\/10\/DH-TMC-0031-768x512.jpg 768w, https:\/\/agora.xtec.cat\/ieslaromanica\/wp-content\/uploads\/usu857\/2018\/10\/DH-TMC-0031-1024x683.jpg 1024w\" sizes=\"auto, (max-width: 3000px) 100vw, 3000px\" \/><\/a><\/p>\n<p style=\"text-align: justify;\">Hondures, com la resta de territoris americans, africans&#8230; colonitzats pels europeus, va patir l&#8217;espoli de les seves riqueses naturals i la marginaci\u00f3 de la seva poblaci\u00f3 ind\u00edgena. En el cas d&#8217;Hondures, parlem de la colonitzaci\u00f3 per part dels espanyols al segle XVI, dels brit\u00e0nics al segle XVII i, despr\u00e9s de la seva independ\u00e8ncia a mitjans del segle XIX, quedaren sota el control dels EUA.<\/p>\n<p style=\"text-align: justify;\">Als anys 70 del segle XX van aflorar els primers moviments ind\u00edgenes a les comunitats agr\u00e0ries, amb l&#8217;objectiu de reclamar les seves terres per poder-les treballar i, alhora, lluitar contra els monopolis de les plantacions de bananes i de caf\u00e8 controlades i explotades per grans empreses nord americanes.<\/p>\n<p style=\"text-align: justify;\">Arran del cop d&#8217;estat de 2009, la situaci\u00f3 a Hondures empitjor\u00e0, ja que els pobles ind\u00edgenes patiren l&#8217;espoliaci\u00f3 de les seves terres i rius per part de les empreses mineres i hidroel\u00e8ctriques, amb la complicitat dels governs.<\/p>\n<p>De la m\u00e0 de Margarita Pineda ens va arribar tamb\u00e9 la resposta a: Qu\u00e8 hi podem fer?<\/p>\n<p style=\"text-align: justify;\">Associacions, com el Consell C\u00edvic d&#8217;Organitzacions Populars i Ind\u00edgenes d&#8217;Hondures (COPINH), van seguir lluitant, sota amenaces de mort i assassinats, com el de Berta C\u00e1ceres l&#8217;any 2016, l\u00edder activista que havia rebut el 2015 el prestigi\u00f3s Premi Goldman (considerat l&#8217;equivalent al Nobel del Medi Ambient).<\/p>\n<p style=\"text-align: justify;\">Aquest any 2018, COPINH, entitat emblem\u00e0tica en la defensa del medi ambient i els drets dels pobles ind\u00edgenes, compleix el seu 25\u00e8 aniversari i segueix lluitant a favor dels drets del pobles ind\u00edgenes, tot i la seva criminalitzaci\u00f3 i desprotecci\u00f3.<\/p>\n<p style=\"text-align: justify;\">Margarita Pineda i el Moviment Ind\u00edgena Lenca Independent de La Paz (MILPAH) segueixen la lluita\u00a0<strong>contra<\/strong> l&#8217;espoli de les seves terres de conreu per part de grans empreses transnacionals hidroel\u00e8ctriques i mineres, i segueixen lluitant <strong>a favor<\/strong> dels drets del pobles ind\u00edgenes, dels Drets Humans, del Medi Ambient i dels Drets de les Dones.<\/p>\n<p>El nostre alumnat de Batxillerat ha tingut l&#8217;oportunitat de con\u00e8ixer la seva experi\u00e8ncia com activista pels Drets Humans i ara tenen a les seves mans la capacitat de poder reflexionar i, potser&#8230;<\/p>\n","protected":false},"excerpt":{"rendered":"<p><a href=\"https:\/\/agora.xtec.cat\/ieslaromanica\/wp-content\/uploads\/usu857\/2018\/10\/DH-TMC-0095.jpg\"><\/a><br \/>\nAutoria de les fotografies: Juan Mu\u00f1oz, Ajuntament de Barber\u00e0 del Vall\u00e8s.<br \/>\nPer 6\u00e8 any consecutiu, l&#8217;alumnat de Batxillerat de Barber\u00e0 del Vall\u00e8s ha tingut l&#8217;oportunitat de gaudir d&#8217;una activitat conjunta per poder con\u00e8ixer, de primera m\u00e0, la valuosa tasca d&#8217;una activista pels Drets Humans, el&hellip;  <a href=\"https:\/\/agora.xtec.cat\/ieslaromanica\/general\/ciutats-defensores-dels-drets-humans-2018\/\" title=\"Read Ciutats Defensores dels DRETS HUMANS 2018\">Llegeix m\u00e9s\u00bb<\/a><\/p>\n","protected":false},"author":3,"featured_media":13768,"comment_status":"open","ping_status":"closed","sticky":false,"template":"","format":"standard","meta":{"_bbp_topic_count":0,"_bbp_reply_count":0,"_bbp_total_topic_count":0,"_bbp_total_reply_count":0,"_bbp_voice_count":0,"_bbp_anonymous_reply_count":0,"_bbp_topic_count_hidden":0,"_bbp_reply_count_hidden":0,"_bbp_forum_subforum_count":0,"footnotes":""},"categories":[8,1,29],"tags":[88,109],"class_list":["post-13767","post","type-post","status-publish","format-standard","has-post-thumbnail","hentry","category-batxillerat","category-general","category-portada","tag-batxillerat","tag-ciutats-defensores-dels-drets-humans"],"post_mailing_queue_ids":[],"_links":{"self":[{"href":"https:\/\/agora.xtec.cat\/ieslaromanica\/wp-json\/wp\/v2\/posts\/13767","targetHints":{"allow":["GET"]}}],"collection":[{"href":"https:\/\/agora.xtec.cat\/ieslaromanica\/wp-json\/wp\/v2\/posts"}],"about":[{"href":"https:\/\/agora.xtec.cat\/ieslaromanica\/wp-json\/wp\/v2\/types\/post"}],"author":[{"embeddable":true,"href":"https:\/\/agora.xtec.cat\/ieslaromanica\/wp-json\/wp\/v2\/users\/3"}],"replies":[{"embeddable":true,"href":"https:\/\/agora.xtec.cat\/ieslaromanica\/wp-json\/wp\/v2\/comments?post=13767"}],"version-history":[{"count":3,"href":"https:\/\/agora.xtec.cat\/ieslaromanica\/wp-json\/wp\/v2\/posts\/13767\/revisions"}],"predecessor-version":[{"id":13792,"href":"https:\/\/agora.xtec.cat\/ieslaromanica\/wp-json\/wp\/v2\/posts\/13767\/revisions\/13792"}],"wp:featuredmedia":[{"embeddable":true,"href":"https:\/\/agora.xtec.cat\/ieslaromanica\/wp-json\/wp\/v2\/media\/13768"}],"wp:attachment":[{"href":"https:\/\/agora.xtec.cat\/ieslaromanica\/wp-json\/wp\/v2\/media?parent=13767"}],"wp:term":[{"taxonomy":"category","embeddable":true,"href":"https:\/\/agora.xtec.cat\/ieslaromanica\/wp-json\/wp\/v2\/categories?post=13767"},{"taxonomy":"post_tag","embeddable":true,"href":"https:\/\/agora.xtec.cat\/ieslaromanica\/wp-json\/wp\/v2\/tags?post=13767"}],"curies":[{"name":"wp","href":"https:\/\/api.w.org\/{rel}","templated":true}]}}