{"id":1361,"date":"2017-05-26T12:20:41","date_gmt":"2017-05-26T10:20:41","guid":{"rendered":"http:\/\/agora.xtec.cat\/ieslaromanica\/?p=1361"},"modified":"2017-05-26T12:20:41","modified_gmt":"2017-05-26T10:20:41","slug":"juguem-a-la-xarranca","status":"publish","type":"post","link":"https:\/\/agora.xtec.cat\/ieslaromanica\/general\/juguem-a-la-xarranca\/","title":{"rendered":"Juguem a la xarranca?"},"content":{"rendered":"<p style=\"text-align: justify;\">Qui no ha jugat alguna vegada a la xarranca?.<\/p>\n<p style=\"text-align: center;\"><a href=\"http:\/\/agora.xtec.cat\/ieslaromanica\/wp-content\/uploads\/usu857\/2017\/05\/IMG_4664.jpg\"><img loading=\"lazy\" decoding=\"async\" class=\"alignnone size-full wp-image-1411\" src=\"http:\/\/agora.xtec.cat\/ieslaromanica\/wp-content\/uploads\/usu857\/2017\/05\/IMG_4664.jpg\" alt=\"IMG_4664\" width=\"1185\" height=\"1043\" srcset=\"https:\/\/agora.xtec.cat\/ieslaromanica\/wp-content\/uploads\/usu857\/2017\/05\/IMG_4664.jpg 1185w, https:\/\/agora.xtec.cat\/ieslaromanica\/wp-content\/uploads\/usu857\/2017\/05\/IMG_4664-300x264.jpg 300w, https:\/\/agora.xtec.cat\/ieslaromanica\/wp-content\/uploads\/usu857\/2017\/05\/IMG_4664-768x676.jpg 768w, https:\/\/agora.xtec.cat\/ieslaromanica\/wp-content\/uploads\/usu857\/2017\/05\/IMG_4664-1024x901.jpg 1024w\" sizes=\"auto, (max-width: 1185px) 100vw, 1185px\" \/><\/a><\/p>\n<p style=\"text-align: justify;\">La xarranca \u00e9s un joc tradicional que, des de l&#8217;antiguitat, l&#8217;Imperi Rom\u00e0 va estendre arreu i que ha arribat fins als nostres dies i, des de fa uns dies, ha arribat tamb\u00e9 al nostre institut.<\/p>\n<p style=\"text-align: justify;\">L&#8217;alumnat de 4t. ESO, a l&#8217;optativa d&#8217;Educaci\u00f3 Visual i Pl\u00e0stica, en col\u00b7laboraci\u00f3 amb el Departament d&#8217;Educaci\u00f3 F\u00edsica, ha creat una s\u00e8rie de xarranques a un lateral de la pista gran del pati.<\/p>\n<p style=\"text-align: justify;\"><a href=\"http:\/\/agora.xtec.cat\/ieslaromanica\/wp-content\/uploads\/usu857\/2017\/05\/IMG_4661.jpg\"><img loading=\"lazy\" decoding=\"async\" class=\"alignnone size-full wp-image-1410\" src=\"http:\/\/agora.xtec.cat\/ieslaromanica\/wp-content\/uploads\/usu857\/2017\/05\/IMG_4661.jpg\" alt=\"IMG_4661\" width=\"1089\" height=\"817\" srcset=\"https:\/\/agora.xtec.cat\/ieslaromanica\/wp-content\/uploads\/usu857\/2017\/05\/IMG_4661.jpg 1089w, https:\/\/agora.xtec.cat\/ieslaromanica\/wp-content\/uploads\/usu857\/2017\/05\/IMG_4661-300x225.jpg 300w, https:\/\/agora.xtec.cat\/ieslaromanica\/wp-content\/uploads\/usu857\/2017\/05\/IMG_4661-768x576.jpg 768w, https:\/\/agora.xtec.cat\/ieslaromanica\/wp-content\/uploads\/usu857\/2017\/05\/IMG_4661-1024x768.jpg 1024w, https:\/\/agora.xtec.cat\/ieslaromanica\/wp-content\/uploads\/usu857\/2017\/05\/IMG_4661-200x150.jpg 200w\" sizes=\"auto, (max-width: 1089px) 100vw, 1089px\" \/><\/a><\/p>\n<p style=\"text-align: justify;\">Una divertida mostra del treball transversal interdepartamental a l&#8217;Institut La Rom\u00e0nica. I ara, qui juga amb mi a la xarranca?<\/p>\n","protected":false},"excerpt":{"rendered":"<p>Qui no ha jugat alguna vegada a la xarranca?.<br \/>\n<a href=\"http:\/\/agora.xtec.cat\/ieslaromanica\/wp-content\/uploads\/usu857\/2017\/05\/IMG_4664.jpg\"><\/a><br \/>\nLa xarranca \u00e9s un joc tradicional que, des de l&#8217;antiguitat, l&#8217;Imperi Rom\u00e0 va estendre arreu i que ha arribat fins als nostres dies i, des de fa uns dies, ha arribat tamb\u00e9 al nostre institut.<br \/>\nL&#8217;alumnat de&hellip;  <a href=\"https:\/\/agora.xtec.cat\/ieslaromanica\/general\/juguem-a-la-xarranca\/\" title=\"Read Juguem a la xarranca?\">Llegeix m\u00e9s\u00bb<\/a><\/p>\n","protected":false},"author":3,"featured_media":1411,"comment_status":"open","ping_status":"closed","sticky":false,"template":"","format":"standard","meta":{"_bbp_topic_count":0,"_bbp_reply_count":0,"_bbp_total_topic_count":0,"_bbp_total_reply_count":0,"_bbp_voice_count":0,"_bbp_anonymous_reply_count":0,"_bbp_topic_count_hidden":0,"_bbp_reply_count_hidden":0,"_bbp_forum_subforum_count":0,"footnotes":""},"categories":[3,7,1,29],"tags":[158,157],"class_list":["post-1361","post","type-post","status-publish","format-standard","has-post-thumbnail","hentry","category-eso","category-eso-4","category-general","category-portada","tag-depatament-deducacio-visual-i-plastica","tag-pati"],"post_mailing_queue_ids":[],"_links":{"self":[{"href":"https:\/\/agora.xtec.cat\/ieslaromanica\/wp-json\/wp\/v2\/posts\/1361","targetHints":{"allow":["GET"]}}],"collection":[{"href":"https:\/\/agora.xtec.cat\/ieslaromanica\/wp-json\/wp\/v2\/posts"}],"about":[{"href":"https:\/\/agora.xtec.cat\/ieslaromanica\/wp-json\/wp\/v2\/types\/post"}],"author":[{"embeddable":true,"href":"https:\/\/agora.xtec.cat\/ieslaromanica\/wp-json\/wp\/v2\/users\/3"}],"replies":[{"embeddable":true,"href":"https:\/\/agora.xtec.cat\/ieslaromanica\/wp-json\/wp\/v2\/comments?post=1361"}],"version-history":[{"count":2,"href":"https:\/\/agora.xtec.cat\/ieslaromanica\/wp-json\/wp\/v2\/posts\/1361\/revisions"}],"predecessor-version":[{"id":1412,"href":"https:\/\/agora.xtec.cat\/ieslaromanica\/wp-json\/wp\/v2\/posts\/1361\/revisions\/1412"}],"wp:featuredmedia":[{"embeddable":true,"href":"https:\/\/agora.xtec.cat\/ieslaromanica\/wp-json\/wp\/v2\/media\/1411"}],"wp:attachment":[{"href":"https:\/\/agora.xtec.cat\/ieslaromanica\/wp-json\/wp\/v2\/media?parent=1361"}],"wp:term":[{"taxonomy":"category","embeddable":true,"href":"https:\/\/agora.xtec.cat\/ieslaromanica\/wp-json\/wp\/v2\/categories?post=1361"},{"taxonomy":"post_tag","embeddable":true,"href":"https:\/\/agora.xtec.cat\/ieslaromanica\/wp-json\/wp\/v2\/tags?post=1361"}],"curies":[{"name":"wp","href":"https:\/\/api.w.org\/{rel}","templated":true}]}}