{"id":1340,"date":"2017-05-25T12:18:51","date_gmt":"2017-05-25T10:18:51","guid":{"rendered":"http:\/\/agora.xtec.cat\/ieslaromanica\/?p=1340"},"modified":"2017-05-25T12:18:51","modified_gmt":"2017-05-25T10:18:51","slug":"esquiada-1r-de-batxillerat-2017","status":"publish","type":"post","link":"https:\/\/agora.xtec.cat\/ieslaromanica\/general\/esquiada-1r-de-batxillerat-2017\/","title":{"rendered":"Esquiada 1r de Batxillerat 2017"},"content":{"rendered":"<p style=\"text-align: center;\"><a href=\"http:\/\/agora.xtec.cat\/ieslaromanica\/wp-content\/uploads\/usu857\/2017\/05\/20170315_154028.jpg\"><img loading=\"lazy\" decoding=\"async\" class=\"alignnone size-full wp-image-1395\" src=\"http:\/\/agora.xtec.cat\/ieslaromanica\/wp-content\/uploads\/usu857\/2017\/05\/20170315_154028.jpg\" alt=\"20170315_154028\" width=\"1652\" height=\"929\" srcset=\"https:\/\/agora.xtec.cat\/ieslaromanica\/wp-content\/uploads\/usu857\/2017\/05\/20170315_154028.jpg 1652w, https:\/\/agora.xtec.cat\/ieslaromanica\/wp-content\/uploads\/usu857\/2017\/05\/20170315_154028-300x169.jpg 300w, https:\/\/agora.xtec.cat\/ieslaromanica\/wp-content\/uploads\/usu857\/2017\/05\/20170315_154028-768x432.jpg 768w, https:\/\/agora.xtec.cat\/ieslaromanica\/wp-content\/uploads\/usu857\/2017\/05\/20170315_154028-1024x576.jpg 1024w\" sizes=\"auto, (max-width: 1652px) 100vw, 1652px\" \/><\/a><\/p>\n<p style=\"text-align: justify;\">Durant tres dies, del 15 al 17 de mar\u00e7, un grup d&#8217;alumnat de 1r de Batxillerat han pogut gaudir d&#8217;unes jornades d&#8217;esqu\u00ed i<em> snowboard<\/em> als Pirineus francesos i catalans, ja que cada dia han anat canviant d&#8217;estaci\u00f3 s&#8217;esqu\u00ed: el primer dia van con\u00e8ixer Les Angles, el segon dia La Masella i el darrer dia Font Romeu.<\/p>\n<p style=\"text-align: center;\"><a href=\"http:\/\/agora.xtec.cat\/ieslaromanica\/wp-content\/uploads\/usu857\/2017\/05\/20170316_185418.jpg\"><img loading=\"lazy\" decoding=\"async\" class=\"alignnone size-full wp-image-1396\" src=\"http:\/\/agora.xtec.cat\/ieslaromanica\/wp-content\/uploads\/usu857\/2017\/05\/20170316_185418.jpg\" alt=\"20170316_185418\" width=\"1445\" height=\"813\" srcset=\"https:\/\/agora.xtec.cat\/ieslaromanica\/wp-content\/uploads\/usu857\/2017\/05\/20170316_185418.jpg 1445w, https:\/\/agora.xtec.cat\/ieslaromanica\/wp-content\/uploads\/usu857\/2017\/05\/20170316_185418-300x169.jpg 300w, https:\/\/agora.xtec.cat\/ieslaromanica\/wp-content\/uploads\/usu857\/2017\/05\/20170316_185418-768x432.jpg 768w, https:\/\/agora.xtec.cat\/ieslaromanica\/wp-content\/uploads\/usu857\/2017\/05\/20170316_185418-1024x576.jpg 1024w\" sizes=\"auto, (max-width: 1445px) 100vw, 1445px\" \/><\/a><\/p>\n<p style=\"text-align: justify;\">Excel\u00b7lent temps i molt bona pr\u00e0ctica. a part de practicar esport, el dijous a la tarda van passar per Puigcerd\u00e0 a donar un volt i a berenar.<\/p>\n","protected":false},"excerpt":{"rendered":"<p><a href=\"http:\/\/agora.xtec.cat\/ieslaromanica\/wp-content\/uploads\/usu857\/2017\/05\/20170315_154028.jpg\"><\/a><br \/>\nDurant tres dies, del 15 al 17 de mar\u00e7, un grup d&#8217;alumnat de 1r de Batxillerat han pogut gaudir d&#8217;unes jornades d&#8217;esqu\u00ed i snowboard als Pirineus francesos i catalans, ja que cada dia han anat canviant d&#8217;estaci\u00f3 s&#8217;esqu\u00ed: el primer dia van con\u00e8ixer Les&hellip;  <a href=\"https:\/\/agora.xtec.cat\/ieslaromanica\/general\/esquiada-1r-de-batxillerat-2017\/\" title=\"Read Esquiada 1r de Batxillerat 2017\">Llegeix m\u00e9s\u00bb<\/a><\/p>\n","protected":false},"author":3,"featured_media":1395,"comment_status":"open","ping_status":"open","sticky":false,"template":"","format":"standard","meta":{"_bbp_topic_count":0,"_bbp_reply_count":0,"_bbp_total_topic_count":0,"_bbp_total_reply_count":0,"_bbp_voice_count":0,"_bbp_anonymous_reply_count":0,"_bbp_topic_count_hidden":0,"_bbp_reply_count_hidden":0,"_bbp_forum_subforum_count":0,"footnotes":""},"categories":[72,8,1,29],"tags":[155],"class_list":["post-1340","post","type-post","status-publish","format-standard","has-post-thumbnail","hentry","category-1-batx","category-batxillerat","category-general","category-portada","tag-esquiada"],"post_mailing_queue_ids":[],"_links":{"self":[{"href":"https:\/\/agora.xtec.cat\/ieslaromanica\/wp-json\/wp\/v2\/posts\/1340","targetHints":{"allow":["GET"]}}],"collection":[{"href":"https:\/\/agora.xtec.cat\/ieslaromanica\/wp-json\/wp\/v2\/posts"}],"about":[{"href":"https:\/\/agora.xtec.cat\/ieslaromanica\/wp-json\/wp\/v2\/types\/post"}],"author":[{"embeddable":true,"href":"https:\/\/agora.xtec.cat\/ieslaromanica\/wp-json\/wp\/v2\/users\/3"}],"replies":[{"embeddable":true,"href":"https:\/\/agora.xtec.cat\/ieslaromanica\/wp-json\/wp\/v2\/comments?post=1340"}],"version-history":[{"count":2,"href":"https:\/\/agora.xtec.cat\/ieslaromanica\/wp-json\/wp\/v2\/posts\/1340\/revisions"}],"predecessor-version":[{"id":1397,"href":"https:\/\/agora.xtec.cat\/ieslaromanica\/wp-json\/wp\/v2\/posts\/1340\/revisions\/1397"}],"wp:featuredmedia":[{"embeddable":true,"href":"https:\/\/agora.xtec.cat\/ieslaromanica\/wp-json\/wp\/v2\/media\/1395"}],"wp:attachment":[{"href":"https:\/\/agora.xtec.cat\/ieslaromanica\/wp-json\/wp\/v2\/media?parent=1340"}],"wp:term":[{"taxonomy":"category","embeddable":true,"href":"https:\/\/agora.xtec.cat\/ieslaromanica\/wp-json\/wp\/v2\/categories?post=1340"},{"taxonomy":"post_tag","embeddable":true,"href":"https:\/\/agora.xtec.cat\/ieslaromanica\/wp-json\/wp\/v2\/tags?post=1340"}],"curies":[{"name":"wp","href":"https:\/\/api.w.org\/{rel}","templated":true}]}}