{"id":1330,"date":"2017-05-15T12:25:50","date_gmt":"2017-05-15T10:25:50","guid":{"rendered":"http:\/\/agora.xtec.cat\/ieslaromanica\/?p=1330"},"modified":"2017-05-15T12:25:50","modified_gmt":"2017-05-15T10:25:50","slug":"sant-jordi-2017","status":"publish","type":"post","link":"https:\/\/agora.xtec.cat\/ieslaromanica\/general\/sant-jordi-2017\/","title":{"rendered":"Sant Jordi 2017"},"content":{"rendered":"<p><a href=\"http:\/\/agora.xtec.cat\/ieslaromanica\/wp-content\/uploads\/usu857\/2017\/04\/sant-jordi-entrada.jpg\"><img loading=\"lazy\" decoding=\"async\" class=\"alignnone size-full wp-image-1332\" src=\"http:\/\/agora.xtec.cat\/ieslaromanica\/wp-content\/uploads\/usu857\/2017\/04\/sant-jordi-entrada.jpg\" alt=\"sant jordi entrada\" width=\"1053\" height=\"853\" srcset=\"https:\/\/agora.xtec.cat\/ieslaromanica\/wp-content\/uploads\/usu857\/2017\/04\/sant-jordi-entrada.jpg 1053w, https:\/\/agora.xtec.cat\/ieslaromanica\/wp-content\/uploads\/usu857\/2017\/04\/sant-jordi-entrada-300x243.jpg 300w, https:\/\/agora.xtec.cat\/ieslaromanica\/wp-content\/uploads\/usu857\/2017\/04\/sant-jordi-entrada-768x622.jpg 768w, https:\/\/agora.xtec.cat\/ieslaromanica\/wp-content\/uploads\/usu857\/2017\/04\/sant-jordi-entrada-1024x830.jpg 1024w\" sizes=\"auto, (max-width: 1053px) 100vw, 1053px\" \/><\/a><\/p>\n<p style=\"text-align: justify;\">Enguany, Pere Quart, Montserrat Roig, Anna Akhm\u00e0tova i Gloria Fuertes han estat els escriptors i escriptores homenatjats per Sant Jordi.<\/p>\n<p style=\"text-align: justify;\">El dia 21 d&#8217;abril van concloure les activitats al voltant de la festivitat de Sant Jordi amb una jornada liter\u00e0ria i art\u00edstica memorable, amb actuacions del nostre alumnat de caire musical, de m\u00fasica i cant, de dansa i amb la lectura de poemes i narracions.<\/p>\n<p style=\"text-align: center;\"><a href=\"http:\/\/agora.xtec.cat\/ieslaromanica\/wp-content\/uploads\/usu857\/2017\/05\/DSC_0401.jpg\"><img loading=\"lazy\" decoding=\"async\" class=\"alignnone size-full wp-image-1376\" src=\"http:\/\/agora.xtec.cat\/ieslaromanica\/wp-content\/uploads\/usu857\/2017\/05\/DSC_0401.jpg\" alt=\"DSC_0401\" width=\"961\" height=\"742\" srcset=\"https:\/\/agora.xtec.cat\/ieslaromanica\/wp-content\/uploads\/usu857\/2017\/05\/DSC_0401.jpg 961w, https:\/\/agora.xtec.cat\/ieslaromanica\/wp-content\/uploads\/usu857\/2017\/05\/DSC_0401-300x232.jpg 300w, https:\/\/agora.xtec.cat\/ieslaromanica\/wp-content\/uploads\/usu857\/2017\/05\/DSC_0401-768x593.jpg 768w\" sizes=\"auto, (max-width: 961px) 100vw, 961px\" \/><\/a> <a href=\"http:\/\/agora.xtec.cat\/ieslaromanica\/wp-content\/uploads\/usu857\/2017\/05\/DSC_0391.jpg\"><img loading=\"lazy\" decoding=\"async\" class=\"alignnone size-full wp-image-1377\" src=\"http:\/\/agora.xtec.cat\/ieslaromanica\/wp-content\/uploads\/usu857\/2017\/05\/DSC_0391.jpg\" alt=\"DSC_0391\" width=\"1005\" height=\"801\" srcset=\"https:\/\/agora.xtec.cat\/ieslaromanica\/wp-content\/uploads\/usu857\/2017\/05\/DSC_0391.jpg 1005w, https:\/\/agora.xtec.cat\/ieslaromanica\/wp-content\/uploads\/usu857\/2017\/05\/DSC_0391-300x239.jpg 300w, https:\/\/agora.xtec.cat\/ieslaromanica\/wp-content\/uploads\/usu857\/2017\/05\/DSC_0391-768x612.jpg 768w\" sizes=\"auto, (max-width: 1005px) 100vw, 1005px\" \/><\/a> <a href=\"http:\/\/agora.xtec.cat\/ieslaromanica\/wp-content\/uploads\/usu857\/2017\/05\/DSC_0368.jpg\"><img loading=\"lazy\" decoding=\"async\" class=\"alignnone size-full wp-image-1378\" src=\"http:\/\/agora.xtec.cat\/ieslaromanica\/wp-content\/uploads\/usu857\/2017\/05\/DSC_0368.jpg\" alt=\"DSC_0368\" width=\"1204\" height=\"800\" srcset=\"https:\/\/agora.xtec.cat\/ieslaromanica\/wp-content\/uploads\/usu857\/2017\/05\/DSC_0368.jpg 1204w, https:\/\/agora.xtec.cat\/ieslaromanica\/wp-content\/uploads\/usu857\/2017\/05\/DSC_0368-300x199.jpg 300w, https:\/\/agora.xtec.cat\/ieslaromanica\/wp-content\/uploads\/usu857\/2017\/05\/DSC_0368-768x510.jpg 768w, https:\/\/agora.xtec.cat\/ieslaromanica\/wp-content\/uploads\/usu857\/2017\/05\/DSC_0368-1024x680.jpg 1024w\" sizes=\"auto, (max-width: 1204px) 100vw, 1204px\" \/><\/a> <a href=\"http:\/\/agora.xtec.cat\/ieslaromanica\/wp-content\/uploads\/usu857\/2017\/05\/DSC_0355.jpg\"><img loading=\"lazy\" decoding=\"async\" class=\"alignnone size-full wp-image-1379\" src=\"http:\/\/agora.xtec.cat\/ieslaromanica\/wp-content\/uploads\/usu857\/2017\/05\/DSC_0355.jpg\" alt=\"DSC_0355\" width=\"1141\" height=\"980\" srcset=\"https:\/\/agora.xtec.cat\/ieslaromanica\/wp-content\/uploads\/usu857\/2017\/05\/DSC_0355.jpg 1141w, https:\/\/agora.xtec.cat\/ieslaromanica\/wp-content\/uploads\/usu857\/2017\/05\/DSC_0355-300x258.jpg 300w, https:\/\/agora.xtec.cat\/ieslaromanica\/wp-content\/uploads\/usu857\/2017\/05\/DSC_0355-768x660.jpg 768w, https:\/\/agora.xtec.cat\/ieslaromanica\/wp-content\/uploads\/usu857\/2017\/05\/DSC_0355-1024x880.jpg 1024w\" sizes=\"auto, (max-width: 1141px) 100vw, 1141px\" \/><\/a> <a href=\"http:\/\/agora.xtec.cat\/ieslaromanica\/wp-content\/uploads\/usu857\/2017\/05\/DSC_0349.jpg\"><img loading=\"lazy\" decoding=\"async\" class=\"alignnone size-full wp-image-1380\" src=\"http:\/\/agora.xtec.cat\/ieslaromanica\/wp-content\/uploads\/usu857\/2017\/05\/DSC_0349.jpg\" alt=\"DSC_0349\" width=\"1455\" height=\"605\" srcset=\"https:\/\/agora.xtec.cat\/ieslaromanica\/wp-content\/uploads\/usu857\/2017\/05\/DSC_0349.jpg 1455w, https:\/\/agora.xtec.cat\/ieslaromanica\/wp-content\/uploads\/usu857\/2017\/05\/DSC_0349-300x125.jpg 300w, https:\/\/agora.xtec.cat\/ieslaromanica\/wp-content\/uploads\/usu857\/2017\/05\/DSC_0349-768x319.jpg 768w, https:\/\/agora.xtec.cat\/ieslaromanica\/wp-content\/uploads\/usu857\/2017\/05\/DSC_0349-1024x426.jpg 1024w\" sizes=\"auto, (max-width: 1455px) 100vw, 1455px\" \/><\/a> <a href=\"http:\/\/agora.xtec.cat\/ieslaromanica\/wp-content\/uploads\/usu857\/2017\/05\/DSC_0260.jpg\"><img loading=\"lazy\" decoding=\"async\" class=\"alignnone size-full wp-image-1381\" src=\"http:\/\/agora.xtec.cat\/ieslaromanica\/wp-content\/uploads\/usu857\/2017\/05\/DSC_0260.jpg\" alt=\"DSC_0260\" width=\"798\" height=\"961\" srcset=\"https:\/\/agora.xtec.cat\/ieslaromanica\/wp-content\/uploads\/usu857\/2017\/05\/DSC_0260.jpg 798w, https:\/\/agora.xtec.cat\/ieslaromanica\/wp-content\/uploads\/usu857\/2017\/05\/DSC_0260-249x300.jpg 249w, https:\/\/agora.xtec.cat\/ieslaromanica\/wp-content\/uploads\/usu857\/2017\/05\/DSC_0260-768x925.jpg 768w\" sizes=\"auto, (max-width: 798px) 100vw, 798px\" \/><\/a> <a href=\"http:\/\/agora.xtec.cat\/ieslaromanica\/wp-content\/uploads\/usu857\/2017\/05\/DSC_0228.jpg\"><img loading=\"lazy\" decoding=\"async\" class=\"alignnone size-full wp-image-1382\" src=\"http:\/\/agora.xtec.cat\/ieslaromanica\/wp-content\/uploads\/usu857\/2017\/05\/DSC_0228.jpg\" alt=\"DSC_0228\" width=\"1118\" height=\"625\" srcset=\"https:\/\/agora.xtec.cat\/ieslaromanica\/wp-content\/uploads\/usu857\/2017\/05\/DSC_0228.jpg 1118w, https:\/\/agora.xtec.cat\/ieslaromanica\/wp-content\/uploads\/usu857\/2017\/05\/DSC_0228-300x168.jpg 300w, https:\/\/agora.xtec.cat\/ieslaromanica\/wp-content\/uploads\/usu857\/2017\/05\/DSC_0228-768x429.jpg 768w, https:\/\/agora.xtec.cat\/ieslaromanica\/wp-content\/uploads\/usu857\/2017\/05\/DSC_0228-1024x572.jpg 1024w\" sizes=\"auto, (max-width: 1118px) 100vw, 1118px\" \/><\/a> <a href=\"http:\/\/agora.xtec.cat\/ieslaromanica\/wp-content\/uploads\/usu857\/2017\/05\/DSC_0116.jpg\"><img loading=\"lazy\" decoding=\"async\" class=\"alignnone size-full wp-image-1383\" src=\"http:\/\/agora.xtec.cat\/ieslaromanica\/wp-content\/uploads\/usu857\/2017\/05\/DSC_0116.jpg\" alt=\"DSC_0116\" width=\"897\" height=\"730\" srcset=\"https:\/\/agora.xtec.cat\/ieslaromanica\/wp-content\/uploads\/usu857\/2017\/05\/DSC_0116.jpg 897w, https:\/\/agora.xtec.cat\/ieslaromanica\/wp-content\/uploads\/usu857\/2017\/05\/DSC_0116-300x244.jpg 300w, https:\/\/agora.xtec.cat\/ieslaromanica\/wp-content\/uploads\/usu857\/2017\/05\/DSC_0116-768x625.jpg 768w\" sizes=\"auto, (max-width: 897px) 100vw, 897px\" \/><\/a> <a href=\"http:\/\/agora.xtec.cat\/ieslaromanica\/wp-content\/uploads\/usu857\/2017\/05\/DSC_0087.jpg\"><img loading=\"lazy\" decoding=\"async\" class=\"alignnone size-full wp-image-1384\" src=\"http:\/\/agora.xtec.cat\/ieslaromanica\/wp-content\/uploads\/usu857\/2017\/05\/DSC_0087.jpg\" alt=\"DSC_0087\" width=\"1204\" height=\"800\" srcset=\"https:\/\/agora.xtec.cat\/ieslaromanica\/wp-content\/uploads\/usu857\/2017\/05\/DSC_0087.jpg 1204w, https:\/\/agora.xtec.cat\/ieslaromanica\/wp-content\/uploads\/usu857\/2017\/05\/DSC_0087-300x199.jpg 300w, https:\/\/agora.xtec.cat\/ieslaromanica\/wp-content\/uploads\/usu857\/2017\/05\/DSC_0087-768x510.jpg 768w, https:\/\/agora.xtec.cat\/ieslaromanica\/wp-content\/uploads\/usu857\/2017\/05\/DSC_0087-1024x680.jpg 1024w\" sizes=\"auto, (max-width: 1204px) 100vw, 1204px\" \/><\/a> <a href=\"http:\/\/agora.xtec.cat\/ieslaromanica\/wp-content\/uploads\/usu857\/2017\/05\/DSC_0082.jpg\"><img loading=\"lazy\" decoding=\"async\" class=\"alignnone size-full wp-image-1385\" src=\"http:\/\/agora.xtec.cat\/ieslaromanica\/wp-content\/uploads\/usu857\/2017\/05\/DSC_0082.jpg\" alt=\"DSC_0082\" width=\"852\" height=\"707\" srcset=\"https:\/\/agora.xtec.cat\/ieslaromanica\/wp-content\/uploads\/usu857\/2017\/05\/DSC_0082.jpg 852w, https:\/\/agora.xtec.cat\/ieslaromanica\/wp-content\/uploads\/usu857\/2017\/05\/DSC_0082-300x250.jpg 300w, https:\/\/agora.xtec.cat\/ieslaromanica\/wp-content\/uploads\/usu857\/2017\/05\/DSC_0082-768x637.jpg 768w\" sizes=\"auto, (max-width: 852px) 100vw, 852px\" \/><\/a><\/p>\n<p style=\"text-align: justify;\">Tamb\u00e9 es van entregar els guardons dels concursos literaris en llengua catalana i castellana de les diverses categories (poesia, narrativa i microrelats, i la novetats dels <em>memes<\/em> en el cas de llengua catalana), aix\u00ed com dels concursos de fotografia del Departament de Matem\u00e0tiques i del Departament d&#8217;Educaci\u00f3 Visual i Pl\u00e0stica.<\/p>\n<p style=\"text-align: justify;\">FELICITATS A TOTES I A TOTS!<\/p>\n<p><a href=\"http:\/\/agora.xtec.cat\/ieslaromanica\/wp-content\/uploads\/usu857\/2014\/09\/Sant-Jordi-mural.jpg\"><img loading=\"lazy\" decoding=\"async\" class=\"alignnone size-full wp-image-1323\" src=\"http:\/\/agora.xtec.cat\/ieslaromanica\/wp-content\/uploads\/usu857\/2014\/09\/Sant-Jordi-mural.jpg\" alt=\"Sant Jordi mural\" width=\"1163\" height=\"595\" srcset=\"https:\/\/agora.xtec.cat\/ieslaromanica\/wp-content\/uploads\/usu857\/2014\/09\/Sant-Jordi-mural.jpg 1163w, https:\/\/agora.xtec.cat\/ieslaromanica\/wp-content\/uploads\/usu857\/2014\/09\/Sant-Jordi-mural-300x153.jpg 300w, https:\/\/agora.xtec.cat\/ieslaromanica\/wp-content\/uploads\/usu857\/2014\/09\/Sant-Jordi-mural-768x393.jpg 768w, https:\/\/agora.xtec.cat\/ieslaromanica\/wp-content\/uploads\/usu857\/2014\/09\/Sant-Jordi-mural-1024x524.jpg 1024w\" sizes=\"auto, (max-width: 1163px) 100vw, 1163px\" \/><\/a><\/p>\n","protected":false},"excerpt":{"rendered":"<p><a href=\"http:\/\/agora.xtec.cat\/ieslaromanica\/wp-content\/uploads\/usu857\/2017\/04\/sant-jordi-entrada.jpg\"><\/a><br \/>\nEnguany, Pere Quart, Montserrat Roig, Anna Akhm\u00e0tova i Gloria Fuertes han estat els escriptors i escriptores homenatjats per Sant Jordi.<br \/>\nEl dia 21 d&#8217;abril van concloure les activitats al voltant de la festivitat de Sant Jordi amb una jornada liter\u00e0ria i art\u00edstica memorable, amb actuacions&hellip;  <a href=\"https:\/\/agora.xtec.cat\/ieslaromanica\/general\/sant-jordi-2017\/\" title=\"Read Sant Jordi 2017\">Llegeix m\u00e9s\u00bb<\/a><\/p>\n","protected":false},"author":3,"featured_media":1332,"comment_status":"open","ping_status":"open","sticky":false,"template":"","format":"standard","meta":{"_bbp_topic_count":0,"_bbp_reply_count":0,"_bbp_total_topic_count":0,"_bbp_total_reply_count":0,"_bbp_voice_count":0,"_bbp_anonymous_reply_count":0,"_bbp_topic_count_hidden":0,"_bbp_reply_count_hidden":0,"_bbp_forum_subforum_count":0,"footnotes":""},"categories":[1,29],"tags":[131,38],"class_list":["post-1330","post","type-post","status-publish","format-standard","has-post-thumbnail","hentry","category-general","category-portada","tag-131","tag-sant-jordi"],"post_mailing_queue_ids":[],"_links":{"self":[{"href":"https:\/\/agora.xtec.cat\/ieslaromanica\/wp-json\/wp\/v2\/posts\/1330","targetHints":{"allow":["GET"]}}],"collection":[{"href":"https:\/\/agora.xtec.cat\/ieslaromanica\/wp-json\/wp\/v2\/posts"}],"about":[{"href":"https:\/\/agora.xtec.cat\/ieslaromanica\/wp-json\/wp\/v2\/types\/post"}],"author":[{"embeddable":true,"href":"https:\/\/agora.xtec.cat\/ieslaromanica\/wp-json\/wp\/v2\/users\/3"}],"replies":[{"embeddable":true,"href":"https:\/\/agora.xtec.cat\/ieslaromanica\/wp-json\/wp\/v2\/comments?post=1330"}],"version-history":[{"count":3,"href":"https:\/\/agora.xtec.cat\/ieslaromanica\/wp-json\/wp\/v2\/posts\/1330\/revisions"}],"predecessor-version":[{"id":1389,"href":"https:\/\/agora.xtec.cat\/ieslaromanica\/wp-json\/wp\/v2\/posts\/1330\/revisions\/1389"}],"wp:featuredmedia":[{"embeddable":true,"href":"https:\/\/agora.xtec.cat\/ieslaromanica\/wp-json\/wp\/v2\/media\/1332"}],"wp:attachment":[{"href":"https:\/\/agora.xtec.cat\/ieslaromanica\/wp-json\/wp\/v2\/media?parent=1330"}],"wp:term":[{"taxonomy":"category","embeddable":true,"href":"https:\/\/agora.xtec.cat\/ieslaromanica\/wp-json\/wp\/v2\/categories?post=1330"},{"taxonomy":"post_tag","embeddable":true,"href":"https:\/\/agora.xtec.cat\/ieslaromanica\/wp-json\/wp\/v2\/tags?post=1330"}],"curies":[{"name":"wp","href":"https:\/\/api.w.org\/{rel}","templated":true}]}}