{"id":1293,"date":"2017-05-11T12:30:07","date_gmt":"2017-05-11T10:30:07","guid":{"rendered":"http:\/\/agora.xtec.cat\/ieslaromanica\/?p=1293"},"modified":"2017-05-11T12:30:07","modified_gmt":"2017-05-11T10:30:07","slug":"curs-de-relaxacions-i-visualitzacions-creatives-a-laula","status":"publish","type":"post","link":"https:\/\/agora.xtec.cat\/ieslaromanica\/general\/curs-de-relaxacions-i-visualitzacions-creatives-a-laula\/","title":{"rendered":"Curs de relaxacions i visualitzacions creatives a l&#8217;aula"},"content":{"rendered":"<p style=\"text-align: justify;\">Durant el segon trimestre de curs, un grup de professores de del nostre institut ha pogut gaudir de la segona edici\u00f3 del &#8220;Curs de formaci\u00f3 en relaxacions i visualitzacions creatives a l&#8217;aula&#8221;, amb l&#8217;objectiu de con\u00e8ixer i aprofundir en algunes t\u00e8cniques de relaxaci\u00f3 per aplicar a l&#8217;aula amb el nostre alumnat.<\/p>\n<p style=\"text-align: justify;\">El curs s&#8217;ha impartit, novament, gr\u00e0cies a un equip de professores del centre que, de forma altru\u00efsta, han mostrat els seus coneixements i experi\u00e8ncies en el camp de la relaxaci\u00f3 a l&#8217;aula, per tal de poder aplicar aquestes t\u00e8cniques en el propi professorat i en l&#8217;alumnat.<\/p>\n<p style=\"text-align: center;\"><a href=\"http:\/\/agora.xtec.cat\/ieslaromanica\/wp-content\/uploads\/usu857\/2017\/05\/CD-la-foto-4-2-Ana.jpg\"><img loading=\"lazy\" decoding=\"async\" class=\"alignnone size-full wp-image-1367\" src=\"http:\/\/agora.xtec.cat\/ieslaromanica\/wp-content\/uploads\/usu857\/2017\/05\/CD-la-foto-4-2-Ana.jpg\" alt=\"CD la foto 4-2 Ana\" width=\"1632\" height=\"1224\" srcset=\"https:\/\/agora.xtec.cat\/ieslaromanica\/wp-content\/uploads\/usu857\/2017\/05\/CD-la-foto-4-2-Ana.jpg 1632w, https:\/\/agora.xtec.cat\/ieslaromanica\/wp-content\/uploads\/usu857\/2017\/05\/CD-la-foto-4-2-Ana-300x225.jpg 300w, https:\/\/agora.xtec.cat\/ieslaromanica\/wp-content\/uploads\/usu857\/2017\/05\/CD-la-foto-4-2-Ana-768x576.jpg 768w, https:\/\/agora.xtec.cat\/ieslaromanica\/wp-content\/uploads\/usu857\/2017\/05\/CD-la-foto-4-2-Ana-1024x768.jpg 1024w, https:\/\/agora.xtec.cat\/ieslaromanica\/wp-content\/uploads\/usu857\/2017\/05\/CD-la-foto-4-2-Ana-200x150.jpg 200w\" sizes=\"auto, (max-width: 1632px) 100vw, 1632px\" \/><\/a><\/p>\n<p style=\"text-align: justify;\">La Montserrat Bigas d&#8217;Educaci\u00f3 Visual i Pl\u00e0stica, la Carmen Arag\u00f3n del Departament d&#8217;Orientaci\u00f3 i l&#8217;Ana Ramallo d&#8217;Educaci\u00f3 F\u00edsica han estat les professores que han impartit el curs i els volem agrair, p\u00fablicament, la seva dedicaci\u00f3 en fer del nostre centre un lloc m\u00e9s harmoni\u00f3s. GR\u00c0CIES!<\/p>\n<p style=\"text-align: justify;\"><a href=\"http:\/\/agora.xtec.cat\/ieslaromanica\/wp-content\/uploads\/usu857\/2017\/05\/DE-IMG_20170228_161209-4dia.jpg\"><img loading=\"lazy\" decoding=\"async\" class=\"alignnone size-full wp-image-1366\" src=\"http:\/\/agora.xtec.cat\/ieslaromanica\/wp-content\/uploads\/usu857\/2017\/05\/DE-IMG_20170228_161209-4dia.jpg\" alt=\"DE IMG_20170228_161209 4dia\" width=\"1997\" height=\"1498\" srcset=\"https:\/\/agora.xtec.cat\/ieslaromanica\/wp-content\/uploads\/usu857\/2017\/05\/DE-IMG_20170228_161209-4dia.jpg 1997w, https:\/\/agora.xtec.cat\/ieslaromanica\/wp-content\/uploads\/usu857\/2017\/05\/DE-IMG_20170228_161209-4dia-300x225.jpg 300w, https:\/\/agora.xtec.cat\/ieslaromanica\/wp-content\/uploads\/usu857\/2017\/05\/DE-IMG_20170228_161209-4dia-768x576.jpg 768w, https:\/\/agora.xtec.cat\/ieslaromanica\/wp-content\/uploads\/usu857\/2017\/05\/DE-IMG_20170228_161209-4dia-1024x768.jpg 1024w, https:\/\/agora.xtec.cat\/ieslaromanica\/wp-content\/uploads\/usu857\/2017\/05\/DE-IMG_20170228_161209-4dia-200x150.jpg 200w\" sizes=\"auto, (max-width: 1997px) 100vw, 1997px\" \/><\/a><\/p>\n","protected":false},"excerpt":{"rendered":"<p>Durant el segon trimestre de curs, un grup de professores de del nostre institut ha pogut gaudir de la segona edici\u00f3 del &#8220;Curs de formaci\u00f3 en relaxacions i visualitzacions creatives a l&#8217;aula&#8221;, amb l&#8217;objectiu de con\u00e8ixer i aprofundir en algunes t\u00e8cniques de relaxaci\u00f3 per aplicar&hellip;  <a href=\"https:\/\/agora.xtec.cat\/ieslaromanica\/general\/curs-de-relaxacions-i-visualitzacions-creatives-a-laula\/\" title=\"Read Curs de relaxacions i visualitzacions creatives a l&#8217;aula\">Llegeix m\u00e9s\u00bb<\/a><\/p>\n","protected":false},"author":3,"featured_media":1367,"comment_status":"open","ping_status":"open","sticky":false,"template":"","format":"standard","meta":{"_bbp_topic_count":0,"_bbp_reply_count":0,"_bbp_total_topic_count":0,"_bbp_total_reply_count":0,"_bbp_voice_count":0,"_bbp_anonymous_reply_count":0,"_bbp_topic_count_hidden":0,"_bbp_reply_count_hidden":0,"_bbp_forum_subforum_count":0,"footnotes":""},"categories":[3,1,29],"tags":[147,151,152],"class_list":["post-1293","post","type-post","status-publish","format-standard","has-post-thumbnail","hentry","category-eso","category-general","category-portada","tag-curs-20162017","tag-curs-de-relaxacio","tag-professorat"],"post_mailing_queue_ids":[],"_links":{"self":[{"href":"https:\/\/agora.xtec.cat\/ieslaromanica\/wp-json\/wp\/v2\/posts\/1293","targetHints":{"allow":["GET"]}}],"collection":[{"href":"https:\/\/agora.xtec.cat\/ieslaromanica\/wp-json\/wp\/v2\/posts"}],"about":[{"href":"https:\/\/agora.xtec.cat\/ieslaromanica\/wp-json\/wp\/v2\/types\/post"}],"author":[{"embeddable":true,"href":"https:\/\/agora.xtec.cat\/ieslaromanica\/wp-json\/wp\/v2\/users\/3"}],"replies":[{"embeddable":true,"href":"https:\/\/agora.xtec.cat\/ieslaromanica\/wp-json\/wp\/v2\/comments?post=1293"}],"version-history":[{"count":3,"href":"https:\/\/agora.xtec.cat\/ieslaromanica\/wp-json\/wp\/v2\/posts\/1293\/revisions"}],"predecessor-version":[{"id":1368,"href":"https:\/\/agora.xtec.cat\/ieslaromanica\/wp-json\/wp\/v2\/posts\/1293\/revisions\/1368"}],"wp:featuredmedia":[{"embeddable":true,"href":"https:\/\/agora.xtec.cat\/ieslaromanica\/wp-json\/wp\/v2\/media\/1367"}],"wp:attachment":[{"href":"https:\/\/agora.xtec.cat\/ieslaromanica\/wp-json\/wp\/v2\/media?parent=1293"}],"wp:term":[{"taxonomy":"category","embeddable":true,"href":"https:\/\/agora.xtec.cat\/ieslaromanica\/wp-json\/wp\/v2\/categories?post=1293"},{"taxonomy":"post_tag","embeddable":true,"href":"https:\/\/agora.xtec.cat\/ieslaromanica\/wp-json\/wp\/v2\/tags?post=1293"}],"curies":[{"name":"wp","href":"https:\/\/api.w.org\/{rel}","templated":true}]}}