{"id":1284,"date":"2017-04-03T12:14:38","date_gmt":"2017-04-03T10:14:38","guid":{"rendered":"http:\/\/agora.xtec.cat\/ieslaromanica\/?p=1284"},"modified":"2017-04-03T12:14:38","modified_gmt":"2017-04-03T10:14:38","slug":"nous-contenidors-per-al-pati","status":"publish","type":"post","link":"https:\/\/agora.xtec.cat\/ieslaromanica\/general\/nous-contenidors-per-al-pati\/","title":{"rendered":"Nous contenidors per al Pati"},"content":{"rendered":"<p style=\"text-align: justify;\">L&#8217;AMPA de l&#8217;Institut La Rom\u00e0nica ha aportat vuit nous contenidors grocs per al pati, per tal d&#8217;augmentar i millorar aquest servei de recollida de deixalles dels esmorzars.<\/p>\n<p style=\"text-align: justify;\"><a href=\"http:\/\/agora.xtec.cat\/ieslaromanica\/wp-content\/uploads\/usu857\/2017\/04\/20170330_102957.jpg\"><img loading=\"lazy\" decoding=\"async\" class=\"alignnone size-full wp-image-1285\" src=\"http:\/\/agora.xtec.cat\/ieslaromanica\/wp-content\/uploads\/usu857\/2017\/04\/20170330_102957.jpg\" alt=\"20170330_102957\" width=\"1110\" height=\"1014\" srcset=\"https:\/\/agora.xtec.cat\/ieslaromanica\/wp-content\/uploads\/usu857\/2017\/04\/20170330_102957.jpg 1110w, https:\/\/agora.xtec.cat\/ieslaromanica\/wp-content\/uploads\/usu857\/2017\/04\/20170330_102957-300x274.jpg 300w, https:\/\/agora.xtec.cat\/ieslaromanica\/wp-content\/uploads\/usu857\/2017\/04\/20170330_102957-768x702.jpg 768w, https:\/\/agora.xtec.cat\/ieslaromanica\/wp-content\/uploads\/usu857\/2017\/04\/20170330_102957-1024x935.jpg 1024w\" sizes=\"auto, (max-width: 1110px) 100vw, 1110px\" \/><\/a><\/p>\n<p style=\"text-align: justify;\">Ara, per\u00f2, cal que l&#8217;alumnat sigui conscient de la necessitat de llen\u00e7ar a dins dels contenidors els envasos i embolcalls dels esmorzars., ja que tenir el nostre institut net \u00e9s cosa de tota la comunitat educativa.<\/p>\n<p>Esperem que tots i totes en fem un bon \u00fas!<\/p>\n","protected":false},"excerpt":{"rendered":"<p>L&#8217;AMPA de l&#8217;Institut La Rom\u00e0nica ha aportat vuit nous contenidors grocs per al pati, per tal d&#8217;augmentar i millorar aquest servei de recollida de deixalles dels esmorzars.<br \/>\n<a href=\"http:\/\/agora.xtec.cat\/ieslaromanica\/wp-content\/uploads\/usu857\/2017\/04\/20170330_102957.jpg\"><\/a><br \/>\nAra, per\u00f2, cal que l&#8217;alumnat sigui conscient de la necessitat de llen\u00e7ar a dins dels contenidors els envasos&hellip;  <a href=\"https:\/\/agora.xtec.cat\/ieslaromanica\/general\/nous-contenidors-per-al-pati\/\" title=\"Read Nous contenidors per al Pati\">Llegeix m\u00e9s\u00bb<\/a><\/p>\n","protected":false},"author":3,"featured_media":1285,"comment_status":"open","ping_status":"open","sticky":false,"template":"","format":"standard","meta":{"_bbp_topic_count":0,"_bbp_reply_count":0,"_bbp_total_topic_count":0,"_bbp_total_reply_count":0,"_bbp_voice_count":0,"_bbp_anonymous_reply_count":0,"_bbp_topic_count_hidden":0,"_bbp_reply_count_hidden":0,"_bbp_forum_subforum_count":0,"footnotes":""},"categories":[1],"tags":[],"class_list":["post-1284","post","type-post","status-publish","format-standard","has-post-thumbnail","hentry","category-general"],"post_mailing_queue_ids":[],"_links":{"self":[{"href":"https:\/\/agora.xtec.cat\/ieslaromanica\/wp-json\/wp\/v2\/posts\/1284","targetHints":{"allow":["GET"]}}],"collection":[{"href":"https:\/\/agora.xtec.cat\/ieslaromanica\/wp-json\/wp\/v2\/posts"}],"about":[{"href":"https:\/\/agora.xtec.cat\/ieslaromanica\/wp-json\/wp\/v2\/types\/post"}],"author":[{"embeddable":true,"href":"https:\/\/agora.xtec.cat\/ieslaromanica\/wp-json\/wp\/v2\/users\/3"}],"replies":[{"embeddable":true,"href":"https:\/\/agora.xtec.cat\/ieslaromanica\/wp-json\/wp\/v2\/comments?post=1284"}],"version-history":[{"count":1,"href":"https:\/\/agora.xtec.cat\/ieslaromanica\/wp-json\/wp\/v2\/posts\/1284\/revisions"}],"predecessor-version":[{"id":1286,"href":"https:\/\/agora.xtec.cat\/ieslaromanica\/wp-json\/wp\/v2\/posts\/1284\/revisions\/1286"}],"wp:featuredmedia":[{"embeddable":true,"href":"https:\/\/agora.xtec.cat\/ieslaromanica\/wp-json\/wp\/v2\/media\/1285"}],"wp:attachment":[{"href":"https:\/\/agora.xtec.cat\/ieslaromanica\/wp-json\/wp\/v2\/media?parent=1284"}],"wp:term":[{"taxonomy":"category","embeddable":true,"href":"https:\/\/agora.xtec.cat\/ieslaromanica\/wp-json\/wp\/v2\/categories?post=1284"},{"taxonomy":"post_tag","embeddable":true,"href":"https:\/\/agora.xtec.cat\/ieslaromanica\/wp-json\/wp\/v2\/tags?post=1284"}],"curies":[{"name":"wp","href":"https:\/\/api.w.org\/{rel}","templated":true}]}}