{"id":1243,"date":"2017-03-20T13:06:18","date_gmt":"2017-03-20T12:06:18","guid":{"rendered":"http:\/\/agora.xtec.cat\/ieslaromanica\/?p=1243"},"modified":"2017-03-20T13:07:12","modified_gmt":"2017-03-20T12:07:12","slug":"kins-forfbal-2017","status":"publish","type":"post","link":"https:\/\/agora.xtec.cat\/ieslaromanica\/general\/kins-forfbal-2017\/","title":{"rendered":"Kins Forfbal 2017"},"content":{"rendered":"<p style=\"text-align: center;\"><a href=\"http:\/\/agora.xtec.cat\/ieslaromanica\/wp-content\/uploads\/usu857\/2017\/03\/20170307_123248_resized.jpg\"><img loading=\"lazy\" decoding=\"async\" class=\"alignnone size-full wp-image-1244\" src=\"http:\/\/agora.xtec.cat\/ieslaromanica\/wp-content\/uploads\/usu857\/2017\/03\/20170307_123248_resized.jpg\" alt=\"20170307_123248_resized\" width=\"1025\" height=\"561\" srcset=\"https:\/\/agora.xtec.cat\/ieslaromanica\/wp-content\/uploads\/usu857\/2017\/03\/20170307_123248_resized.jpg 1025w, https:\/\/agora.xtec.cat\/ieslaromanica\/wp-content\/uploads\/usu857\/2017\/03\/20170307_123248_resized-300x164.jpg 300w, https:\/\/agora.xtec.cat\/ieslaromanica\/wp-content\/uploads\/usu857\/2017\/03\/20170307_123248_resized-768x420.jpg 768w, https:\/\/agora.xtec.cat\/ieslaromanica\/wp-content\/uploads\/usu857\/2017\/03\/20170307_123248_resized-1024x560.jpg 1024w\" sizes=\"auto, (max-width: 1025px) 100vw, 1025px\" \/><\/a><\/p>\n<p style=\"text-align: justify;\">Kins 2017 ha tingut lloc els dies 7 i 9 de ma\u00e7 de 2017 a Can Xarau, a Cerdanyola del Vall\u00e8s. Enguanny, a la Trobada de Korfbal hi han participat 54 equips de 9 instituts.<\/p>\n<p style=\"text-align: justify;\">A la primera jornada van participar els equips de la categoria cadet, corresponents a 3r i 4t d&#8217;ESO:<\/p>\n<p style=\"text-align: center;\"><a href=\"http:\/\/agora.xtec.cat\/ieslaromanica\/wp-content\/uploads\/usu857\/2017\/03\/20170309_132302_resized.jpg\"><img loading=\"lazy\" decoding=\"async\" class=\"alignnone size-full wp-image-1245\" src=\"http:\/\/agora.xtec.cat\/ieslaromanica\/wp-content\/uploads\/usu857\/2017\/03\/20170309_132302_resized.jpg\" alt=\"20170309_132302_resized\" width=\"1453\" height=\"733\" srcset=\"https:\/\/agora.xtec.cat\/ieslaromanica\/wp-content\/uploads\/usu857\/2017\/03\/20170309_132302_resized.jpg 1453w, https:\/\/agora.xtec.cat\/ieslaromanica\/wp-content\/uploads\/usu857\/2017\/03\/20170309_132302_resized-300x151.jpg 300w, https:\/\/agora.xtec.cat\/ieslaromanica\/wp-content\/uploads\/usu857\/2017\/03\/20170309_132302_resized-768x387.jpg 768w, https:\/\/agora.xtec.cat\/ieslaromanica\/wp-content\/uploads\/usu857\/2017\/03\/20170309_132302_resized-1024x517.jpg 1024w\" sizes=\"auto, (max-width: 1453px) 100vw, 1453px\" \/><\/a><\/p>\n<p style=\"text-align: justify;\">A la segona jornada van participar els equips de la categoria infantil, corresponents a 1r i 2n d&#8217;ESO:<\/p>\n<p style=\"text-align: center;\"><a href=\"http:\/\/agora.xtec.cat\/ieslaromanica\/wp-content\/uploads\/usu857\/2017\/03\/IMG_20170309_173936.jpg\"><img loading=\"lazy\" decoding=\"async\" class=\"alignnone size-full wp-image-1246\" src=\"http:\/\/agora.xtec.cat\/ieslaromanica\/wp-content\/uploads\/usu857\/2017\/03\/IMG_20170309_173936.jpg\" alt=\"img_20170309_173936\" width=\"1294\" height=\"921\" srcset=\"https:\/\/agora.xtec.cat\/ieslaromanica\/wp-content\/uploads\/usu857\/2017\/03\/IMG_20170309_173936.jpg 1294w, https:\/\/agora.xtec.cat\/ieslaromanica\/wp-content\/uploads\/usu857\/2017\/03\/IMG_20170309_173936-300x214.jpg 300w, https:\/\/agora.xtec.cat\/ieslaromanica\/wp-content\/uploads\/usu857\/2017\/03\/IMG_20170309_173936-768x547.jpg 768w, https:\/\/agora.xtec.cat\/ieslaromanica\/wp-content\/uploads\/usu857\/2017\/03\/IMG_20170309_173936-1024x729.jpg 1024w\" sizes=\"auto, (max-width: 1294px) 100vw, 1294px\" \/><\/a><\/p>\n<p style=\"text-align: justify;\">Enguany, no hem guanyat res, per\u00f2 l&#8217;alumnat participant s&#8217;ho va passar molt, per\u00f2 que molt b\u00e9.<\/p>\n","protected":false},"excerpt":{"rendered":"<p><a href=\"http:\/\/agora.xtec.cat\/ieslaromanica\/wp-content\/uploads\/usu857\/2017\/03\/20170307_123248_resized.jpg\"><\/a><br \/>\nKins 2017 ha tingut lloc els dies 7 i 9 de ma\u00e7 de 2017 a Can Xarau, a Cerdanyola del Vall\u00e8s. Enguanny, a la Trobada de Korfbal hi han participat 54 equips de 9 instituts.<br \/>\nA la primera jornada van participar els equips de la&hellip;  <a href=\"https:\/\/agora.xtec.cat\/ieslaromanica\/general\/kins-forfbal-2017\/\" title=\"Read Kins Forfbal 2017\">Llegeix m\u00e9s\u00bb<\/a><\/p>\n","protected":false},"author":3,"featured_media":1244,"comment_status":"open","ping_status":"open","sticky":false,"template":"","format":"standard","meta":{"_bbp_topic_count":0,"_bbp_reply_count":0,"_bbp_total_topic_count":0,"_bbp_total_reply_count":0,"_bbp_voice_count":0,"_bbp_anonymous_reply_count":0,"_bbp_topic_count_hidden":0,"_bbp_reply_count_hidden":0,"_bbp_forum_subforum_count":0,"footnotes":""},"categories":[3,1,29],"tags":[131,134,135],"class_list":["post-1243","post","type-post","status-publish","format-standard","has-post-thumbnail","hentry","category-eso","category-general","category-portada","tag-131","tag-kins","tag-korfbal"],"post_mailing_queue_ids":[],"_links":{"self":[{"href":"https:\/\/agora.xtec.cat\/ieslaromanica\/wp-json\/wp\/v2\/posts\/1243","targetHints":{"allow":["GET"]}}],"collection":[{"href":"https:\/\/agora.xtec.cat\/ieslaromanica\/wp-json\/wp\/v2\/posts"}],"about":[{"href":"https:\/\/agora.xtec.cat\/ieslaromanica\/wp-json\/wp\/v2\/types\/post"}],"author":[{"embeddable":true,"href":"https:\/\/agora.xtec.cat\/ieslaromanica\/wp-json\/wp\/v2\/users\/3"}],"replies":[{"embeddable":true,"href":"https:\/\/agora.xtec.cat\/ieslaromanica\/wp-json\/wp\/v2\/comments?post=1243"}],"version-history":[{"count":1,"href":"https:\/\/agora.xtec.cat\/ieslaromanica\/wp-json\/wp\/v2\/posts\/1243\/revisions"}],"predecessor-version":[{"id":1247,"href":"https:\/\/agora.xtec.cat\/ieslaromanica\/wp-json\/wp\/v2\/posts\/1243\/revisions\/1247"}],"wp:featuredmedia":[{"embeddable":true,"href":"https:\/\/agora.xtec.cat\/ieslaromanica\/wp-json\/wp\/v2\/media\/1244"}],"wp:attachment":[{"href":"https:\/\/agora.xtec.cat\/ieslaromanica\/wp-json\/wp\/v2\/media?parent=1243"}],"wp:term":[{"taxonomy":"category","embeddable":true,"href":"https:\/\/agora.xtec.cat\/ieslaromanica\/wp-json\/wp\/v2\/categories?post=1243"},{"taxonomy":"post_tag","embeddable":true,"href":"https:\/\/agora.xtec.cat\/ieslaromanica\/wp-json\/wp\/v2\/tags?post=1243"}],"curies":[{"name":"wp","href":"https:\/\/api.w.org\/{rel}","templated":true}]}}