{"id":1185,"date":"2017-05-11T12:11:40","date_gmt":"2017-05-11T10:11:40","guid":{"rendered":"http:\/\/agora.xtec.cat\/ieslaromanica\/?p=1185"},"modified":"2017-05-15T11:40:34","modified_gmt":"2017-05-15T09:40:34","slug":"les-competencies-basiques-matematiques","status":"publish","type":"post","link":"https:\/\/agora.xtec.cat\/ieslaromanica\/general\/les-competencies-basiques-matematiques\/","title":{"rendered":"Primera Setmana Matem\u00e0tica"},"content":{"rendered":"<p style=\"text-align: center;\"><a href=\"http:\/\/agora.xtec.cat\/ieslaromanica\/wp-content\/uploads\/usu857\/2014\/09\/foto-mate.jpg\"><img loading=\"lazy\" decoding=\"async\" class=\"alignnone size-full wp-image-1275\" src=\"http:\/\/agora.xtec.cat\/ieslaromanica\/wp-content\/uploads\/usu857\/2014\/09\/foto-mate.jpg\" alt=\"foto mate\" width=\"1070\" height=\"1153\" srcset=\"https:\/\/agora.xtec.cat\/ieslaromanica\/wp-content\/uploads\/usu857\/2014\/09\/foto-mate.jpg 1070w, https:\/\/agora.xtec.cat\/ieslaromanica\/wp-content\/uploads\/usu857\/2014\/09\/foto-mate-278x300.jpg 278w, https:\/\/agora.xtec.cat\/ieslaromanica\/wp-content\/uploads\/usu857\/2014\/09\/foto-mate-768x828.jpg 768w, https:\/\/agora.xtec.cat\/ieslaromanica\/wp-content\/uploads\/usu857\/2014\/09\/foto-mate-950x1024.jpg 950w\" sizes=\"auto, (max-width: 1070px) 100vw, 1070px\" \/><\/a><\/p>\n<p style=\"text-align: justify;\">Durant la setmana del 18 al 21 d&#8217;abril, tot l&#8217;alumnat de 1r, 2n i 3r d&#8217;ESO ha participat a la SETMANA MATEM\u00c0TICA. Es tracta de les primeres jornades de Compet\u00e8ncies B\u00e0siques Matem\u00e0tiques que s&#8217;organitzen al centre<\/p>\n<p style=\"text-align: justify;\">L&#8217;objectiu principal ha estat que l&#8217;alumnat reforci alguns conceptes matem\u00e0tics importants, aplicables a cada una de les mat\u00e8ries, per tal que prenguin consci\u00e8ncia de la transversalitat de les Compet\u00e8ncies B\u00e0siques (CCBB).<\/p>\n<p style=\"text-align: justify;\">S&#8217;ha dut a terme aquest projecte transversal per tal de fomentar al nostre centre el treball competencial. A m\u00e9s, cada any, a 4t d&#8217;ESO l&#8217;alumnat passa les proves de Compet\u00e8ncies B\u00e0siques que mesuren qu\u00e8 saben de les mat\u00e8ries de catal\u00e0, castell\u00e0, angl\u00e8s, ci\u00e8ncies, tecnologia i matem\u00e0tiques. Per tant, esdev\u00e9 molt important que s\u00e0piguen aplicar aquests coneixements al llarg de tota l&#8217;etapa de l&#8217;ESO.<\/p>\n<p style=\"text-align: justify;\">Des de cada una de les mat\u00e8ries i nivells, s&#8217;han proposat diferents activitats adre\u00e7ades a aprendre a aplicar les compet\u00e8ncies matem\u00e0tiques des de les diferents \u00e0rees. Cada professor i professora ha avaluat els resultats de les activitats dutes a terme i la nota final de les activitats comptaran en la mitjana de la tercera avaluaci\u00f3 de les diferents mat\u00e8ries.<\/p>\n<p style=\"text-align: center;\">Recordem la frase:<\/p>\n<p style=\"text-align: center;\"><em>L&#8217;\u00fanica forma d&#8217;aprendre matem\u00e0tiques \u00e9s aplicar les matem\u00e0tiques <\/em>(Paul Halmos).<\/p>\n<p style=\"text-align: justify;\">\n","protected":false},"excerpt":{"rendered":"<p><a href=\"http:\/\/agora.xtec.cat\/ieslaromanica\/wp-content\/uploads\/usu857\/2014\/09\/foto-mate.jpg\"><\/a><br \/>\nDurant la setmana del 18 al 21 d&#8217;abril, tot l&#8217;alumnat de 1r, 2n i 3r d&#8217;ESO ha participat a la SETMANA MATEM\u00c0TICA. Es tracta de les primeres jornades de Compet\u00e8ncies B\u00e0siques Matem\u00e0tiques que s&#8217;organitzen al centre<br \/>\nL&#8217;objectiu principal ha estat que l&#8217;alumnat reforci alguns conceptes&hellip;  <a href=\"https:\/\/agora.xtec.cat\/ieslaromanica\/general\/les-competencies-basiques-matematiques\/\" title=\"Read Primera Setmana Matem\u00e0tica\">Llegeix m\u00e9s\u00bb<\/a><\/p>\n","protected":false},"author":3,"featured_media":1275,"comment_status":"open","ping_status":"open","sticky":false,"template":"","format":"standard","meta":{"_bbp_topic_count":0,"_bbp_reply_count":0,"_bbp_total_topic_count":0,"_bbp_total_reply_count":0,"_bbp_voice_count":0,"_bbp_anonymous_reply_count":0,"_bbp_topic_count_hidden":0,"_bbp_reply_count_hidden":0,"_bbp_forum_subforum_count":0,"footnotes":""},"categories":[3,1,29],"tags":[138],"class_list":["post-1185","post","type-post","status-publish","format-standard","has-post-thumbnail","hentry","category-eso","category-general","category-portada","tag-competencies-basiques"],"post_mailing_queue_ids":[],"_links":{"self":[{"href":"https:\/\/agora.xtec.cat\/ieslaromanica\/wp-json\/wp\/v2\/posts\/1185","targetHints":{"allow":["GET"]}}],"collection":[{"href":"https:\/\/agora.xtec.cat\/ieslaromanica\/wp-json\/wp\/v2\/posts"}],"about":[{"href":"https:\/\/agora.xtec.cat\/ieslaromanica\/wp-json\/wp\/v2\/types\/post"}],"author":[{"embeddable":true,"href":"https:\/\/agora.xtec.cat\/ieslaromanica\/wp-json\/wp\/v2\/users\/3"}],"replies":[{"embeddable":true,"href":"https:\/\/agora.xtec.cat\/ieslaromanica\/wp-json\/wp\/v2\/comments?post=1185"}],"version-history":[{"count":3,"href":"https:\/\/agora.xtec.cat\/ieslaromanica\/wp-json\/wp\/v2\/posts\/1185\/revisions"}],"predecessor-version":[{"id":1374,"href":"https:\/\/agora.xtec.cat\/ieslaromanica\/wp-json\/wp\/v2\/posts\/1185\/revisions\/1374"}],"wp:featuredmedia":[{"embeddable":true,"href":"https:\/\/agora.xtec.cat\/ieslaromanica\/wp-json\/wp\/v2\/media\/1275"}],"wp:attachment":[{"href":"https:\/\/agora.xtec.cat\/ieslaromanica\/wp-json\/wp\/v2\/media?parent=1185"}],"wp:term":[{"taxonomy":"category","embeddable":true,"href":"https:\/\/agora.xtec.cat\/ieslaromanica\/wp-json\/wp\/v2\/categories?post=1185"},{"taxonomy":"post_tag","embeddable":true,"href":"https:\/\/agora.xtec.cat\/ieslaromanica\/wp-json\/wp\/v2\/tags?post=1185"}],"curies":[{"name":"wp","href":"https:\/\/api.w.org\/{rel}","templated":true}]}}