{"id":1080,"date":"2017-04-03T11:40:50","date_gmt":"2017-04-03T09:40:50","guid":{"rendered":"http:\/\/agora.xtec.cat\/ieslaromanica\/?p=1080"},"modified":"2017-04-03T12:05:05","modified_gmt":"2017-04-03T10:05:05","slug":"quin-temps-fa-avui-diga-mho-tu","status":"publish","type":"post","link":"https:\/\/agora.xtec.cat\/ieslaromanica\/general\/quin-temps-fa-avui-diga-mho-tu\/","title":{"rendered":"Quin temps fa avui? Diga-m&#8217;ho tu!"},"content":{"rendered":"<p style=\"text-align: center;\"><a href=\"http:\/\/agora.xtec.cat\/ieslaromanica\/wp-content\/uploads\/usu857\/2017\/02\/20170203_084850.jpg\"><img loading=\"lazy\" decoding=\"async\" class=\"alignnone size-full wp-image-1252\" src=\"http:\/\/agora.xtec.cat\/ieslaromanica\/wp-content\/uploads\/usu857\/2017\/02\/20170203_084850.jpg\" alt=\"20170203_084850\" width=\"1069\" height=\"721\" srcset=\"https:\/\/agora.xtec.cat\/ieslaromanica\/wp-content\/uploads\/usu857\/2017\/02\/20170203_084850.jpg 1069w, https:\/\/agora.xtec.cat\/ieslaromanica\/wp-content\/uploads\/usu857\/2017\/02\/20170203_084850-300x202.jpg 300w, https:\/\/agora.xtec.cat\/ieslaromanica\/wp-content\/uploads\/usu857\/2017\/02\/20170203_084850-768x518.jpg 768w, https:\/\/agora.xtec.cat\/ieslaromanica\/wp-content\/uploads\/usu857\/2017\/02\/20170203_084850-1024x691.jpg 1024w\" sizes=\"auto, (max-width: 1069px) 100vw, 1069px\" \/><\/a><\/p>\n<p style=\"text-align: justify;\">Fruit\u00a0del Projecte de Meteorologia del Departament de Ci\u00e8ncies Socials del nostre centre, hem instal\u00b7lat una caseta meteorol\u00f2gica al pati de l&#8217;institut.<\/p>\n<p style=\"text-align: justify;\">La caseta meteorol\u00f2gica consta dels seg\u00fcents aparells:<\/p>\n<ul>\n<li style=\"text-align: justify;\">Term\u00f2metre de temperatures m\u00e0ximes i m\u00ednimes<\/li>\n<li style=\"text-align: justify;\">Higr\u00f2metre per mesurar la humitat<\/li>\n<li style=\"text-align: justify;\">Bar\u00f2metre per mesurar la pressi\u00f3 atmosf\u00e8rica<\/li>\n<li style=\"text-align: justify;\">Pluvi\u00f2metre per mesurar les pluges<\/li>\n<li style=\"text-align: justify;\">Anem\u00f2metre per mesurar la for\u00e7a del vent<\/li>\n<li style=\"text-align: justify;\">Penell per indicar la direcci\u00f3 del vent<\/li>\n<\/ul>\n<p>Esperem poder desenvolupar aquest projecte el proper curs i que un dels fruits que ens doni sigui, potser, que tinguem entre nosaltres els futurs homes i dones de temps.<\/p>\n","protected":false},"excerpt":{"rendered":"<p><a href=\"http:\/\/agora.xtec.cat\/ieslaromanica\/wp-content\/uploads\/usu857\/2017\/02\/20170203_084850.jpg\"><\/a><br \/>\nFruit\u00a0del Projecte de Meteorologia del Departament de Ci\u00e8ncies Socials del nostre centre, hem instal\u00b7lat una caseta meteorol\u00f2gica al pati de l&#8217;institut.<br \/>\nLa caseta meteorol\u00f2gica consta dels seg\u00fcents aparells:<\/p>\n<ul>\n<li style=\"text-align: justify;\">Term\u00f2metre de temperatures m\u00e0ximes i m\u00ednimes<\/li>\n<li style=\"text-align: justify;\">Higr\u00f2metre per mesurar la humitat<\/li>\n<li style=\"text-align: justify;\">Bar\u00f2metre per mesurar&hellip;  <a href=\"https:\/\/agora.xtec.cat\/ieslaromanica\/general\/quin-temps-fa-avui-diga-mho-tu\/\" title=\"Read Quin temps fa avui? Diga-m&#8217;ho tu!\">Llegeix m\u00e9s\u00bb<\/a><br \/>\n","protected":false},"author":3,"featured_media":1252,"comment_status":"open","ping_status":"open","sticky":false,"template":"","format":"standard","meta":{"_bbp_topic_count":0,"_bbp_reply_count":0,"_bbp_total_topic_count":0,"_bbp_total_reply_count":0,"_bbp_voice_count":0,"_bbp_anonymous_reply_count":0,"_bbp_topic_count_hidden":0,"_bbp_reply_count_hidden":0,"_bbp_forum_subforum_count":0,"footnotes":""},"categories":[1,29],"tags":[128,137],"class_list":["post-1080","post","type-post","status-publish","format-standard","has-post-thumbnail","hentry","category-general","category-portada","tag-departament-de-ciencies-socials","tag-projecte-de-meteorologia"],"post_mailing_queue_ids":[],"_links":{"self":[{"href":"https:\/\/agora.xtec.cat\/ieslaromanica\/wp-json\/wp\/v2\/posts\/1080","targetHints":{"allow":["GET"]}}],"collection":[{"href":"https:\/\/agora.xtec.cat\/ieslaromanica\/wp-json\/wp\/v2\/posts"}],"about":[{"href":"https:\/\/agora.xtec.cat\/ieslaromanica\/wp-json\/wp\/v2\/types\/post"}],"author":[{"embeddable":true,"href":"https:\/\/agora.xtec.cat\/ieslaromanica\/wp-json\/wp\/v2\/users\/3"}],"replies":[{"embeddable":true,"href":"https:\/\/agora.xtec.cat\/ieslaromanica\/wp-json\/wp\/v2\/comments?post=1080"}],"version-history":[{"count":3,"href":"https:\/\/agora.xtec.cat\/ieslaromanica\/wp-json\/wp\/v2\/posts\/1080\/revisions"}],"predecessor-version":[{"id":1278,"href":"https:\/\/agora.xtec.cat\/ieslaromanica\/wp-json\/wp\/v2\/posts\/1080\/revisions\/1278"}],"wp:featuredmedia":[{"embeddable":true,"href":"https:\/\/agora.xtec.cat\/ieslaromanica\/wp-json\/wp\/v2\/media\/1252"}],"wp:attachment":[{"href":"https:\/\/agora.xtec.cat\/ieslaromanica\/wp-json\/wp\/v2\/media?parent=1080"}],"wp:term":[{"taxonomy":"category","embeddable":true,"href":"https:\/\/agora.xtec.cat\/ieslaromanica\/wp-json\/wp\/v2\/categories?post=1080"},{"taxonomy":"post_tag","embeddable":true,"href":"https:\/\/agora.xtec.cat\/ieslaromanica\/wp-json\/wp\/v2\/tags?post=1080"}],"curies":[{"name":"wp","href":"https:\/\/api.w.org\/{rel}","templated":true}]}}