{"id":1018,"date":"2016-12-22T21:08:58","date_gmt":"2016-12-22T20:08:58","guid":{"rendered":"http:\/\/agora.xtec.cat\/ieslaromanica\/?p=1018"},"modified":"2016-12-22T21:08:58","modified_gmt":"2016-12-22T20:08:58","slug":"visita-al-museu-de-les-il%c2%b7lusions-optiques","status":"publish","type":"post","link":"https:\/\/agora.xtec.cat\/ieslaromanica\/general\/visita-al-museu-de-les-il%c2%b7lusions-optiques\/","title":{"rendered":"Visita al Museu de les Il\u00b7lusions \u00d2ptiques"},"content":{"rendered":"<p>Aquest curs, el Departament d&#8217;Educaci\u00f3 Visual i Pl\u00e0stica ha organitzat una visita al Museu de les Il.lusions \u00d2ptiques amb l&#8217;alumnat de 4t d&#8217;ESO.<br \/>\nA continuaci\u00f3, tenen l&#8217;enlla\u00e7 al blog d&#8217;Educaci\u00f3 VIsual i Pl\u00e0stica de l&#8217;Institut La Rom\u00e0nica, on apareix un v\u00eddeo sobre la sortida, realitzat per la professora Ana Ramallo. En ell podran contemplar curioses imatges, fruit de les il\u00b7lusions \u00f2ptiques:<\/p>\n<p style=\"text-align: center;\"><a href=\"http:\/\/viplaromanica.blogspot.com.es\/2016\/12\/visita-al-museu-de-les-illusions.html\">V\u00eddeo de la visita al Museu de les Il.lusions \u00d2ptiques<\/a><\/p>\n<p style=\"text-align: center;\">\n","protected":false},"excerpt":{"rendered":"<p>Aquest curs, el Departament d&#8217;Educaci\u00f3 Visual i Pl\u00e0stica ha organitzat una visita al Museu de les Il.lusions \u00d2ptiques amb l&#8217;alumnat de 4t d&#8217;ESO.<br \/>\nA continuaci\u00f3, tenen l&#8217;enlla\u00e7 al blog d&#8217;Educaci\u00f3 VIsual i Pl\u00e0stica de l&#8217;Institut La Rom\u00e0nica, on apareix un v\u00eddeo sobre la sortida, realitzat per&hellip;  <a href=\"https:\/\/agora.xtec.cat\/ieslaromanica\/general\/visita-al-museu-de-les-il%c2%b7lusions-optiques\/\" title=\"Read Visita al Museu de les Il\u00b7lusions \u00d2ptiques\">Llegeix m\u00e9s\u00bb<\/a><\/p>\n","protected":false},"author":3,"featured_media":0,"comment_status":"open","ping_status":"open","sticky":false,"template":"","format":"standard","meta":{"_bbp_topic_count":0,"_bbp_reply_count":0,"_bbp_total_topic_count":0,"_bbp_total_reply_count":0,"_bbp_voice_count":0,"_bbp_anonymous_reply_count":0,"_bbp_topic_count_hidden":0,"_bbp_reply_count_hidden":0,"_bbp_forum_subforum_count":0,"footnotes":""},"categories":[3,7,1,29],"tags":[124,125,123],"class_list":["post-1018","post","type-post","status-publish","format-standard","hentry","category-eso","category-eso-4","category-general","category-portada","tag-4-eso","tag-museu-illusions-optiques","tag-sortida"],"post_mailing_queue_ids":[],"_links":{"self":[{"href":"https:\/\/agora.xtec.cat\/ieslaromanica\/wp-json\/wp\/v2\/posts\/1018","targetHints":{"allow":["GET"]}}],"collection":[{"href":"https:\/\/agora.xtec.cat\/ieslaromanica\/wp-json\/wp\/v2\/posts"}],"about":[{"href":"https:\/\/agora.xtec.cat\/ieslaromanica\/wp-json\/wp\/v2\/types\/post"}],"author":[{"embeddable":true,"href":"https:\/\/agora.xtec.cat\/ieslaromanica\/wp-json\/wp\/v2\/users\/3"}],"replies":[{"embeddable":true,"href":"https:\/\/agora.xtec.cat\/ieslaromanica\/wp-json\/wp\/v2\/comments?post=1018"}],"version-history":[{"count":2,"href":"https:\/\/agora.xtec.cat\/ieslaromanica\/wp-json\/wp\/v2\/posts\/1018\/revisions"}],"predecessor-version":[{"id":1024,"href":"https:\/\/agora.xtec.cat\/ieslaromanica\/wp-json\/wp\/v2\/posts\/1018\/revisions\/1024"}],"wp:attachment":[{"href":"https:\/\/agora.xtec.cat\/ieslaromanica\/wp-json\/wp\/v2\/media?parent=1018"}],"wp:term":[{"taxonomy":"category","embeddable":true,"href":"https:\/\/agora.xtec.cat\/ieslaromanica\/wp-json\/wp\/v2\/categories?post=1018"},{"taxonomy":"post_tag","embeddable":true,"href":"https:\/\/agora.xtec.cat\/ieslaromanica\/wp-json\/wp\/v2\/tags?post=1018"}],"curies":[{"name":"wp","href":"https:\/\/api.w.org\/{rel}","templated":true}]}}