{"id":937,"date":"2018-12-14T20:45:38","date_gmt":"2018-12-14T19:45:38","guid":{"rendered":"http:\/\/agora.xtec.cat\/ieslaribera\/?p=937"},"modified":"2019-05-13T12:21:50","modified_gmt":"2019-05-13T10:21:50","slug":"a-4t-deso-fem-recerca-magnetica","status":"publish","type":"post","link":"https:\/\/agora.xtec.cat\/ieslaribera\/general\/a-4t-deso-fem-recerca-magnetica\/","title":{"rendered":"A 4t d&#8217;ESO fem recerca MAGN\u00c8Tica!"},"content":{"rendered":"<p>En <span style=\"color: #3366ff;\">Marc Lopez Cano<\/span> i en <span style=\"color: #3366ff;\">Xavier Gim\u00e9nez Font<\/span> han donat avui el tret de sortida al nostre projecte de recerca. Hem pogut gaudir de les seves confer\u00e8ncies gr\u00e0cies a la col.laboraci\u00f3 amb el nostre partner MAGNET, la Universitat de Barcelona (UB).<\/p>\n<table style=\"border-collapse: collapse; width: 100%;\" border=\"1\">\n<tbody>\n<tr>\n<td style=\"width: 50%;\"><a href=\"https:\/\/agora.xtec.cat\/ieslaribera\/wp-content\/uploads\/usu1015\/2018\/12\/PdR-1.jpg\"><img loading=\"lazy\" decoding=\"async\" class=\"aligncenter size-full wp-image-945\" src=\"https:\/\/agora.xtec.cat\/ieslaribera\/wp-content\/uploads\/usu1015\/2018\/12\/PdR-1.jpg\" alt=\"\" width=\"1600\" height=\"1200\" srcset=\"https:\/\/agora.xtec.cat\/ieslaribera\/wp-content\/uploads\/usu1015\/2018\/12\/PdR-1.jpg 1600w, https:\/\/agora.xtec.cat\/ieslaribera\/wp-content\/uploads\/usu1015\/2018\/12\/PdR-1-300x225.jpg 300w, https:\/\/agora.xtec.cat\/ieslaribera\/wp-content\/uploads\/usu1015\/2018\/12\/PdR-1-768x576.jpg 768w, https:\/\/agora.xtec.cat\/ieslaribera\/wp-content\/uploads\/usu1015\/2018\/12\/PdR-1-1024x768.jpg 1024w, https:\/\/agora.xtec.cat\/ieslaribera\/wp-content\/uploads\/usu1015\/2018\/12\/PdR-1-200x150.jpg 200w\" sizes=\"auto, (max-width: 1600px) 100vw, 1600px\" \/><\/a><\/td>\n<td style=\"width: 50%;\"><a href=\"https:\/\/agora.xtec.cat\/ieslaribera\/wp-content\/uploads\/usu1015\/2018\/12\/PdR-6.jpg\"><img loading=\"lazy\" decoding=\"async\" class=\"aligncenter size-full wp-image-944\" src=\"https:\/\/agora.xtec.cat\/ieslaribera\/wp-content\/uploads\/usu1015\/2018\/12\/PdR-6.jpg\" alt=\"\" width=\"1600\" height=\"1200\" srcset=\"https:\/\/agora.xtec.cat\/ieslaribera\/wp-content\/uploads\/usu1015\/2018\/12\/PdR-6.jpg 1600w, https:\/\/agora.xtec.cat\/ieslaribera\/wp-content\/uploads\/usu1015\/2018\/12\/PdR-6-300x225.jpg 300w, https:\/\/agora.xtec.cat\/ieslaribera\/wp-content\/uploads\/usu1015\/2018\/12\/PdR-6-768x576.jpg 768w, https:\/\/agora.xtec.cat\/ieslaribera\/wp-content\/uploads\/usu1015\/2018\/12\/PdR-6-1024x768.jpg 1024w, https:\/\/agora.xtec.cat\/ieslaribera\/wp-content\/uploads\/usu1015\/2018\/12\/PdR-6-200x150.jpg 200w\" sizes=\"auto, (max-width: 1600px) 100vw, 1600px\" \/><\/a><\/td>\n<\/tr>\n<\/tbody>\n<\/table>\n<p>En <span style=\"color: #3366ff;\">Marc L.<\/span> est\u00e0 cursant el programa de doctorat de Biomedicina (Neuroci\u00e8ncies) de la UB des de 2014. A la seva xerrada els estudiants de 4t d&#8217;ESO han pogut con\u00e8ixer, de primera m\u00e0,\u00a0<strong>en qu\u00e8 consisteix fer recerca<\/strong> i com \u00e9s el treball dels investigadors en el seu dia a dia.<\/p>\n<p>En <span style=\"color: #3366ff;\">Xavier G.\u00a0<\/span>\u00e9s\u00a0<span style=\"font-family: arial, helvetica, sans-serif;\">Professor titular del Departament de Ci\u00e8ncia dels Materials i Qu\u00edmica F\u00edsica de la UB des del 1993. \u00c9s autor d\u2019un centenar d\u2019articles cient\u00edfics i \u00e9s col.laborador habitual en diversos mitjans de comunicaci\u00f3. A la seva xerrada, &#8220;<strong>La m\u00e0gia de l&#8217;aigua<\/strong>&#8220;, e<\/span><span style=\"font-family: arial, helvetica, sans-serif;\">ns ha parlat de fets tan sorprenents com que &#8220;l&#8217;aigua\u00a0\u00e9s gaireb\u00e9 l\u2019\u00fanic s\u00f2lid que flota en el seu l\u00edquid&#8221;, o ens ha fet notar que &#8220;n&#8217;hem de beure constantment, per\u00f2 l&#8217;aigua pot arribar a ser la subst\u00e0ncia m\u00e9s corrosiva!&#8221; <\/span><\/p>\n<p><span style=\"font-family: arial, helvetica, sans-serif;\">I hem quedat ben encantats amb &#8220;els colors que l&#8217;aigua ens mostra a la natura, malgrat ser gaireb\u00e9 incolora&#8221;&#8230;<\/span><\/p>\n<table style=\"border-collapse: collapse; width: 100%;\" border=\"1\">\n<tbody>\n<tr>\n<td style=\"width: 33.3333%;\"><a href=\"https:\/\/agora.xtec.cat\/ieslaribera\/wp-content\/uploads\/usu1015\/2018\/12\/PdR-4.jpg\"><img loading=\"lazy\" decoding=\"async\" class=\"aligncenter size-full wp-image-941\" src=\"https:\/\/agora.xtec.cat\/ieslaribera\/wp-content\/uploads\/usu1015\/2018\/12\/PdR-4.jpg\" alt=\"\" width=\"5184\" height=\"3456\" srcset=\"https:\/\/agora.xtec.cat\/ieslaribera\/wp-content\/uploads\/usu1015\/2018\/12\/PdR-4.jpg 5184w, https:\/\/agora.xtec.cat\/ieslaribera\/wp-content\/uploads\/usu1015\/2018\/12\/PdR-4-300x200.jpg 300w, https:\/\/agora.xtec.cat\/ieslaribera\/wp-content\/uploads\/usu1015\/2018\/12\/PdR-4-768x512.jpg 768w, https:\/\/agora.xtec.cat\/ieslaribera\/wp-content\/uploads\/usu1015\/2018\/12\/PdR-4-1024x683.jpg 1024w\" sizes=\"auto, (max-width: 5184px) 100vw, 5184px\" \/><\/a><\/td>\n<td style=\"width: 33.3333%;\"><a href=\"https:\/\/agora.xtec.cat\/ieslaribera\/wp-content\/uploads\/usu1015\/2018\/12\/PdR-3.jpg\"><img loading=\"lazy\" decoding=\"async\" class=\"aligncenter size-full wp-image-940\" src=\"https:\/\/agora.xtec.cat\/ieslaribera\/wp-content\/uploads\/usu1015\/2018\/12\/PdR-3.jpg\" alt=\"\" width=\"5184\" height=\"3456\" srcset=\"https:\/\/agora.xtec.cat\/ieslaribera\/wp-content\/uploads\/usu1015\/2018\/12\/PdR-3.jpg 5184w, https:\/\/agora.xtec.cat\/ieslaribera\/wp-content\/uploads\/usu1015\/2018\/12\/PdR-3-300x200.jpg 300w, https:\/\/agora.xtec.cat\/ieslaribera\/wp-content\/uploads\/usu1015\/2018\/12\/PdR-3-768x512.jpg 768w, https:\/\/agora.xtec.cat\/ieslaribera\/wp-content\/uploads\/usu1015\/2018\/12\/PdR-3-1024x683.jpg 1024w\" sizes=\"auto, (max-width: 5184px) 100vw, 5184px\" \/><\/a><\/td>\n<td style=\"width: 33.3333%;\"><a href=\"https:\/\/agora.xtec.cat\/ieslaribera\/wp-content\/uploads\/usu1015\/2018\/12\/PdR-5.jpg\"><img loading=\"lazy\" decoding=\"async\" class=\"aligncenter size-full wp-image-942\" src=\"https:\/\/agora.xtec.cat\/ieslaribera\/wp-content\/uploads\/usu1015\/2018\/12\/PdR-5.jpg\" alt=\"\" width=\"5184\" height=\"3456\" srcset=\"https:\/\/agora.xtec.cat\/ieslaribera\/wp-content\/uploads\/usu1015\/2018\/12\/PdR-5.jpg 5184w, https:\/\/agora.xtec.cat\/ieslaribera\/wp-content\/uploads\/usu1015\/2018\/12\/PdR-5-300x200.jpg 300w, https:\/\/agora.xtec.cat\/ieslaribera\/wp-content\/uploads\/usu1015\/2018\/12\/PdR-5-768x512.jpg 768w, https:\/\/agora.xtec.cat\/ieslaribera\/wp-content\/uploads\/usu1015\/2018\/12\/PdR-5-1024x683.jpg 1024w\" sizes=\"auto, (max-width: 5184px) 100vw, 5184px\" \/><\/a><\/td>\n<\/tr>\n<\/tbody>\n<\/table>\n<p>Avui <span style=\"color: #3366ff;\"><strong>l&#8217;aigua ens mou<\/strong><\/span> una mica m\u00e9s gr\u00e0cies al Marc i al Xavier!<\/p>\n","protected":false},"excerpt":{"rendered":"<p>En Marc Lopez Cano i en Xavier Gim\u00e9nez Font han donat avui el tret de sortida al nostre projecte de recerca&hellip;  <a href=\"https:\/\/agora.xtec.cat\/ieslaribera\/general\/a-4t-deso-fem-recerca-magnetica\/\" title=\"Read A 4t d&#8217;ESO fem recerca MAGN\u00c8Tica!\">Llegeix m\u00e9s\u00bb<\/a><\/p>\n","protected":false},"author":1,"featured_media":944,"comment_status":"open","ping_status":"closed","sticky":false,"template":"","format":"standard","meta":{"_bbp_topic_count":0,"_bbp_reply_count":0,"_bbp_total_topic_count":0,"_bbp_total_reply_count":0,"_bbp_voice_count":0,"_bbp_anonymous_reply_count":0,"_bbp_topic_count_hidden":0,"_bbp_reply_count_hidden":0,"_bbp_forum_subforum_count":0,"footnotes":""},"categories":[3,7,1,93,29],"tags":[102,95,101],"class_list":["post-937","post","type-post","status-publish","format-standard","has-post-thumbnail","hentry","category-eso","category-eso-4","category-general","category-magnet","category-portada","tag-amb-projeccio_g","tag-innovadora_g","tag-motivada_g"],"post_mailing_queue_ids":[],"_links":{"self":[{"href":"https:\/\/agora.xtec.cat\/ieslaribera\/wp-json\/wp\/v2\/posts\/937","targetHints":{"allow":["GET"]}}],"collection":[{"href":"https:\/\/agora.xtec.cat\/ieslaribera\/wp-json\/wp\/v2\/posts"}],"about":[{"href":"https:\/\/agora.xtec.cat\/ieslaribera\/wp-json\/wp\/v2\/types\/post"}],"author":[{"embeddable":true,"href":"https:\/\/agora.xtec.cat\/ieslaribera\/wp-json\/wp\/v2\/users\/1"}],"replies":[{"embeddable":true,"href":"https:\/\/agora.xtec.cat\/ieslaribera\/wp-json\/wp\/v2\/comments?post=937"}],"version-history":[{"count":3,"href":"https:\/\/agora.xtec.cat\/ieslaribera\/wp-json\/wp\/v2\/posts\/937\/revisions"}],"predecessor-version":[{"id":1150,"href":"https:\/\/agora.xtec.cat\/ieslaribera\/wp-json\/wp\/v2\/posts\/937\/revisions\/1150"}],"wp:featuredmedia":[{"embeddable":true,"href":"https:\/\/agora.xtec.cat\/ieslaribera\/wp-json\/wp\/v2\/media\/944"}],"wp:attachment":[{"href":"https:\/\/agora.xtec.cat\/ieslaribera\/wp-json\/wp\/v2\/media?parent=937"}],"wp:term":[{"taxonomy":"category","embeddable":true,"href":"https:\/\/agora.xtec.cat\/ieslaribera\/wp-json\/wp\/v2\/categories?post=937"},{"taxonomy":"post_tag","embeddable":true,"href":"https:\/\/agora.xtec.cat\/ieslaribera\/wp-json\/wp\/v2\/tags?post=937"}],"curies":[{"name":"wp","href":"https:\/\/api.w.org\/{rel}","templated":true}]}}