{"id":8675,"date":"2026-03-10T14:31:31","date_gmt":"2026-03-10T13:31:31","guid":{"rendered":"https:\/\/agora.xtec.cat\/ieslaribera\/?p=8675"},"modified":"2026-03-12T00:54:58","modified_gmt":"2026-03-11T23:54:58","slug":"certamen-de","status":"publish","type":"post","link":"https:\/\/agora.xtec.cat\/ieslaribera\/general\/certamen-de\/","title":{"rendered":"Certamen de lectura"},"content":{"rendered":"<p><img loading=\"lazy\" decoding=\"async\" class=\"size-medium wp-image-8676 alignleft\" src=\"https:\/\/agora.xtec.cat\/ieslaribera\/wp-content\/uploads\/usu1015\/2026\/03\/certamen4-300x232.jpg\" alt=\"Lectura en veu alta\" width=\"300\" height=\"232\" srcset=\"https:\/\/agora.xtec.cat\/ieslaribera\/wp-content\/uploads\/usu1015\/2026\/03\/certamen4-300x232.jpg 300w, https:\/\/agora.xtec.cat\/ieslaribera\/wp-content\/uploads\/usu1015\/2026\/03\/certamen4-1024x791.jpg 1024w, https:\/\/agora.xtec.cat\/ieslaribera\/wp-content\/uploads\/usu1015\/2026\/03\/certamen4-768x593.jpg 768w, https:\/\/agora.xtec.cat\/ieslaribera\/wp-content\/uploads\/usu1015\/2026\/03\/certamen4.jpg 1327w\" sizes=\"auto, (max-width: 300px) 100vw, 300px\" \/>Ahir el nostre institut va participar en la semifinal del <strong>Certamen de Lectura Escolar en Veu Alta<\/strong> al Museu del Treball i la Ind\u00fastria Viva, a Santa Perp\u00e8tua de Mogoda. Felicitem el nostre alumnat participant per la seva total implicaci\u00f3 i dedicaci\u00f3 (Najia, Sara, Aitana, Darius<br \/>\ni Antonio) i donem l\u2019enhorabona a la Najia per haver estat seleccionada per a la final del certamen que se celebrar\u00e0 el proper 30 d\u2019abril a Barcelona.<\/p>\n<p>Molta sort, Najia!<\/p>\n","protected":false},"excerpt":{"rendered":"<p>Ahir vam participar en la semifinal del Certamen de Lectura Escolar en Veu Alta al Museu del Treball i la Ind\u00fastria Viva, a Santa Perp\u00e8tua de Mogoda i la Najia, una alumna de l&#8217;Aula d&#8217;Acollida, ha estat seleccionada per a la final del proper 30 d&#8217;abril.&hellip;  <a href=\"https:\/\/agora.xtec.cat\/ieslaribera\/general\/certamen-de\/\" title=\"Read Certamen de lectura\">Llegeix m\u00e9s\u00bb<\/a><\/p>\n","protected":false},"author":1,"featured_media":8676,"comment_status":"closed","ping_status":"open","sticky":false,"template":"","format":"standard","meta":{"_bbp_topic_count":0,"_bbp_reply_count":0,"_bbp_total_topic_count":0,"_bbp_total_reply_count":0,"_bbp_voice_count":0,"_bbp_anonymous_reply_count":0,"_bbp_topic_count_hidden":0,"_bbp_reply_count_hidden":0,"_bbp_forum_subforum_count":0,"footnotes":""},"categories":[121,3,1,118,29],"tags":[190,195,224,273],"class_list":["post-8675","post","type-post","status-publish","format-standard","has-post-thumbnail","hentry","category-alumnat","category-eso","category-general","category-noticies","category-portada","tag-alumnat","tag-habit-lector","tag-lectura-en-veu-alta","tag-participacio"],"post_mailing_queue_ids":[],"_links":{"self":[{"href":"https:\/\/agora.xtec.cat\/ieslaribera\/wp-json\/wp\/v2\/posts\/8675","targetHints":{"allow":["GET"]}}],"collection":[{"href":"https:\/\/agora.xtec.cat\/ieslaribera\/wp-json\/wp\/v2\/posts"}],"about":[{"href":"https:\/\/agora.xtec.cat\/ieslaribera\/wp-json\/wp\/v2\/types\/post"}],"author":[{"embeddable":true,"href":"https:\/\/agora.xtec.cat\/ieslaribera\/wp-json\/wp\/v2\/users\/1"}],"replies":[{"embeddable":true,"href":"https:\/\/agora.xtec.cat\/ieslaribera\/wp-json\/wp\/v2\/comments?post=8675"}],"version-history":[{"count":3,"href":"https:\/\/agora.xtec.cat\/ieslaribera\/wp-json\/wp\/v2\/posts\/8675\/revisions"}],"predecessor-version":[{"id":8679,"href":"https:\/\/agora.xtec.cat\/ieslaribera\/wp-json\/wp\/v2\/posts\/8675\/revisions\/8679"}],"wp:featuredmedia":[{"embeddable":true,"href":"https:\/\/agora.xtec.cat\/ieslaribera\/wp-json\/wp\/v2\/media\/8676"}],"wp:attachment":[{"href":"https:\/\/agora.xtec.cat\/ieslaribera\/wp-json\/wp\/v2\/media?parent=8675"}],"wp:term":[{"taxonomy":"category","embeddable":true,"href":"https:\/\/agora.xtec.cat\/ieslaribera\/wp-json\/wp\/v2\/categories?post=8675"},{"taxonomy":"post_tag","embeddable":true,"href":"https:\/\/agora.xtec.cat\/ieslaribera\/wp-json\/wp\/v2\/tags?post=8675"}],"curies":[{"name":"wp","href":"https:\/\/api.w.org\/{rel}","templated":true}]}}