{"id":8627,"date":"2026-03-06T18:03:52","date_gmt":"2026-03-06T17:03:52","guid":{"rendered":"https:\/\/agora.xtec.cat\/ieslaribera\/?p=8627"},"modified":"2026-03-06T18:11:38","modified_gmt":"2026-03-06T17:11:38","slug":"premiats-concurs-8m","status":"publish","type":"post","link":"https:\/\/agora.xtec.cat\/ieslaribera\/general\/premiats-concurs-8m\/","title":{"rendered":"Premiats concurs 8M"},"content":{"rendered":"<p>Dimarts 3 de mar\u00e7 va finalitzar l\u2019admissi\u00f3 de treballs presentats a les diferents categories del concurs de cartells, organitzats des de l\u2019Institut La Ribera per commemorar el 8 de mar\u00e7, Dia Internacional de la Dona.<br \/>\nEl jurat ha estat format per personal i professorat del centre: N\u00faria Juli\u00e0, Cristina Izquierdo, Joana S\u00e1ez, Dunia Hanafi, Jos\u00e9 Antonio Nuevo i Fina Ruiz.<br \/>\nTots els treballs han estat penjats a les parets del centre des de l\u2019inici del concurs i els treballs guanyadors s\u00f3n:<\/p>\n<p>TREBALLS PREMIATS<\/p>\n<ul>\n<li>Categoria 1 (1r i 2n ESO): Justlin Yaoui (2n B)<\/li>\n<li>Categoria 2 (3r i 4t ESO): Valeria Cuba (3r B)<\/li>\n<li>Categoria 3 (1r i 2n BATXILLERAT): Jan del Barrio (2n Batxillerat)<\/li>\n<\/ul>\n<table style=\"border-collapse: collapse; width: 100%; height: 358px;\">\n<tbody>\n<tr style=\"height: 32px;\">\n<td style=\"width: 33.3333%; height: 32px;\">Cateogria 1<\/td>\n<td style=\"width: 29.4141%; height: 32px;\">Categoria 2<\/td>\n<td style=\"width: 37.2525%; height: 32px;\">Categoria 3<\/td>\n<\/tr>\n<tr style=\"height: 326px;\">\n<td style=\"width: 33.3333%; height: 326px;\"><img loading=\"lazy\" decoding=\"async\" class=\"size-medium wp-image-8647\" src=\"https:\/\/agora.xtec.cat\/ieslaribera\/wp-content\/uploads\/usu1015\/2026\/03\/Justlin-1-213x300.jpg\" alt=\"\" width=\"213\" height=\"300\" srcset=\"https:\/\/agora.xtec.cat\/ieslaribera\/wp-content\/uploads\/usu1015\/2026\/03\/Justlin-1-213x300.jpg 213w, https:\/\/agora.xtec.cat\/ieslaribera\/wp-content\/uploads\/usu1015\/2026\/03\/Justlin-1-726x1024.jpg 726w, https:\/\/agora.xtec.cat\/ieslaribera\/wp-content\/uploads\/usu1015\/2026\/03\/Justlin-1-768x1084.jpg 768w, https:\/\/agora.xtec.cat\/ieslaribera\/wp-content\/uploads\/usu1015\/2026\/03\/Justlin-1-1089x1536.jpg 1089w, https:\/\/agora.xtec.cat\/ieslaribera\/wp-content\/uploads\/usu1015\/2026\/03\/Justlin-1.jpg 1382w\" sizes=\"auto, (max-width: 213px) 100vw, 213px\" \/><\/td>\n<td style=\"width: 29.4141%; height: 326px;\"><img loading=\"lazy\" decoding=\"async\" class=\" wp-image-8645\" src=\"https:\/\/agora.xtec.cat\/ieslaribera\/wp-content\/uploads\/usu1015\/2026\/03\/IMG_20260306_104120_edit_61270503588566-1-222x300.jpg\" alt=\"\" width=\"205\" height=\"278\" srcset=\"https:\/\/agora.xtec.cat\/ieslaribera\/wp-content\/uploads\/usu1015\/2026\/03\/IMG_20260306_104120_edit_61270503588566-1-222x300.jpg 222w, https:\/\/agora.xtec.cat\/ieslaribera\/wp-content\/uploads\/usu1015\/2026\/03\/IMG_20260306_104120_edit_61270503588566-1-757x1024.jpg 757w, https:\/\/agora.xtec.cat\/ieslaribera\/wp-content\/uploads\/usu1015\/2026\/03\/IMG_20260306_104120_edit_61270503588566-1-768x1039.jpg 768w, https:\/\/agora.xtec.cat\/ieslaribera\/wp-content\/uploads\/usu1015\/2026\/03\/IMG_20260306_104120_edit_61270503588566-1-1135x1536.jpg 1135w, https:\/\/agora.xtec.cat\/ieslaribera\/wp-content\/uploads\/usu1015\/2026\/03\/IMG_20260306_104120_edit_61270503588566-1.jpg 1331w\" sizes=\"auto, (max-width: 205px) 100vw, 205px\" \/><\/td>\n<td style=\"width: 37.2525%; height: 326px;\"><img loading=\"lazy\" decoding=\"async\" class=\" wp-image-8646\" src=\"https:\/\/agora.xtec.cat\/ieslaribera\/wp-content\/uploads\/usu1015\/2026\/03\/IMG_20260306_104618_edit_61235755350030-1-300x202.jpg\" alt=\"\" width=\"365\" height=\"246\" srcset=\"https:\/\/agora.xtec.cat\/ieslaribera\/wp-content\/uploads\/usu1015\/2026\/03\/IMG_20260306_104618_edit_61235755350030-1-300x202.jpg 300w, https:\/\/agora.xtec.cat\/ieslaribera\/wp-content\/uploads\/usu1015\/2026\/03\/IMG_20260306_104618_edit_61235755350030-1-1024x689.jpg 1024w, https:\/\/agora.xtec.cat\/ieslaribera\/wp-content\/uploads\/usu1015\/2026\/03\/IMG_20260306_104618_edit_61235755350030-1-768x517.jpg 768w, https:\/\/agora.xtec.cat\/ieslaribera\/wp-content\/uploads\/usu1015\/2026\/03\/IMG_20260306_104618_edit_61235755350030-1-1536x1034.jpg 1536w, https:\/\/agora.xtec.cat\/ieslaribera\/wp-content\/uploads\/usu1015\/2026\/03\/IMG_20260306_104618_edit_61235755350030-1.jpg 1663w\" sizes=\"auto, (max-width: 365px) 100vw, 365px\" \/><\/td>\n<\/tr>\n<\/tbody>\n<\/table>\n","protected":false},"excerpt":{"rendered":"<p>Dimarts 3 de mar\u00e7 va finalitzar l\u2019admissi\u00f3 de treballs presentats a les diferents categories del concurs de cartells per al 8 de mar\u00e7, els treballs premiats han estat els de Justlin Yaoui (2n B), Valeria Cuba (3r B) i Jan del Barrio (2n Batxillerat).&hellip;  <a href=\"https:\/\/agora.xtec.cat\/ieslaribera\/general\/premiats-concurs-8m\/\" title=\"Read Premiats concurs 8M\">Llegeix m\u00e9s\u00bb<\/a><\/p>\n","protected":false},"author":1,"featured_media":8647,"comment_status":"closed","ping_status":"open","sticky":false,"template":"","format":"standard","meta":{"_bbp_topic_count":0,"_bbp_reply_count":0,"_bbp_total_topic_count":0,"_bbp_total_reply_count":0,"_bbp_voice_count":0,"_bbp_anonymous_reply_count":0,"_bbp_topic_count_hidden":0,"_bbp_reply_count_hidden":0,"_bbp_forum_subforum_count":0,"footnotes":""},"categories":[121,163,1,29],"tags":[285,283,284],"class_list":["post-8627","post","type-post","status-publish","format-standard","has-post-thumbnail","hentry","category-alumnat","category-comissio-lila","category-general","category-portada","tag-cartell","tag-concurs-8m","tag-dibuix"],"post_mailing_queue_ids":[],"_links":{"self":[{"href":"https:\/\/agora.xtec.cat\/ieslaribera\/wp-json\/wp\/v2\/posts\/8627","targetHints":{"allow":["GET"]}}],"collection":[{"href":"https:\/\/agora.xtec.cat\/ieslaribera\/wp-json\/wp\/v2\/posts"}],"about":[{"href":"https:\/\/agora.xtec.cat\/ieslaribera\/wp-json\/wp\/v2\/types\/post"}],"author":[{"embeddable":true,"href":"https:\/\/agora.xtec.cat\/ieslaribera\/wp-json\/wp\/v2\/users\/1"}],"replies":[{"embeddable":true,"href":"https:\/\/agora.xtec.cat\/ieslaribera\/wp-json\/wp\/v2\/comments?post=8627"}],"version-history":[{"count":3,"href":"https:\/\/agora.xtec.cat\/ieslaribera\/wp-json\/wp\/v2\/posts\/8627\/revisions"}],"predecessor-version":[{"id":8650,"href":"https:\/\/agora.xtec.cat\/ieslaribera\/wp-json\/wp\/v2\/posts\/8627\/revisions\/8650"}],"wp:featuredmedia":[{"embeddable":true,"href":"https:\/\/agora.xtec.cat\/ieslaribera\/wp-json\/wp\/v2\/media\/8647"}],"wp:attachment":[{"href":"https:\/\/agora.xtec.cat\/ieslaribera\/wp-json\/wp\/v2\/media?parent=8627"}],"wp:term":[{"taxonomy":"category","embeddable":true,"href":"https:\/\/agora.xtec.cat\/ieslaribera\/wp-json\/wp\/v2\/categories?post=8627"},{"taxonomy":"post_tag","embeddable":true,"href":"https:\/\/agora.xtec.cat\/ieslaribera\/wp-json\/wp\/v2\/tags?post=8627"}],"curies":[{"name":"wp","href":"https:\/\/api.w.org\/{rel}","templated":true}]}}