{"id":4770,"date":"2020-10-09T11:12:53","date_gmt":"2020-10-09T09:12:53","guid":{"rendered":"http:\/\/agora.xtec.cat\/ieslaribera\/?p=4770"},"modified":"2020-10-09T11:16:37","modified_gmt":"2020-10-09T09:16:37","slug":"laula-sorral","status":"publish","type":"post","link":"https:\/\/agora.xtec.cat\/ieslaribera\/general\/laula-sorral\/","title":{"rendered":"L&#8217;Aula Sorral"},"content":{"rendered":"<p style=\"text-align: justify;\">La setmana passada l&#8217;alumnat de <span style=\"color: #0000ff;\">l&#8217;Aula 30<\/span> ens va ajudar a habilitar un rac\u00f3 del pati per poder-hi fer classes. Ara ja tenim una aula a l&#8217;aire lliure:<span style=\"color: #0000ff;\"> l&#8217;Aula Sorral<\/span>.<\/p>\n<p style=\"text-align: justify;\">\u00c9s un espai que compartim tots els grups de l&#8217;institut, aix\u00ed que perqu\u00e8 sigui un espai segur, desinfectem taules i cadires cada cop que en fem \u00fas.<\/p>\n<p style=\"text-align: center;\"><strong><span style=\"color: #0000ff;\">Mireu com ens ha quedat!<\/span><\/strong><\/p>\n<p><a href=\"https:\/\/agora.xtec.cat\/ieslaribera\/wp-content\/uploads\/usu1015\/2020\/10\/original-1.jpg\"><img loading=\"lazy\" decoding=\"async\" class=\"alignleft size-full wp-image-4773\" src=\"https:\/\/agora.xtec.cat\/ieslaribera\/wp-content\/uploads\/usu1015\/2020\/10\/original-1.jpg\" alt=\"\" width=\"350\" height=\"263\" srcset=\"https:\/\/agora.xtec.cat\/ieslaribera\/wp-content\/uploads\/usu1015\/2020\/10\/original-1.jpg 350w, https:\/\/agora.xtec.cat\/ieslaribera\/wp-content\/uploads\/usu1015\/2020\/10\/original-1-300x225.jpg 300w, https:\/\/agora.xtec.cat\/ieslaribera\/wp-content\/uploads\/usu1015\/2020\/10\/original-1-200x150.jpg 200w\" sizes=\"auto, (max-width: 350px) 100vw, 350px\" \/><\/a><\/p>\n<p><a href=\"https:\/\/agora.xtec.cat\/ieslaribera\/wp-content\/uploads\/usu1015\/2020\/10\/original-3.jpg\"><img loading=\"lazy\" decoding=\"async\" class=\"alignleft size-full wp-image-4775\" src=\"https:\/\/agora.xtec.cat\/ieslaribera\/wp-content\/uploads\/usu1015\/2020\/10\/original-3.jpg\" alt=\"\" width=\"350\" height=\"263\" srcset=\"https:\/\/agora.xtec.cat\/ieslaribera\/wp-content\/uploads\/usu1015\/2020\/10\/original-3.jpg 350w, https:\/\/agora.xtec.cat\/ieslaribera\/wp-content\/uploads\/usu1015\/2020\/10\/original-3-300x225.jpg 300w, https:\/\/agora.xtec.cat\/ieslaribera\/wp-content\/uploads\/usu1015\/2020\/10\/original-3-200x150.jpg 200w\" sizes=\"auto, (max-width: 350px) 100vw, 350px\" \/><\/a><\/p>\n","protected":false},"excerpt":{"rendered":"<p>La setmana passada l&#8217;alumnat de l&#8217;Aula 30 ens va ajudar a habilitar un rac\u00f3 del pati per poder-hi fer classes. Ara ja tenim una aula a l&#8217;aire lliure: l&#8217;Aula Sorral.<br \/>\n\u00c9s un espai que compartim tots els grups de l&#8217;institut, aix\u00ed que perqu\u00e8 sigui un espai&hellip;  <a href=\"https:\/\/agora.xtec.cat\/ieslaribera\/general\/laula-sorral\/\" title=\"Read L&#8217;Aula Sorral\">Llegeix m\u00e9s\u00bb<\/a><\/p>\n","protected":false},"author":1,"featured_media":4773,"comment_status":"closed","ping_status":"closed","sticky":false,"template":"","format":"standard","meta":{"_bbp_topic_count":0,"_bbp_reply_count":0,"_bbp_total_topic_count":0,"_bbp_total_reply_count":0,"_bbp_voice_count":0,"_bbp_anonymous_reply_count":0,"_bbp_topic_count_hidden":0,"_bbp_reply_count_hidden":0,"_bbp_forum_subforum_count":0,"footnotes":""},"categories":[1,29],"tags":[],"class_list":["post-4770","post","type-post","status-publish","format-standard","has-post-thumbnail","hentry","category-general","category-portada"],"post_mailing_queue_ids":[],"_links":{"self":[{"href":"https:\/\/agora.xtec.cat\/ieslaribera\/wp-json\/wp\/v2\/posts\/4770","targetHints":{"allow":["GET"]}}],"collection":[{"href":"https:\/\/agora.xtec.cat\/ieslaribera\/wp-json\/wp\/v2\/posts"}],"about":[{"href":"https:\/\/agora.xtec.cat\/ieslaribera\/wp-json\/wp\/v2\/types\/post"}],"author":[{"embeddable":true,"href":"https:\/\/agora.xtec.cat\/ieslaribera\/wp-json\/wp\/v2\/users\/1"}],"replies":[{"embeddable":true,"href":"https:\/\/agora.xtec.cat\/ieslaribera\/wp-json\/wp\/v2\/comments?post=4770"}],"version-history":[{"count":3,"href":"https:\/\/agora.xtec.cat\/ieslaribera\/wp-json\/wp\/v2\/posts\/4770\/revisions"}],"predecessor-version":[{"id":4777,"href":"https:\/\/agora.xtec.cat\/ieslaribera\/wp-json\/wp\/v2\/posts\/4770\/revisions\/4777"}],"wp:featuredmedia":[{"embeddable":true,"href":"https:\/\/agora.xtec.cat\/ieslaribera\/wp-json\/wp\/v2\/media\/4773"}],"wp:attachment":[{"href":"https:\/\/agora.xtec.cat\/ieslaribera\/wp-json\/wp\/v2\/media?parent=4770"}],"wp:term":[{"taxonomy":"category","embeddable":true,"href":"https:\/\/agora.xtec.cat\/ieslaribera\/wp-json\/wp\/v2\/categories?post=4770"},{"taxonomy":"post_tag","embeddable":true,"href":"https:\/\/agora.xtec.cat\/ieslaribera\/wp-json\/wp\/v2\/tags?post=4770"}],"curies":[{"name":"wp","href":"https:\/\/api.w.org\/{rel}","templated":true}]}}