{"id":914,"date":"2024-11-08T13:41:16","date_gmt":"2024-11-08T12:41:16","guid":{"rendered":"https:\/\/agora.xtec.cat\/ieslamardelafrau\/?p=914"},"modified":"2024-11-08T13:42:15","modified_gmt":"2024-11-08T12:42:15","slug":"la-mar-de-la-frau-solidaria","status":"publish","type":"post","link":"https:\/\/agora.xtec.cat\/ieslamardelafrau\/portada\/la-mar-de-la-frau-solidaria\/","title":{"rendered":"La Mar de la Frau solid\u00e0ria"},"content":{"rendered":"<p>&nbsp;<\/p>\n<p><a href=\"https:\/\/agora.xtec.cat\/ieslamardelafrau\/wp-content\/uploads\/usu2079\/2024\/11\/WhatsApp-Image-2024-11-08-at-09.25.26.jpeg\"><img loading=\"lazy\" decoding=\"async\" class=\"size-medium wp-image-915 aligncenter\" src=\"https:\/\/agora.xtec.cat\/ieslamardelafrau\/wp-content\/uploads\/usu2079\/2024\/11\/WhatsApp-Image-2024-11-08-at-09.25.26-169x300.jpeg\" alt=\"\" width=\"169\" height=\"300\" srcset=\"https:\/\/agora.xtec.cat\/ieslamardelafrau\/wp-content\/uploads\/usu2079\/2024\/11\/WhatsApp-Image-2024-11-08-at-09.25.26-169x300.jpeg 169w, https:\/\/agora.xtec.cat\/ieslamardelafrau\/wp-content\/uploads\/usu2079\/2024\/11\/WhatsApp-Image-2024-11-08-at-09.25.26-576x1024.jpeg 576w, https:\/\/agora.xtec.cat\/ieslamardelafrau\/wp-content\/uploads\/usu2079\/2024\/11\/WhatsApp-Image-2024-11-08-at-09.25.26-768x1365.jpeg 768w, https:\/\/agora.xtec.cat\/ieslamardelafrau\/wp-content\/uploads\/usu2079\/2024\/11\/WhatsApp-Image-2024-11-08-at-09.25.26-864x1536.jpeg 864w, https:\/\/agora.xtec.cat\/ieslamardelafrau\/wp-content\/uploads\/usu2079\/2024\/11\/WhatsApp-Image-2024-11-08-at-09.25.26.jpeg 1080w\" sizes=\"auto, (max-width: 169px) 100vw, 169px\" \/><\/a><\/p>\n<p>Aquesta setmana L&#8217;Institut la Mar de la Frau de Cambrils ha recollit material pel Dana de Val\u00e8ncia. Agra\u00efm a les fam\u00edlies i a tota la comunitat educativa per la vostra solidaritat i participaci\u00f3.<\/p>\n<p>Avui el portarem el punt de recollida, concretament al Casal\u00a0Popular El Polvor\u00ed.<\/p>\n<p>Moltes gr\u00e0cies.<\/p>\n","protected":false},"excerpt":{"rendered":"<p>&nbsp;<br \/>\n<a href=\"https:\/\/agora.xtec.cat\/ieslamardelafrau\/wp-content\/uploads\/usu2079\/2024\/11\/WhatsApp-Image-2024-11-08-at-09.25.26.jpeg\"><\/a><br \/>\nAquesta setmana L&#8217;Institut la Mar de la Frau de Cambrils ha recollit material pel Dana de Val\u00e8ncia. Agra\u00efm a les fam\u00edlies i a tota la comunitat educativa per la vostra solidaritat i participaci\u00f3.<br \/>\nAvui el portarem el punt de recollida, concretament al Casal\u00a0Popular El Polvor\u00ed.<br \/>\nMoltes&hellip;  <a href=\"https:\/\/agora.xtec.cat\/ieslamardelafrau\/portada\/la-mar-de-la-frau-solidaria\/\" title=\"Read La Mar de la Frau solid\u00e0ria\">Llegeix m\u00e9s\u00bb<\/a><\/p>\n","protected":false},"author":1,"featured_media":0,"comment_status":"open","ping_status":"closed","sticky":false,"template":"","format":"standard","meta":{"_bbp_topic_count":0,"_bbp_reply_count":0,"_bbp_total_topic_count":0,"_bbp_total_reply_count":0,"_bbp_voice_count":0,"_bbp_anonymous_reply_count":0,"_bbp_topic_count_hidden":0,"_bbp_reply_count_hidden":0,"_bbp_forum_subforum_count":0,"footnotes":""},"categories":[29],"tags":[],"class_list":["post-914","post","type-post","status-publish","format-standard","hentry","category-portada"],"post_mailing_queue_ids":[],"_links":{"self":[{"href":"https:\/\/agora.xtec.cat\/ieslamardelafrau\/wp-json\/wp\/v2\/posts\/914","targetHints":{"allow":["GET"]}}],"collection":[{"href":"https:\/\/agora.xtec.cat\/ieslamardelafrau\/wp-json\/wp\/v2\/posts"}],"about":[{"href":"https:\/\/agora.xtec.cat\/ieslamardelafrau\/wp-json\/wp\/v2\/types\/post"}],"author":[{"embeddable":true,"href":"https:\/\/agora.xtec.cat\/ieslamardelafrau\/wp-json\/wp\/v2\/users\/1"}],"replies":[{"embeddable":true,"href":"https:\/\/agora.xtec.cat\/ieslamardelafrau\/wp-json\/wp\/v2\/comments?post=914"}],"version-history":[{"count":3,"href":"https:\/\/agora.xtec.cat\/ieslamardelafrau\/wp-json\/wp\/v2\/posts\/914\/revisions"}],"predecessor-version":[{"id":918,"href":"https:\/\/agora.xtec.cat\/ieslamardelafrau\/wp-json\/wp\/v2\/posts\/914\/revisions\/918"}],"wp:attachment":[{"href":"https:\/\/agora.xtec.cat\/ieslamardelafrau\/wp-json\/wp\/v2\/media?parent=914"}],"wp:term":[{"taxonomy":"category","embeddable":true,"href":"https:\/\/agora.xtec.cat\/ieslamardelafrau\/wp-json\/wp\/v2\/categories?post=914"},{"taxonomy":"post_tag","embeddable":true,"href":"https:\/\/agora.xtec.cat\/ieslamardelafrau\/wp-json\/wp\/v2\/tags?post=914"}],"curies":[{"name":"wp","href":"https:\/\/api.w.org\/{rel}","templated":true}]}}