{"id":872,"date":"2024-10-18T14:55:49","date_gmt":"2024-10-18T12:55:49","guid":{"rendered":"https:\/\/agora.xtec.cat\/ieslamardelafrau\/?p=872"},"modified":"2024-10-29T09:14:11","modified_gmt":"2024-10-29T08:14:11","slug":"erasmus","status":"publish","type":"post","link":"https:\/\/agora.xtec.cat\/ieslamardelafrau\/portada\/erasmus\/","title":{"rendered":"Erasmus"},"content":{"rendered":"<p>Aquesta setmana hem rebut a l\u2019institut Sofiedalskolan de Su\u00e8cia. Dintre del programa Erasmus, hem treballat en projectes de sostenibilitat, hem realitzat visites culturals i hem practicat molt l\u2019angl\u00e8s! Avui ens hem acomiadat d\u2019ells fins al desembre, que ser\u00e0 quan els visitarem a la seva ciutat, G\u00e4vle. Tack s\u00e5 mycket per la vostra visita<\/p>\n<p><a href=\"https:\/\/agora.xtec.cat\/ieslamardelafrau\/wp-content\/uploads\/usu2079\/2024\/10\/WhatsApp-Image-2024-10-18-at-13.03.05-scaled.jpeg\"><img loading=\"lazy\" decoding=\"async\" class=\"alignnone size-medium wp-image-874\" src=\"https:\/\/agora.xtec.cat\/ieslamardelafrau\/wp-content\/uploads\/usu2079\/2024\/10\/WhatsApp-Image-2024-10-18-at-13.03.05-225x300.jpeg\" alt=\"\" width=\"225\" height=\"300\" srcset=\"https:\/\/agora.xtec.cat\/ieslamardelafrau\/wp-content\/uploads\/usu2079\/2024\/10\/WhatsApp-Image-2024-10-18-at-13.03.05-225x300.jpeg 225w, https:\/\/agora.xtec.cat\/ieslamardelafrau\/wp-content\/uploads\/usu2079\/2024\/10\/WhatsApp-Image-2024-10-18-at-13.03.05-768x1024.jpeg 768w, https:\/\/agora.xtec.cat\/ieslamardelafrau\/wp-content\/uploads\/usu2079\/2024\/10\/WhatsApp-Image-2024-10-18-at-13.03.05-1152x1536.jpeg 1152w, https:\/\/agora.xtec.cat\/ieslamardelafrau\/wp-content\/uploads\/usu2079\/2024\/10\/WhatsApp-Image-2024-10-18-at-13.03.05-1536x2048.jpeg 1536w, https:\/\/agora.xtec.cat\/ieslamardelafrau\/wp-content\/uploads\/usu2079\/2024\/10\/WhatsApp-Image-2024-10-18-at-13.03.05-scaled.jpeg 1920w\" sizes=\"auto, (max-width: 225px) 100vw, 225px\" \/><\/a> ! \ud83c\uddf8\ud83c\uddea<a href=\"https:\/\/agora.xtec.cat\/ieslamardelafrau\/wp-content\/uploads\/usu2079\/2024\/10\/WhatsApp-Image-2024-10-18-at-12.36.33-scaled.jpeg\"><img loading=\"lazy\" decoding=\"async\" class=\"alignnone size-medium wp-image-875\" src=\"https:\/\/agora.xtec.cat\/ieslamardelafrau\/wp-content\/uploads\/usu2079\/2024\/10\/WhatsApp-Image-2024-10-18-at-12.36.33-225x300.jpeg\" alt=\"\" width=\"225\" height=\"300\" srcset=\"https:\/\/agora.xtec.cat\/ieslamardelafrau\/wp-content\/uploads\/usu2079\/2024\/10\/WhatsApp-Image-2024-10-18-at-12.36.33-225x300.jpeg 225w, https:\/\/agora.xtec.cat\/ieslamardelafrau\/wp-content\/uploads\/usu2079\/2024\/10\/WhatsApp-Image-2024-10-18-at-12.36.33-768x1024.jpeg 768w, https:\/\/agora.xtec.cat\/ieslamardelafrau\/wp-content\/uploads\/usu2079\/2024\/10\/WhatsApp-Image-2024-10-18-at-12.36.33-1152x1536.jpeg 1152w, https:\/\/agora.xtec.cat\/ieslamardelafrau\/wp-content\/uploads\/usu2079\/2024\/10\/WhatsApp-Image-2024-10-18-at-12.36.33-1536x2048.jpeg 1536w, https:\/\/agora.xtec.cat\/ieslamardelafrau\/wp-content\/uploads\/usu2079\/2024\/10\/WhatsApp-Image-2024-10-18-at-12.36.33-scaled.jpeg 1920w\" sizes=\"auto, (max-width: 225px) 100vw, 225px\" \/><\/a><a href=\"https:\/\/agora.xtec.cat\/ieslamardelafrau\/wp-content\/uploads\/usu2079\/2024\/10\/WhatsApp-Image-2024-10-18-at-13.03.21-scaled.jpeg\"><img loading=\"lazy\" decoding=\"async\" class=\"size-medium wp-image-873 alignleft\" src=\"https:\/\/agora.xtec.cat\/ieslamardelafrau\/wp-content\/uploads\/usu2079\/2024\/10\/WhatsApp-Image-2024-10-18-at-13.03.21-225x300.jpeg\" alt=\"\" width=\"225\" height=\"300\" srcset=\"https:\/\/agora.xtec.cat\/ieslamardelafrau\/wp-content\/uploads\/usu2079\/2024\/10\/WhatsApp-Image-2024-10-18-at-13.03.21-225x300.jpeg 225w, https:\/\/agora.xtec.cat\/ieslamardelafrau\/wp-content\/uploads\/usu2079\/2024\/10\/WhatsApp-Image-2024-10-18-at-13.03.21-768x1024.jpeg 768w, https:\/\/agora.xtec.cat\/ieslamardelafrau\/wp-content\/uploads\/usu2079\/2024\/10\/WhatsApp-Image-2024-10-18-at-13.03.21-1152x1536.jpeg 1152w, https:\/\/agora.xtec.cat\/ieslamardelafrau\/wp-content\/uploads\/usu2079\/2024\/10\/WhatsApp-Image-2024-10-18-at-13.03.21-1536x2048.jpeg 1536w, https:\/\/agora.xtec.cat\/ieslamardelafrau\/wp-content\/uploads\/usu2079\/2024\/10\/WhatsApp-Image-2024-10-18-at-13.03.21-scaled.jpeg 1920w\" sizes=\"auto, (max-width: 225px) 100vw, 225px\" \/><\/a><\/p>\n","protected":false},"excerpt":{"rendered":"<p>Aquesta setmana hem rebut a l\u2019institut Sofiedalskolan de Su\u00e8cia. Dintre del programa Erasmus, hem treballat en projectes de sostenibilitat, hem realitzat visites culturals i hem practicat molt l\u2019angl\u00e8s! Avui ens hem acomiadat d\u2019ells fins al desembre, que ser\u00e0 quan els visitarem a la seva ciutat,&hellip;  <a href=\"https:\/\/agora.xtec.cat\/ieslamardelafrau\/portada\/erasmus\/\" title=\"Read Erasmus\">Llegeix m\u00e9s\u00bb<\/a><\/p>\n","protected":false},"author":1,"featured_media":0,"comment_status":"open","ping_status":"closed","sticky":false,"template":"","format":"standard","meta":{"_bbp_topic_count":0,"_bbp_reply_count":0,"_bbp_total_topic_count":0,"_bbp_total_reply_count":0,"_bbp_voice_count":0,"_bbp_anonymous_reply_count":0,"_bbp_topic_count_hidden":0,"_bbp_reply_count_hidden":0,"_bbp_forum_subforum_count":0,"footnotes":""},"categories":[29],"tags":[],"class_list":["post-872","post","type-post","status-publish","format-standard","hentry","category-portada"],"post_mailing_queue_ids":[],"_links":{"self":[{"href":"https:\/\/agora.xtec.cat\/ieslamardelafrau\/wp-json\/wp\/v2\/posts\/872","targetHints":{"allow":["GET"]}}],"collection":[{"href":"https:\/\/agora.xtec.cat\/ieslamardelafrau\/wp-json\/wp\/v2\/posts"}],"about":[{"href":"https:\/\/agora.xtec.cat\/ieslamardelafrau\/wp-json\/wp\/v2\/types\/post"}],"author":[{"embeddable":true,"href":"https:\/\/agora.xtec.cat\/ieslamardelafrau\/wp-json\/wp\/v2\/users\/1"}],"replies":[{"embeddable":true,"href":"https:\/\/agora.xtec.cat\/ieslamardelafrau\/wp-json\/wp\/v2\/comments?post=872"}],"version-history":[{"count":1,"href":"https:\/\/agora.xtec.cat\/ieslamardelafrau\/wp-json\/wp\/v2\/posts\/872\/revisions"}],"predecessor-version":[{"id":876,"href":"https:\/\/agora.xtec.cat\/ieslamardelafrau\/wp-json\/wp\/v2\/posts\/872\/revisions\/876"}],"wp:attachment":[{"href":"https:\/\/agora.xtec.cat\/ieslamardelafrau\/wp-json\/wp\/v2\/media?parent=872"}],"wp:term":[{"taxonomy":"category","embeddable":true,"href":"https:\/\/agora.xtec.cat\/ieslamardelafrau\/wp-json\/wp\/v2\/categories?post=872"},{"taxonomy":"post_tag","embeddable":true,"href":"https:\/\/agora.xtec.cat\/ieslamardelafrau\/wp-json\/wp\/v2\/tags?post=872"}],"curies":[{"name":"wp","href":"https:\/\/api.w.org\/{rel}","templated":true}]}}