{"id":1882,"date":"2026-02-12T09:44:03","date_gmt":"2026-02-12T08:44:03","guid":{"rendered":"https:\/\/agora.xtec.cat\/ieslamardelafrau\/?p=1882"},"modified":"2026-02-17T11:04:50","modified_gmt":"2026-02-17T10:04:50","slug":"jornades-de-portes-obertes","status":"publish","type":"post","link":"https:\/\/agora.xtec.cat\/ieslamardelafrau\/portada\/jornades-de-portes-obertes\/","title":{"rendered":"Jornades de Portes Obertes"},"content":{"rendered":"\n<figure class=\"wp-block-image size-large\"><a href=\"https:\/\/agora.xtec.cat\/ieslamardelafrau\/wp-content\/uploads\/usu2079\/2026\/02\/1-2.jpg\"><img loading=\"lazy\" decoding=\"async\" width=\"1024\" height=\"791\" src=\"https:\/\/agora.xtec.cat\/ieslamardelafrau\/wp-content\/uploads\/usu2079\/2026\/02\/1-2-1024x791.jpg\" alt=\"\" class=\"wp-image-1887\" srcset=\"https:\/\/agora.xtec.cat\/ieslamardelafrau\/wp-content\/uploads\/usu2079\/2026\/02\/1-2-1024x791.jpg 1024w, https:\/\/agora.xtec.cat\/ieslamardelafrau\/wp-content\/uploads\/usu2079\/2026\/02\/1-2-300x232.jpg 300w, https:\/\/agora.xtec.cat\/ieslamardelafrau\/wp-content\/uploads\/usu2079\/2026\/02\/1-2-768x593.jpg 768w, https:\/\/agora.xtec.cat\/ieslamardelafrau\/wp-content\/uploads\/usu2079\/2026\/02\/1-2-1536x1187.jpg 1536w, https:\/\/agora.xtec.cat\/ieslamardelafrau\/wp-content\/uploads\/usu2079\/2026\/02\/1-2.jpg 2000w\" sizes=\"auto, (max-width: 1024px) 100vw, 1024px\" \/><\/a><\/figure>\n\n\n\n<figure class=\"wp-block-image size-large\"><a href=\"https:\/\/agora.xtec.cat\/ieslamardelafrau\/wp-content\/uploads\/usu2079\/2026\/02\/2-2.jpg\"><img loading=\"lazy\" decoding=\"async\" width=\"1024\" height=\"791\" src=\"https:\/\/agora.xtec.cat\/ieslamardelafrau\/wp-content\/uploads\/usu2079\/2026\/02\/2-2-1024x791.jpg\" alt=\"\" class=\"wp-image-1888\" srcset=\"https:\/\/agora.xtec.cat\/ieslamardelafrau\/wp-content\/uploads\/usu2079\/2026\/02\/2-2-1024x791.jpg 1024w, https:\/\/agora.xtec.cat\/ieslamardelafrau\/wp-content\/uploads\/usu2079\/2026\/02\/2-2-300x232.jpg 300w, https:\/\/agora.xtec.cat\/ieslamardelafrau\/wp-content\/uploads\/usu2079\/2026\/02\/2-2-768x593.jpg 768w, https:\/\/agora.xtec.cat\/ieslamardelafrau\/wp-content\/uploads\/usu2079\/2026\/02\/2-2-1536x1187.jpg 1536w, https:\/\/agora.xtec.cat\/ieslamardelafrau\/wp-content\/uploads\/usu2079\/2026\/02\/2-2.jpg 2000w\" sizes=\"auto, (max-width: 1024px) 100vw, 1024px\" \/><\/a><\/figure>\n\n\n\n<p><img decoding=\"async\" alt=\"\ud83c\udf0a\" src=\"https:\/\/fonts.gstatic.com\/s\/e\/notoemoji\/16.0\/1f30a\/32.png\"><img decoding=\"async\" alt=\"\u2728\" src=\"https:\/\/fonts.gstatic.com\/s\/e\/notoemoji\/16.0\/2728\/32.png\">&nbsp;JORNADES DE PORTES OBERTES \u2013 LA MAR DE LA FRAU&nbsp;<img decoding=\"async\" alt=\"\u2728\" src=\"https:\/\/fonts.gstatic.com\/s\/e\/notoemoji\/16.0\/2728\/32.png\"><img decoding=\"async\" alt=\"\ud83c\udf0a\" src=\"https:\/\/fonts.gstatic.com\/s\/e\/notoemoji\/16.0\/1f30a\/32.png\"><\/p>\n\n\n\n<p><img decoding=\"async\" src=\"https:\/\/fonts.gstatic.com\/s\/e\/notoemoji\/16.0\/1f4c5\/32.png\" alt=\"\" style=\"\">\u00a025 de Febrer<\/p>\n\n\n\n<p><img decoding=\"async\" src=\"https:\/\/fonts.gstatic.com\/s\/e\/notoemoji\/16.0\/1f554\/32.png\" alt=\"\ud83d\udd54\">&nbsp;De 17 h a 19 h<\/p>\n\n\n\n<p>A La Mar de la Frau creiem que tots som gotes d\u2019un mateix mar&nbsp;<img decoding=\"async\" alt=\"\ud83d\udc99\" src=\"https:\/\/fonts.gstatic.com\/s\/e\/notoemoji\/16.0\/1f499\/32.png\"><\/p>\n\n\n\n<p>Cada alumne, cada fam\u00edlia i cada docent aporta la seva ess\u00e8ncia per fer cr\u00e9ixer un projecte \u00fanic, viu i ple d\u2019oportunitats.<\/p>\n\n\n\n<p>Vine a descobrir el nostre centre, els nostres projectes i la nostra manera d\u2019entendre l\u2019educaci\u00f3.<\/p>\n\n\n\n<p>Vine a sentir-te part d\u2019aquest mar que avan\u00e7a unit, amb for\u00e7a i il\u00b7lusi\u00f3.<\/p>\n\n\n\n<p><img decoding=\"async\" alt=\"\ud83c\udf0a\" src=\"https:\/\/fonts.gstatic.com\/s\/e\/notoemoji\/16.0\/1f30a\/32.png\">&nbsp;Us esperem a tots! Vine a con\u00e8ixer-nos i a formar part del nostre mar.<\/p>\n\n\n\n<p><\/p>\n","protected":false},"excerpt":{"rendered":"<p><a href=\"https:\/\/agora.xtec.cat\/ieslamardelafrau\/wp-content\/uploads\/usu2079\/2026\/02\/1-2.jpg\"><\/a><\/p>\n<p><a href=\"https:\/\/agora.xtec.cat\/ieslamardelafrau\/wp-content\/uploads\/usu2079\/2026\/02\/2-2.jpg\"><\/a><\/p>\n<p>&nbsp;JORNADES DE PORTES OBERTES \u2013 LA MAR DE LA FRAU&nbsp;<\/p>\n<p>\u00a025 de Febrer<\/p>\n<p>&nbsp;De 17 h a 19 h<\/p>\n<p>A La Mar de la Frau creiem que tots som gotes d\u2019un mateix mar&nbsp;<\/p>\n<p>Cada alumne, cada fam\u00edlia i cada docent aporta la seva ess\u00e8ncia per fer cr\u00e9ixer&hellip;  <a href=\"https:\/\/agora.xtec.cat\/ieslamardelafrau\/portada\/jornades-de-portes-obertes\/\" title=\"Read Jornades de Portes Obertes\">Llegeix m\u00e9s\u00bb<\/a><\/p>\n","protected":false},"author":1,"featured_media":0,"comment_status":"open","ping_status":"open","sticky":false,"template":"","format":"standard","meta":{"_bbp_topic_count":0,"_bbp_reply_count":0,"_bbp_total_topic_count":0,"_bbp_total_reply_count":0,"_bbp_voice_count":0,"_bbp_anonymous_reply_count":0,"_bbp_topic_count_hidden":0,"_bbp_reply_count_hidden":0,"_bbp_forum_subforum_count":0,"footnotes":""},"categories":[140,29],"tags":[],"class_list":["post-1882","post","type-post","status-publish","format-standard","hentry","category-noticies-portada","category-portada"],"post_mailing_queue_ids":[],"_links":{"self":[{"href":"https:\/\/agora.xtec.cat\/ieslamardelafrau\/wp-json\/wp\/v2\/posts\/1882","targetHints":{"allow":["GET"]}}],"collection":[{"href":"https:\/\/agora.xtec.cat\/ieslamardelafrau\/wp-json\/wp\/v2\/posts"}],"about":[{"href":"https:\/\/agora.xtec.cat\/ieslamardelafrau\/wp-json\/wp\/v2\/types\/post"}],"author":[{"embeddable":true,"href":"https:\/\/agora.xtec.cat\/ieslamardelafrau\/wp-json\/wp\/v2\/users\/1"}],"replies":[{"embeddable":true,"href":"https:\/\/agora.xtec.cat\/ieslamardelafrau\/wp-json\/wp\/v2\/comments?post=1882"}],"version-history":[{"count":4,"href":"https:\/\/agora.xtec.cat\/ieslamardelafrau\/wp-json\/wp\/v2\/posts\/1882\/revisions"}],"predecessor-version":[{"id":1890,"href":"https:\/\/agora.xtec.cat\/ieslamardelafrau\/wp-json\/wp\/v2\/posts\/1882\/revisions\/1890"}],"wp:attachment":[{"href":"https:\/\/agora.xtec.cat\/ieslamardelafrau\/wp-json\/wp\/v2\/media?parent=1882"}],"wp:term":[{"taxonomy":"category","embeddable":true,"href":"https:\/\/agora.xtec.cat\/ieslamardelafrau\/wp-json\/wp\/v2\/categories?post=1882"},{"taxonomy":"post_tag","embeddable":true,"href":"https:\/\/agora.xtec.cat\/ieslamardelafrau\/wp-json\/wp\/v2\/tags?post=1882"}],"curies":[{"name":"wp","href":"https:\/\/api.w.org\/{rel}","templated":true}]}}