{"id":1851,"date":"2025-12-02T10:18:35","date_gmt":"2025-12-02T09:18:35","guid":{"rendered":"https:\/\/agora.xtec.cat\/ieslamardelafrau\/?p=1851"},"modified":"2025-12-02T10:18:36","modified_gmt":"2025-12-02T09:18:36","slug":"setmana-derasmus-a-buxtehude","status":"publish","type":"post","link":"https:\/\/agora.xtec.cat\/ieslamardelafrau\/general\/setmana-derasmus-a-buxtehude\/","title":{"rendered":"Setmana d&#8217;Erasmus a Buxtehude"},"content":{"rendered":"<p><img decoding=\"async\" class=\"an1\" draggable=\"false\" src=\"https:\/\/fonts.gstatic.com\/s\/e\/notoemoji\/16.0\/2728\/32.png\" alt=\"\u2728\" data-emoji=\"\u2728\" aria-label=\"\u2728\" \/>\u00a0Mobilitat Erasmus a Buxtehude \u2013 4t d\u2019ESO, La Mar de la Frau\u00a0<img decoding=\"async\" class=\"an1\" draggable=\"false\" src=\"https:\/\/fonts.gstatic.com\/s\/e\/notoemoji\/16.0\/2728\/32.png\" alt=\"\u2728\" data-emoji=\"\u2728\" aria-label=\"\u2728\" \/><\/p>\n<p>Aquesta setmana hem viscut una experi\u00e8ncia Erasmus inoblidable a Buxtehude!\u00a0<img decoding=\"async\" class=\"an1\" draggable=\"false\" src=\"https:\/\/fonts.gstatic.com\/s\/e\/notoemoji\/16.0\/1f1e9_1f1ea\/32.png\" alt=\"\ud83c\udde9\ud83c\uddea\" data-emoji=\"\ud83c\udde9\ud83c\uddea\" aria-label=\"\ud83c\udde9\ud83c\uddea\" \/><img decoding=\"async\" class=\"an1\" draggable=\"false\" src=\"https:\/\/fonts.gstatic.com\/s\/e\/notoemoji\/16.0\/2728\/32.png\" alt=\"\u2728\" data-emoji=\"\u2728\" aria-label=\"\u2728\" \/><br \/>\nHem apr\u00e8s amb un equilibri perfecte entre teoria i pr\u00e0ctica, i cada activitat ens deixava un producte real i tangible del que hav\u00edem apr\u00e8s.<\/p>\n<p>Treball\u00e0vem en equips flexibles, canviant la configuraci\u00f3 segons les tasques, per\u00f2 sempre amb un objectiu com\u00fa. Al final, tot el grup unia esfor\u00e7os per crear resultats tan potents com un article pel diari del centre o fins i tot un \u00e0pat multitudinari!\u00a0<img decoding=\"async\" class=\"an1\" draggable=\"false\" src=\"https:\/\/fonts.gstatic.com\/s\/e\/notoemoji\/16.0\/1f469_200d_1f373\/32.png\" alt=\"\ud83d\udc69\u200d\ud83c\udf73\" data-emoji=\"\ud83d\udc69\u200d\ud83c\udf73\" aria-label=\"\ud83d\udc69\u200d\ud83c\udf73\" \/><img decoding=\"async\" class=\"an1\" draggable=\"false\" src=\"https:\/\/fonts.gstatic.com\/s\/e\/notoemoji\/16.0\/1f5de_fe0f\/32.png\" alt=\"\ud83d\uddde\ufe0f\" data-emoji=\"\ud83d\uddde\ufe0f\" aria-label=\"\ud83d\uddde\ufe0f\" \/><\/p>\n<p>Un dels aspectes m\u00e9s especials va ser la germanor ling\u00fc\u00edstica: treballar de manera biling\u00fce no nom\u00e9s va ser enriquidor, sin\u00f3 que ens va fer sentir m\u00e9s units.\u00a0<img decoding=\"async\" class=\"an1\" draggable=\"false\" src=\"https:\/\/fonts.gstatic.com\/s\/e\/notoemoji\/16.0\/1f30d\/32.png\" alt=\"\ud83c\udf0d\" data-emoji=\"\ud83c\udf0d\" aria-label=\"\ud83c\udf0d\" \/><img decoding=\"async\" class=\"an1\" draggable=\"false\" src=\"https:\/\/fonts.gstatic.com\/s\/e\/notoemoji\/16.0\/1f4ac\/32.png\" alt=\"\ud83d\udcac\" data-emoji=\"\ud83d\udcac\" aria-label=\"\ud83d\udcac\" \/><\/p>\n<p>Totes les activitats es connectaven amb un repte global: un dels 17 Objectius de Desenvolupament Sostenible. En el nostre cas, la sostenibilitat va ser el fil conductor de tota la mobilitat.\u00a0<img decoding=\"async\" class=\"an1\" draggable=\"false\" src=\"https:\/\/fonts.gstatic.com\/s\/e\/notoemoji\/16.0\/1f331\/32.png\" alt=\"\ud83c\udf31\" data-emoji=\"\ud83c\udf31\" aria-label=\"\ud83c\udf31\" \/><img decoding=\"async\" class=\"an1\" draggable=\"false\" src=\"https:\/\/fonts.gstatic.com\/s\/e\/notoemoji\/16.0\/267b_fe0f\/32.png\" alt=\"\u267b\ufe0f\" data-emoji=\"\u267b\ufe0f\" aria-label=\"\u267b\ufe0f\" \/><\/p>\n<p>I, per damunt de tot, la cordialitat, el respecte i la bona voluntat entre tot l\u2019alumnat van convertir el treball en una experi\u00e8ncia amena, divertida i humana.\u00a0<img decoding=\"async\" class=\"an1\" draggable=\"false\" src=\"https:\/\/fonts.gstatic.com\/s\/e\/notoemoji\/16.0\/2764_fe0f\/32.png\" alt=\"\u2764\ufe0f\" data-emoji=\"\u2764\ufe0f\" aria-label=\"\u2764\ufe0f\" \/><\/p>\n<p>Gr\u00e0cies per una setmana que no oblidarem mai!\u00a0<img decoding=\"async\" class=\"an1\" draggable=\"false\" src=\"https:\/\/fonts.gstatic.com\/s\/e\/notoemoji\/16.0\/2728\/32.png\" alt=\"\u2728\" data-emoji=\"\u2728\" aria-label=\"\u2728\" \/><img decoding=\"async\" class=\"an1\" draggable=\"false\" src=\"https:\/\/fonts.gstatic.com\/s\/e\/notoemoji\/16.0\/1f64c\/32.png\" alt=\"\ud83d\ude4c\" data-emoji=\"\ud83d\ude4c\" aria-label=\"\ud83d\ude4c\" \/><a href=\"https:\/\/agora.xtec.cat\/ieslamardelafrau\/general\/setmana-derasmus-a-buxtehude\/attachment\/ebb13f61-c96c-44e8-8274-d00f8bdb4be41\/\" rel=\"attachment wp-att-1852\"><img loading=\"lazy\" decoding=\"async\" class=\"alignnone size-medium wp-image-1852\" src=\"https:\/\/agora.xtec.cat\/ieslamardelafrau\/wp-content\/uploads\/usu2079\/2025\/12\/ebb13f61-c96c-44e8-8274-d00f8bdb4be41-300x300.jpg\" alt=\"\" width=\"300\" height=\"300\" srcset=\"https:\/\/agora.xtec.cat\/ieslamardelafrau\/wp-content\/uploads\/usu2079\/2025\/12\/ebb13f61-c96c-44e8-8274-d00f8bdb4be41-300x300.jpg 300w, https:\/\/agora.xtec.cat\/ieslamardelafrau\/wp-content\/uploads\/usu2079\/2025\/12\/ebb13f61-c96c-44e8-8274-d00f8bdb4be41-1024x1024.jpg 1024w, https:\/\/agora.xtec.cat\/ieslamardelafrau\/wp-content\/uploads\/usu2079\/2025\/12\/ebb13f61-c96c-44e8-8274-d00f8bdb4be41-150x150.jpg 150w, https:\/\/agora.xtec.cat\/ieslamardelafrau\/wp-content\/uploads\/usu2079\/2025\/12\/ebb13f61-c96c-44e8-8274-d00f8bdb4be41-768x768.jpg 768w, https:\/\/agora.xtec.cat\/ieslamardelafrau\/wp-content\/uploads\/usu2079\/2025\/12\/ebb13f61-c96c-44e8-8274-d00f8bdb4be41-1536x1536.jpg 1536w, https:\/\/agora.xtec.cat\/ieslamardelafrau\/wp-content\/uploads\/usu2079\/2025\/12\/ebb13f61-c96c-44e8-8274-d00f8bdb4be41.jpg 1940w\" sizes=\"auto, (max-width: 300px) 100vw, 300px\" \/><\/a> <a href=\"https:\/\/agora.xtec.cat\/ieslamardelafrau\/general\/setmana-derasmus-a-buxtehude\/attachment\/2c0f6f89-98e1-493c-9408-fe060a45db55\/\" rel=\"attachment wp-att-1853\"><img loading=\"lazy\" decoding=\"async\" class=\"alignnone size-medium wp-image-1853\" src=\"https:\/\/agora.xtec.cat\/ieslamardelafrau\/wp-content\/uploads\/usu2079\/2025\/12\/2c0f6f89-98e1-493c-9408-fe060a45db55-300x225.jpg\" alt=\"\" width=\"300\" height=\"225\" srcset=\"https:\/\/agora.xtec.cat\/ieslamardelafrau\/wp-content\/uploads\/usu2079\/2025\/12\/2c0f6f89-98e1-493c-9408-fe060a45db55-300x225.jpg 300w, https:\/\/agora.xtec.cat\/ieslamardelafrau\/wp-content\/uploads\/usu2079\/2025\/12\/2c0f6f89-98e1-493c-9408-fe060a45db55-1024x768.jpg 1024w, https:\/\/agora.xtec.cat\/ieslamardelafrau\/wp-content\/uploads\/usu2079\/2025\/12\/2c0f6f89-98e1-493c-9408-fe060a45db55-768x576.jpg 768w, https:\/\/agora.xtec.cat\/ieslamardelafrau\/wp-content\/uploads\/usu2079\/2025\/12\/2c0f6f89-98e1-493c-9408-fe060a45db55-1536x1152.jpg 1536w, https:\/\/agora.xtec.cat\/ieslamardelafrau\/wp-content\/uploads\/usu2079\/2025\/12\/2c0f6f89-98e1-493c-9408-fe060a45db55-200x150.jpg 200w, https:\/\/agora.xtec.cat\/ieslamardelafrau\/wp-content\/uploads\/usu2079\/2025\/12\/2c0f6f89-98e1-493c-9408-fe060a45db55.jpg 1600w\" sizes=\"auto, (max-width: 300px) 100vw, 300px\" \/><\/a> <a href=\"https:\/\/agora.xtec.cat\/ieslamardelafrau\/general\/setmana-derasmus-a-buxtehude\/attachment\/1340e8fa-200c-4e59-9a17-45945ef0d281\/\" rel=\"attachment wp-att-1854\"><img loading=\"lazy\" decoding=\"async\" class=\"alignnone size-medium wp-image-1854\" src=\"https:\/\/agora.xtec.cat\/ieslamardelafrau\/wp-content\/uploads\/usu2079\/2025\/12\/1340e8fa-200c-4e59-9a17-45945ef0d281-300x300.jpg\" alt=\"\" width=\"300\" height=\"300\" srcset=\"https:\/\/agora.xtec.cat\/ieslamardelafrau\/wp-content\/uploads\/usu2079\/2025\/12\/1340e8fa-200c-4e59-9a17-45945ef0d281-300x300.jpg 300w, https:\/\/agora.xtec.cat\/ieslamardelafrau\/wp-content\/uploads\/usu2079\/2025\/12\/1340e8fa-200c-4e59-9a17-45945ef0d281-1024x1024.jpg 1024w, https:\/\/agora.xtec.cat\/ieslamardelafrau\/wp-content\/uploads\/usu2079\/2025\/12\/1340e8fa-200c-4e59-9a17-45945ef0d281-150x150.jpg 150w, https:\/\/agora.xtec.cat\/ieslamardelafrau\/wp-content\/uploads\/usu2079\/2025\/12\/1340e8fa-200c-4e59-9a17-45945ef0d281-768x768.jpg 768w, https:\/\/agora.xtec.cat\/ieslamardelafrau\/wp-content\/uploads\/usu2079\/2025\/12\/1340e8fa-200c-4e59-9a17-45945ef0d281-1536x1536.jpg 1536w, https:\/\/agora.xtec.cat\/ieslamardelafrau\/wp-content\/uploads\/usu2079\/2025\/12\/1340e8fa-200c-4e59-9a17-45945ef0d281.jpg 2048w\" sizes=\"auto, (max-width: 300px) 100vw, 300px\" \/><\/a> <a href=\"https:\/\/agora.xtec.cat\/ieslamardelafrau\/general\/setmana-derasmus-a-buxtehude\/attachment\/4490c6e1-9bf9-4c5f-82bd-230e271a6f7f\/\" rel=\"attachment wp-att-1855\"><img loading=\"lazy\" decoding=\"async\" class=\"alignnone size-medium wp-image-1855\" src=\"https:\/\/agora.xtec.cat\/ieslamardelafrau\/wp-content\/uploads\/usu2079\/2025\/12\/4490c6e1-9bf9-4c5f-82bd-230e271a6f7f-225x300.jpg\" alt=\"\" width=\"225\" height=\"300\" srcset=\"https:\/\/agora.xtec.cat\/ieslamardelafrau\/wp-content\/uploads\/usu2079\/2025\/12\/4490c6e1-9bf9-4c5f-82bd-230e271a6f7f-225x300.jpg 225w, https:\/\/agora.xtec.cat\/ieslamardelafrau\/wp-content\/uploads\/usu2079\/2025\/12\/4490c6e1-9bf9-4c5f-82bd-230e271a6f7f-768x1024.jpg 768w, https:\/\/agora.xtec.cat\/ieslamardelafrau\/wp-content\/uploads\/usu2079\/2025\/12\/4490c6e1-9bf9-4c5f-82bd-230e271a6f7f-1152x1536.jpg 1152w, https:\/\/agora.xtec.cat\/ieslamardelafrau\/wp-content\/uploads\/usu2079\/2025\/12\/4490c6e1-9bf9-4c5f-82bd-230e271a6f7f.jpg 1200w\" sizes=\"auto, (max-width: 225px) 100vw, 225px\" \/><\/a> <a href=\"https:\/\/agora.xtec.cat\/ieslamardelafrau\/general\/setmana-derasmus-a-buxtehude\/attachment\/a79ff65e-d180-4bb9-8fa2-0f4b519d5713\/\" rel=\"attachment wp-att-1856\"><img loading=\"lazy\" decoding=\"async\" class=\"alignnone size-medium wp-image-1856\" src=\"https:\/\/agora.xtec.cat\/ieslamardelafrau\/wp-content\/uploads\/usu2079\/2025\/12\/a79ff65e-d180-4bb9-8fa2-0f4b519d5713-300x300.jpg\" alt=\"\" width=\"300\" height=\"300\" srcset=\"https:\/\/agora.xtec.cat\/ieslamardelafrau\/wp-content\/uploads\/usu2079\/2025\/12\/a79ff65e-d180-4bb9-8fa2-0f4b519d5713-300x300.jpg 300w, https:\/\/agora.xtec.cat\/ieslamardelafrau\/wp-content\/uploads\/usu2079\/2025\/12\/a79ff65e-d180-4bb9-8fa2-0f4b519d5713-1024x1024.jpg 1024w, https:\/\/agora.xtec.cat\/ieslamardelafrau\/wp-content\/uploads\/usu2079\/2025\/12\/a79ff65e-d180-4bb9-8fa2-0f4b519d5713-150x150.jpg 150w, https:\/\/agora.xtec.cat\/ieslamardelafrau\/wp-content\/uploads\/usu2079\/2025\/12\/a79ff65e-d180-4bb9-8fa2-0f4b519d5713-768x768.jpg 768w, https:\/\/agora.xtec.cat\/ieslamardelafrau\/wp-content\/uploads\/usu2079\/2025\/12\/a79ff65e-d180-4bb9-8fa2-0f4b519d5713-1536x1536.jpg 1536w, https:\/\/agora.xtec.cat\/ieslamardelafrau\/wp-content\/uploads\/usu2079\/2025\/12\/a79ff65e-d180-4bb9-8fa2-0f4b519d5713.jpg 1940w\" sizes=\"auto, (max-width: 300px) 100vw, 300px\" \/><\/a><\/p>\n","protected":false},"excerpt":{"rendered":"<p>\u00a0Mobilitat Erasmus a Buxtehude \u2013 4t d\u2019ESO, La Mar de la Frau\u00a0<br \/>\nAquesta setmana hem viscut una experi\u00e8ncia Erasmus inoblidable a Buxtehude!\u00a0<br \/>\nHem apr\u00e8s amb un equilibri perfecte entre teoria i pr\u00e0ctica, i cada activitat ens deixava un producte real i tangible del que hav\u00edem apr\u00e8s.<br \/>\nTreball\u00e0vem en&hellip;  <a href=\"https:\/\/agora.xtec.cat\/ieslamardelafrau\/general\/setmana-derasmus-a-buxtehude\/\" title=\"Read Setmana d&#8217;Erasmus a Buxtehude\">Llegeix m\u00e9s\u00bb<\/a><\/p>\n","protected":false},"author":1,"featured_media":0,"comment_status":"open","ping_status":"open","sticky":false,"template":"","format":"standard","meta":{"_bbp_topic_count":0,"_bbp_reply_count":0,"_bbp_total_topic_count":0,"_bbp_total_reply_count":0,"_bbp_voice_count":0,"_bbp_anonymous_reply_count":0,"_bbp_topic_count_hidden":0,"_bbp_reply_count_hidden":0,"_bbp_forum_subforum_count":0,"footnotes":""},"categories":[1,139,140,29],"tags":[],"class_list":["post-1851","post","type-post","status-publish","format-standard","hentry","category-general","category-noticies","category-noticies-portada","category-portada"],"post_mailing_queue_ids":[],"_links":{"self":[{"href":"https:\/\/agora.xtec.cat\/ieslamardelafrau\/wp-json\/wp\/v2\/posts\/1851","targetHints":{"allow":["GET"]}}],"collection":[{"href":"https:\/\/agora.xtec.cat\/ieslamardelafrau\/wp-json\/wp\/v2\/posts"}],"about":[{"href":"https:\/\/agora.xtec.cat\/ieslamardelafrau\/wp-json\/wp\/v2\/types\/post"}],"author":[{"embeddable":true,"href":"https:\/\/agora.xtec.cat\/ieslamardelafrau\/wp-json\/wp\/v2\/users\/1"}],"replies":[{"embeddable":true,"href":"https:\/\/agora.xtec.cat\/ieslamardelafrau\/wp-json\/wp\/v2\/comments?post=1851"}],"version-history":[{"count":2,"href":"https:\/\/agora.xtec.cat\/ieslamardelafrau\/wp-json\/wp\/v2\/posts\/1851\/revisions"}],"predecessor-version":[{"id":1858,"href":"https:\/\/agora.xtec.cat\/ieslamardelafrau\/wp-json\/wp\/v2\/posts\/1851\/revisions\/1858"}],"wp:attachment":[{"href":"https:\/\/agora.xtec.cat\/ieslamardelafrau\/wp-json\/wp\/v2\/media?parent=1851"}],"wp:term":[{"taxonomy":"category","embeddable":true,"href":"https:\/\/agora.xtec.cat\/ieslamardelafrau\/wp-json\/wp\/v2\/categories?post=1851"},{"taxonomy":"post_tag","embeddable":true,"href":"https:\/\/agora.xtec.cat\/ieslamardelafrau\/wp-json\/wp\/v2\/tags?post=1851"}],"curies":[{"name":"wp","href":"https:\/\/api.w.org\/{rel}","templated":true}]}}