{"id":1837,"date":"2025-12-02T09:20:54","date_gmt":"2025-12-02T08:20:54","guid":{"rendered":"https:\/\/agora.xtec.cat\/ieslamardelafrau\/?p=1837"},"modified":"2025-12-02T10:11:49","modified_gmt":"2025-12-02T09:11:49","slug":"setmana-erasmus-a-gavle-suecia","status":"publish","type":"post","link":"https:\/\/agora.xtec.cat\/ieslamardelafrau\/general\/setmana-erasmus-a-gavle-suecia\/","title":{"rendered":"Setmana Erasmus a G\u00e4vle, Su\u00e8cia"},"content":{"rendered":"<p><img decoding=\"async\" class=\"an1\" draggable=\"false\" src=\"https:\/\/fonts.gstatic.com\/s\/e\/notoemoji\/16.0\/2728\/32.png\" alt=\"\u2728\" data-emoji=\"\u2728\" aria-label=\"\u2728\" \/> Setmana inoblidable a G\u00e4vle!\u00a0<img decoding=\"async\" class=\"an1\" draggable=\"false\" src=\"https:\/\/fonts.gstatic.com\/s\/e\/notoemoji\/16.0\/1f1f8_1f1ea\/32.png\" alt=\"\ud83c\uddf8\ud83c\uddea\" data-emoji=\"\ud83c\uddf8\ud83c\uddea\" aria-label=\"\ud83c\uddf8\ud83c\uddea\" \/><img decoding=\"async\" class=\"an1\" draggable=\"false\" src=\"https:\/\/fonts.gstatic.com\/s\/e\/notoemoji\/16.0\/1f499\/32.png\" alt=\"\ud83d\udc99\" data-emoji=\"\ud83d\udc99\" aria-label=\"\ud83d\udc99\" \/><\/p>\n<p>Els alumnes de 3r d\u2019ESO de La Mar de la Frau han viscut una experi\u00e8ncia \u00fanica gr\u00e0cies al projecte Erasmus. Ha estat molt m\u00e9s que un viatge: una immersi\u00f3 en el m\u00f3n acad\u00e8mic suec, treballant en projectes clau per al futur del nostre planeta\u00a0<img decoding=\"async\" class=\"an1\" draggable=\"false\" src=\"https:\/\/fonts.gstatic.com\/s\/e\/notoemoji\/16.0\/1f30d\/32.png\" alt=\"\ud83c\udf0d\" data-emoji=\"\ud83c\udf0d\" aria-label=\"\ud83c\udf0d\" \/><img decoding=\"async\" class=\"an1\" draggable=\"false\" src=\"https:\/\/fonts.gstatic.com\/s\/e\/notoemoji\/16.0\/1f4a1\/32.png\" alt=\"\ud83d\udca1\" data-emoji=\"\ud83d\udca1\" aria-label=\"\ud83d\udca1\" \/>.<\/p>\n<p>Per\u00f2 el m\u00e9s espe<\/p>\n<p>cial ha estat descobrir una nova cultura, crear amistats que ja formen part del nostre dia a dia\u00a0<img decoding=\"async\" class=\"an1\" draggable=\"false\" src=\"https:\/\/fonts.gstatic.com\/s\/e\/notoemoji\/16.0\/1f91d\/32.png\" alt=\"\ud83e\udd1d\" data-emoji=\"\ud83e\udd1d\" aria-label=\"\ud83e\udd1d\" \/><img decoding=\"async\" class=\"an1\" draggable=\"false\" src=\"https:\/\/fonts.gstatic.com\/s\/e\/notoemoji\/16.0\/2728\/32.png\" alt=\"\u2728\" data-emoji=\"\u2728\" aria-label=\"\u2728\" \/>\u00a0i fer el salt a una aventura que, per a molts, ha marcat un abans i un despr\u00e9s.<\/p>\n<p>Com diuen alguns alumnes\u2026 \u201cL\u2019Erasmus m\u2019ha canviat la vida.\u201d\u00a0<img decoding=\"async\" class=\"an1\" draggable=\"false\" src=\"https:\/\/fonts.gstatic.com\/s\/e\/notoemoji\/16.0\/1f499\/32.png\" alt=\"\ud83d\udc99\" data-emoji=\"\ud83d\udc99\" aria-label=\"\ud83d\udc99\" \/><img decoding=\"async\" class=\"an1\" draggable=\"false\" src=\"https:\/\/fonts.gstatic.com\/s\/e\/notoemoji\/16.0\/1f31f\/32.png\" alt=\"\ud83c\udf1f\" data-emoji=\"\ud83c\udf1f\" aria-label=\"\ud83c\udf1f\" \/><\/p>\n<p><a href=\"https:\/\/agora.xtec.cat\/ieslamardelafrau\/general\/setmana-erasmus-a-gavle-suecia\/attachment\/70d8db06-8810-4ef3-82d2-314012fa269e\/\" rel=\"attachment wp-att-1838\"><img loading=\"lazy\" decoding=\"async\" class=\"alignnone size-medium wp-image-1838\" src=\"https:\/\/agora.xtec.cat\/ieslamardelafrau\/wp-content\/uploads\/usu2079\/2025\/12\/70d8db06-8810-4ef3-82d2-314012fa269e-300x225.jpg\" alt=\"\" width=\"300\" height=\"225\" srcset=\"https:\/\/agora.xtec.cat\/ieslamardelafrau\/wp-content\/uploads\/usu2079\/2025\/12\/70d8db06-8810-4ef3-82d2-314012fa269e-300x225.jpg 300w, https:\/\/agora.xtec.cat\/ieslamardelafrau\/wp-content\/uploads\/usu2079\/2025\/12\/70d8db06-8810-4ef3-82d2-314012fa269e-1024x768.jpg 1024w, https:\/\/agora.xtec.cat\/ieslamardelafrau\/wp-content\/uploads\/usu2079\/2025\/12\/70d8db06-8810-4ef3-82d2-314012fa269e-768x576.jpg 768w, https:\/\/agora.xtec.cat\/ieslamardelafrau\/wp-content\/uploads\/usu2079\/2025\/12\/70d8db06-8810-4ef3-82d2-314012fa269e-1536x1152.jpg 1536w, https:\/\/agora.xtec.cat\/ieslamardelafrau\/wp-content\/uploads\/usu2079\/2025\/12\/70d8db06-8810-4ef3-82d2-314012fa269e-200x150.jpg 200w, https:\/\/agora.xtec.cat\/ieslamardelafrau\/wp-content\/uploads\/usu2079\/2025\/12\/70d8db06-8810-4ef3-82d2-314012fa269e.jpg 1600w\" sizes=\"auto, (max-width: 300px) 100vw, 300px\" \/><\/a> <a href=\"https:\/\/agora.xtec.cat\/ieslamardelafrau\/general\/setmana-erasmus-a-gavle-suecia\/attachment\/94fb9d6b-dadf-479f-a05e-d3eab36be8ae\/\" rel=\"attachment wp-att-1839\"><img loading=\"lazy\" decoding=\"async\" class=\"alignnone size-medium wp-image-1839\" src=\"https:\/\/agora.xtec.cat\/ieslamardelafrau\/wp-content\/uploads\/usu2079\/2025\/12\/94fb9d6b-dadf-479f-a05e-d3eab36be8ae-225x300.jpg\" alt=\"\" width=\"225\" height=\"300\" srcset=\"https:\/\/agora.xtec.cat\/ieslamardelafrau\/wp-content\/uploads\/usu2079\/2025\/12\/94fb9d6b-dadf-479f-a05e-d3eab36be8ae-225x300.jpg 225w, https:\/\/agora.xtec.cat\/ieslamardelafrau\/wp-content\/uploads\/usu2079\/2025\/12\/94fb9d6b-dadf-479f-a05e-d3eab36be8ae-768x1024.jpg 768w, https:\/\/agora.xtec.cat\/ieslamardelafrau\/wp-content\/uploads\/usu2079\/2025\/12\/94fb9d6b-dadf-479f-a05e-d3eab36be8ae-1152x1536.jpg 1152w, https:\/\/agora.xtec.cat\/ieslamardelafrau\/wp-content\/uploads\/usu2079\/2025\/12\/94fb9d6b-dadf-479f-a05e-d3eab36be8ae.jpg 1200w\" sizes=\"auto, (max-width: 225px) 100vw, 225px\" \/><\/a> <a href=\"https:\/\/agora.xtec.cat\/ieslamardelafrau\/general\/setmana-erasmus-a-gavle-suecia\/attachment\/8698e26d-382a-4e3c-97ac-adcc49a1ad79\/\" rel=\"attachment wp-att-1840\"><img loading=\"lazy\" decoding=\"async\" class=\"alignnone size-medium wp-image-1840\" src=\"https:\/\/agora.xtec.cat\/ieslamardelafrau\/wp-content\/uploads\/usu2079\/2025\/12\/8698e26d-382a-4e3c-97ac-adcc49a1ad79-300x225.jpg\" alt=\"\" width=\"300\" height=\"225\" srcset=\"https:\/\/agora.xtec.cat\/ieslamardelafrau\/wp-content\/uploads\/usu2079\/2025\/12\/8698e26d-382a-4e3c-97ac-adcc49a1ad79-300x225.jpg 300w, https:\/\/agora.xtec.cat\/ieslamardelafrau\/wp-content\/uploads\/usu2079\/2025\/12\/8698e26d-382a-4e3c-97ac-adcc49a1ad79-1024x768.jpg 1024w, https:\/\/agora.xtec.cat\/ieslamardelafrau\/wp-content\/uploads\/usu2079\/2025\/12\/8698e26d-382a-4e3c-97ac-adcc49a1ad79-768x576.jpg 768w, https:\/\/agora.xtec.cat\/ieslamardelafrau\/wp-content\/uploads\/usu2079\/2025\/12\/8698e26d-382a-4e3c-97ac-adcc49a1ad79-1536x1152.jpg 1536w, https:\/\/agora.xtec.cat\/ieslamardelafrau\/wp-content\/uploads\/usu2079\/2025\/12\/8698e26d-382a-4e3c-97ac-adcc49a1ad79-200x150.jpg 200w, https:\/\/agora.xtec.cat\/ieslamardelafrau\/wp-content\/uploads\/usu2079\/2025\/12\/8698e26d-382a-4e3c-97ac-adcc49a1ad79.jpg 1600w\" sizes=\"auto, (max-width: 300px) 100vw, 300px\" \/><\/a> <a href=\"https:\/\/agora.xtec.cat\/ieslamardelafrau\/general\/setmana-erasmus-a-gavle-suecia\/attachment\/5fb454d5-966c-4d52-9c32-812a25846bbc\/\" rel=\"attachment wp-att-1841\"><img loading=\"lazy\" decoding=\"async\" class=\"alignnone size-medium wp-image-1841\" src=\"https:\/\/agora.xtec.cat\/ieslamardelafrau\/wp-content\/uploads\/usu2079\/2025\/12\/5fb454d5-966c-4d52-9c32-812a25846bbc-300x225.jpg\" alt=\"\" width=\"300\" height=\"225\" srcset=\"https:\/\/agora.xtec.cat\/ieslamardelafrau\/wp-content\/uploads\/usu2079\/2025\/12\/5fb454d5-966c-4d52-9c32-812a25846bbc-300x225.jpg 300w, https:\/\/agora.xtec.cat\/ieslamardelafrau\/wp-content\/uploads\/usu2079\/2025\/12\/5fb454d5-966c-4d52-9c32-812a25846bbc-1024x768.jpg 1024w, https:\/\/agora.xtec.cat\/ieslamardelafrau\/wp-content\/uploads\/usu2079\/2025\/12\/5fb454d5-966c-4d52-9c32-812a25846bbc-768x576.jpg 768w, https:\/\/agora.xtec.cat\/ieslamardelafrau\/wp-content\/uploads\/usu2079\/2025\/12\/5fb454d5-966c-4d52-9c32-812a25846bbc-1536x1152.jpg 1536w, https:\/\/agora.xtec.cat\/ieslamardelafrau\/wp-content\/uploads\/usu2079\/2025\/12\/5fb454d5-966c-4d52-9c32-812a25846bbc-200x150.jpg 200w, https:\/\/agora.xtec.cat\/ieslamardelafrau\/wp-content\/uploads\/usu2079\/2025\/12\/5fb454d5-966c-4d52-9c32-812a25846bbc.jpg 1600w\" sizes=\"auto, (max-width: 300px) 100vw, 300px\" \/><\/a> <a href=\"https:\/\/agora.xtec.cat\/ieslamardelafrau\/general\/setmana-erasmus-a-gavle-suecia\/attachment\/08fa0ec5-9102-4f24-a0f4-963a96a5d160\/\" rel=\"attachment wp-att-1842\"><img loading=\"lazy\" decoding=\"async\" class=\"alignnone size-medium wp-image-1842\" src=\"https:\/\/agora.xtec.cat\/ieslamardelafrau\/wp-content\/uploads\/usu2079\/2025\/12\/08fa0ec5-9102-4f24-a0f4-963a96a5d160-300x225.jpg\" alt=\"\" width=\"300\" height=\"225\" srcset=\"https:\/\/agora.xtec.cat\/ieslamardelafrau\/wp-content\/uploads\/usu2079\/2025\/12\/08fa0ec5-9102-4f24-a0f4-963a96a5d160-300x225.jpg 300w, https:\/\/agora.xtec.cat\/ieslamardelafrau\/wp-content\/uploads\/usu2079\/2025\/12\/08fa0ec5-9102-4f24-a0f4-963a96a5d160-1024x768.jpg 1024w, https:\/\/agora.xtec.cat\/ieslamardelafrau\/wp-content\/uploads\/usu2079\/2025\/12\/08fa0ec5-9102-4f24-a0f4-963a96a5d160-768x576.jpg 768w, https:\/\/agora.xtec.cat\/ieslamardelafrau\/wp-content\/uploads\/usu2079\/2025\/12\/08fa0ec5-9102-4f24-a0f4-963a96a5d160-1536x1152.jpg 1536w, https:\/\/agora.xtec.cat\/ieslamardelafrau\/wp-content\/uploads\/usu2079\/2025\/12\/08fa0ec5-9102-4f24-a0f4-963a96a5d160-200x150.jpg 200w, https:\/\/agora.xtec.cat\/ieslamardelafrau\/wp-content\/uploads\/usu2079\/2025\/12\/08fa0ec5-9102-4f24-a0f4-963a96a5d160.jpg 1600w\" sizes=\"auto, (max-width: 300px) 100vw, 300px\" \/><\/a><\/p>\n","protected":false},"excerpt":{"rendered":"<p> Setmana inoblidable a G\u00e4vle!\u00a0<br \/>\nEls alumnes de 3r d\u2019ESO de La Mar de la Frau han viscut una experi\u00e8ncia \u00fanica gr\u00e0cies al projecte Erasmus. Ha estat molt m\u00e9s que un viatge: una immersi\u00f3 en el m\u00f3n acad\u00e8mic suec, treballant en projectes clau per al futur&hellip;  <a href=\"https:\/\/agora.xtec.cat\/ieslamardelafrau\/general\/setmana-erasmus-a-gavle-suecia\/\" title=\"Read Setmana Erasmus a G\u00e4vle, Su\u00e8cia\">Llegeix m\u00e9s\u00bb<\/a><\/p>\n","protected":false},"author":1,"featured_media":0,"comment_status":"open","ping_status":"open","sticky":false,"template":"","format":"standard","meta":{"_bbp_topic_count":0,"_bbp_reply_count":0,"_bbp_total_topic_count":0,"_bbp_total_reply_count":0,"_bbp_voice_count":0,"_bbp_anonymous_reply_count":0,"_bbp_topic_count_hidden":0,"_bbp_reply_count_hidden":0,"_bbp_forum_subforum_count":0,"footnotes":""},"categories":[1,139,140,29],"tags":[],"class_list":["post-1837","post","type-post","status-publish","format-standard","hentry","category-general","category-noticies","category-noticies-portada","category-portada"],"post_mailing_queue_ids":[],"_links":{"self":[{"href":"https:\/\/agora.xtec.cat\/ieslamardelafrau\/wp-json\/wp\/v2\/posts\/1837","targetHints":{"allow":["GET"]}}],"collection":[{"href":"https:\/\/agora.xtec.cat\/ieslamardelafrau\/wp-json\/wp\/v2\/posts"}],"about":[{"href":"https:\/\/agora.xtec.cat\/ieslamardelafrau\/wp-json\/wp\/v2\/types\/post"}],"author":[{"embeddable":true,"href":"https:\/\/agora.xtec.cat\/ieslamardelafrau\/wp-json\/wp\/v2\/users\/1"}],"replies":[{"embeddable":true,"href":"https:\/\/agora.xtec.cat\/ieslamardelafrau\/wp-json\/wp\/v2\/comments?post=1837"}],"version-history":[{"count":2,"href":"https:\/\/agora.xtec.cat\/ieslamardelafrau\/wp-json\/wp\/v2\/posts\/1837\/revisions"}],"predecessor-version":[{"id":1844,"href":"https:\/\/agora.xtec.cat\/ieslamardelafrau\/wp-json\/wp\/v2\/posts\/1837\/revisions\/1844"}],"wp:attachment":[{"href":"https:\/\/agora.xtec.cat\/ieslamardelafrau\/wp-json\/wp\/v2\/media?parent=1837"}],"wp:term":[{"taxonomy":"category","embeddable":true,"href":"https:\/\/agora.xtec.cat\/ieslamardelafrau\/wp-json\/wp\/v2\/categories?post=1837"},{"taxonomy":"post_tag","embeddable":true,"href":"https:\/\/agora.xtec.cat\/ieslamardelafrau\/wp-json\/wp\/v2\/tags?post=1837"}],"curies":[{"name":"wp","href":"https:\/\/api.w.org\/{rel}","templated":true}]}}