{"id":1800,"date":"2025-11-11T13:54:15","date_gmt":"2025-11-11T12:54:15","guid":{"rendered":"https:\/\/agora.xtec.cat\/ieslamardelafrau\/?p=1800"},"modified":"2025-11-11T13:54:16","modified_gmt":"2025-11-11T12:54:16","slug":"setmana-de-la-ciencia","status":"publish","type":"post","link":"https:\/\/agora.xtec.cat\/ieslamardelafrau\/portada\/setmana-de-la-ciencia\/","title":{"rendered":"Setmana de la Ci\u00e8ncia"},"content":{"rendered":"<p>\u2728 Setmana de la Ci\u00e8ncia 2025\u2728\ud83d\udc69\u200d\ud83d\udd2c\ud83d\udc68\u200d\ud83d\udd2c<\/p>\n<p>Amb motiu de la Setmana de la Ci\u00e8ncia 2025, els alumnes de 4t d\u2019ESO de la mat\u00e8ria de Cultura Cient\u00edfica han preparat una fira d&#8217;experiments molt especial per compartir amb l\u2019alumnat de 1r d\u2019ESO.<\/p>\n<p>CIENCI\u00d2POLIS!<br \/>\nCient\u00edfics en acci\u00f3 per un dia, on el pati de l&#8217;institut s&#8217;ha convertit en un laboratori.<\/p>\n<p>Durant aquesta jornada, els grans del centre jugaran a ser mestres cient\u00edfics i divulgadors, presentant i duent a terme experiments senzills i visuals amb l\u2019objectiu de despertar la curiositat i l\u2019inter\u00e8s per la ci\u00e8ncia dels m\u00e9s joves. Una activitat per compartir, aprendre fent i promoure l&#8217;esperit cient\u00edfic.<\/p>\n<p>Aquesta proposta forma part del nostre comprom\u00eds per fomentar l\u2019aprenentatge actiu, la cooperaci\u00f3 entre cursos i el gust per la recerca cient\u00edfica. L\u2019alumnat de 4t ha dissenyat i assajat els experiments amb entusiasme, i estem segurs que els petits de 1r gaudiran molt d\u2019aquesta experi\u00e8ncia.<\/p>\n<p>Agra\u00efm la col\u00b7laboraci\u00f3 de la URV amb experiments que apropen a l&#8217;alumnat al m\u00f3n universitari i donant l&#8217;opci\u00f3 de participar al Repte experimenta.<\/p>\n<p>Els cient\u00edfics del futur ensenyen avui! Viu la ci\u00e8ncia!<\/p>\n<p>@retoexperimenta<br \/>\n#sc25cat<\/p>\n<p><a href=\"https:\/\/agora.xtec.cat\/ieslamardelafrau\/portada\/setmana-de-la-ciencia\/attachment\/1c4132cd-791f-4f3e-a431-8f1b645ecb1c\/\" rel=\"attachment wp-att-1802\"><img loading=\"lazy\" decoding=\"async\" class=\"alignnone size-medium wp-image-1802\" src=\"https:\/\/agora.xtec.cat\/ieslamardelafrau\/wp-content\/uploads\/usu2079\/2025\/11\/1c4132cd-791f-4f3e-a431-8f1b645ecb1c-300x225.jpg\" alt=\"\" width=\"300\" height=\"225\" srcset=\"https:\/\/agora.xtec.cat\/ieslamardelafrau\/wp-content\/uploads\/usu2079\/2025\/11\/1c4132cd-791f-4f3e-a431-8f1b645ecb1c-300x225.jpg 300w, https:\/\/agora.xtec.cat\/ieslamardelafrau\/wp-content\/uploads\/usu2079\/2025\/11\/1c4132cd-791f-4f3e-a431-8f1b645ecb1c-1024x768.jpg 1024w, https:\/\/agora.xtec.cat\/ieslamardelafrau\/wp-content\/uploads\/usu2079\/2025\/11\/1c4132cd-791f-4f3e-a431-8f1b645ecb1c-768x576.jpg 768w, https:\/\/agora.xtec.cat\/ieslamardelafrau\/wp-content\/uploads\/usu2079\/2025\/11\/1c4132cd-791f-4f3e-a431-8f1b645ecb1c-1536x1152.jpg 1536w, https:\/\/agora.xtec.cat\/ieslamardelafrau\/wp-content\/uploads\/usu2079\/2025\/11\/1c4132cd-791f-4f3e-a431-8f1b645ecb1c-2048x1536.jpg 2048w, https:\/\/agora.xtec.cat\/ieslamardelafrau\/wp-content\/uploads\/usu2079\/2025\/11\/1c4132cd-791f-4f3e-a431-8f1b645ecb1c-200x150.jpg 200w\" sizes=\"auto, (max-width: 300px) 100vw, 300px\" \/><\/a><\/p>\n<p><a href=\"https:\/\/agora.xtec.cat\/ieslamardelafrau\/portada\/setmana-de-la-ciencia\/attachment\/8b4b80ac-adfc-4c8e-be3a-11a2e9924998\/\" rel=\"attachment wp-att-1804\"><img loading=\"lazy\" decoding=\"async\" class=\"alignnone size-medium wp-image-1804\" src=\"https:\/\/agora.xtec.cat\/ieslamardelafrau\/wp-content\/uploads\/usu2079\/2025\/11\/8b4b80ac-adfc-4c8e-be3a-11a2e9924998-300x225.jpg\" alt=\"\" width=\"300\" height=\"225\" srcset=\"https:\/\/agora.xtec.cat\/ieslamardelafrau\/wp-content\/uploads\/usu2079\/2025\/11\/8b4b80ac-adfc-4c8e-be3a-11a2e9924998-300x225.jpg 300w, https:\/\/agora.xtec.cat\/ieslamardelafrau\/wp-content\/uploads\/usu2079\/2025\/11\/8b4b80ac-adfc-4c8e-be3a-11a2e9924998-1024x768.jpg 1024w, https:\/\/agora.xtec.cat\/ieslamardelafrau\/wp-content\/uploads\/usu2079\/2025\/11\/8b4b80ac-adfc-4c8e-be3a-11a2e9924998-768x576.jpg 768w, https:\/\/agora.xtec.cat\/ieslamardelafrau\/wp-content\/uploads\/usu2079\/2025\/11\/8b4b80ac-adfc-4c8e-be3a-11a2e9924998-1536x1152.jpg 1536w, https:\/\/agora.xtec.cat\/ieslamardelafrau\/wp-content\/uploads\/usu2079\/2025\/11\/8b4b80ac-adfc-4c8e-be3a-11a2e9924998-2048x1536.jpg 2048w, https:\/\/agora.xtec.cat\/ieslamardelafrau\/wp-content\/uploads\/usu2079\/2025\/11\/8b4b80ac-adfc-4c8e-be3a-11a2e9924998-200x150.jpg 200w\" sizes=\"auto, (max-width: 300px) 100vw, 300px\" \/><\/a><\/p>\n<p><a href=\"https:\/\/agora.xtec.cat\/ieslamardelafrau\/portada\/setmana-de-la-ciencia\/attachment\/73b34d78-eb07-4504-ba48-3641659733691\/\" rel=\"attachment wp-att-1810\"><img loading=\"lazy\" decoding=\"async\" class=\"alignnone size-medium wp-image-1810\" src=\"https:\/\/agora.xtec.cat\/ieslamardelafrau\/wp-content\/uploads\/usu2079\/2025\/11\/73b34d78-eb07-4504-ba48-3641659733691-255x300.jpg\" alt=\"\" width=\"255\" height=\"300\" srcset=\"https:\/\/agora.xtec.cat\/ieslamardelafrau\/wp-content\/uploads\/usu2079\/2025\/11\/73b34d78-eb07-4504-ba48-3641659733691-255x300.jpg 255w, https:\/\/agora.xtec.cat\/ieslamardelafrau\/wp-content\/uploads\/usu2079\/2025\/11\/73b34d78-eb07-4504-ba48-3641659733691-869x1024.jpg 869w, https:\/\/agora.xtec.cat\/ieslamardelafrau\/wp-content\/uploads\/usu2079\/2025\/11\/73b34d78-eb07-4504-ba48-3641659733691-768x905.jpg 768w, https:\/\/agora.xtec.cat\/ieslamardelafrau\/wp-content\/uploads\/usu2079\/2025\/11\/73b34d78-eb07-4504-ba48-3641659733691.jpg 1125w\" sizes=\"auto, (max-width: 255px) 100vw, 255px\" \/><\/a><a href=\"https:\/\/agora.xtec.cat\/ieslamardelafrau\/portada\/setmana-de-la-ciencia\/attachment\/71e7589a-af31-4e4e-b2a2-1c41dc97f6a9\/\" rel=\"attachment wp-att-1809\"><img loading=\"lazy\" decoding=\"async\" class=\"alignnone size-medium wp-image-1809\" src=\"https:\/\/agora.xtec.cat\/ieslamardelafrau\/wp-content\/uploads\/usu2079\/2025\/11\/71e7589a-af31-4e4e-b2a2-1c41dc97f6a9-300x225.jpg\" alt=\"\" width=\"300\" height=\"225\" srcset=\"https:\/\/agora.xtec.cat\/ieslamardelafrau\/wp-content\/uploads\/usu2079\/2025\/11\/71e7589a-af31-4e4e-b2a2-1c41dc97f6a9-300x225.jpg 300w, https:\/\/agora.xtec.cat\/ieslamardelafrau\/wp-content\/uploads\/usu2079\/2025\/11\/71e7589a-af31-4e4e-b2a2-1c41dc97f6a9-1024x768.jpg 1024w, https:\/\/agora.xtec.cat\/ieslamardelafrau\/wp-content\/uploads\/usu2079\/2025\/11\/71e7589a-af31-4e4e-b2a2-1c41dc97f6a9-768x576.jpg 768w, https:\/\/agora.xtec.cat\/ieslamardelafrau\/wp-content\/uploads\/usu2079\/2025\/11\/71e7589a-af31-4e4e-b2a2-1c41dc97f6a9-1536x1152.jpg 1536w, https:\/\/agora.xtec.cat\/ieslamardelafrau\/wp-content\/uploads\/usu2079\/2025\/11\/71e7589a-af31-4e4e-b2a2-1c41dc97f6a9-2048x1536.jpg 2048w, https:\/\/agora.xtec.cat\/ieslamardelafrau\/wp-content\/uploads\/usu2079\/2025\/11\/71e7589a-af31-4e4e-b2a2-1c41dc97f6a9-200x150.jpg 200w\" sizes=\"auto, (max-width: 300px) 100vw, 300px\" \/><\/a> \u00a0 <a href=\"https:\/\/agora.xtec.cat\/ieslamardelafrau\/portada\/setmana-de-la-ciencia\/attachment\/753ae0a5-b4df-4d8f-a13b-66db7d150f98\/\" rel=\"attachment wp-att-1812\"><img loading=\"lazy\" decoding=\"async\" class=\"alignnone size-medium wp-image-1812\" src=\"https:\/\/agora.xtec.cat\/ieslamardelafrau\/wp-content\/uploads\/usu2079\/2025\/11\/753ae0a5-b4df-4d8f-a13b-66db7d150f98-300x225.jpg\" alt=\"\" width=\"300\" height=\"225\" srcset=\"https:\/\/agora.xtec.cat\/ieslamardelafrau\/wp-content\/uploads\/usu2079\/2025\/11\/753ae0a5-b4df-4d8f-a13b-66db7d150f98-300x225.jpg 300w, https:\/\/agora.xtec.cat\/ieslamardelafrau\/wp-content\/uploads\/usu2079\/2025\/11\/753ae0a5-b4df-4d8f-a13b-66db7d150f98-1024x768.jpg 1024w, https:\/\/agora.xtec.cat\/ieslamardelafrau\/wp-content\/uploads\/usu2079\/2025\/11\/753ae0a5-b4df-4d8f-a13b-66db7d150f98-768x576.jpg 768w, https:\/\/agora.xtec.cat\/ieslamardelafrau\/wp-content\/uploads\/usu2079\/2025\/11\/753ae0a5-b4df-4d8f-a13b-66db7d150f98-1536x1152.jpg 1536w, https:\/\/agora.xtec.cat\/ieslamardelafrau\/wp-content\/uploads\/usu2079\/2025\/11\/753ae0a5-b4df-4d8f-a13b-66db7d150f98-2048x1536.jpg 2048w, https:\/\/agora.xtec.cat\/ieslamardelafrau\/wp-content\/uploads\/usu2079\/2025\/11\/753ae0a5-b4df-4d8f-a13b-66db7d150f98-200x150.jpg 200w\" sizes=\"auto, (max-width: 300px) 100vw, 300px\" \/><\/a><\/p>\n","protected":false},"excerpt":{"rendered":"<p>\u2728 Setmana de la Ci\u00e8ncia 2025\u2728\ud83d\udc69\u200d\ud83d\udd2c\ud83d\udc68\u200d\ud83d\udd2c<br \/>\nAmb motiu de la Setmana de la Ci\u00e8ncia 2025, els alumnes de 4t d\u2019ESO de la mat\u00e8ria de Cultura Cient\u00edfica han preparat una fira d&#8217;experiments molt especial per compartir amb l\u2019alumnat de 1r d\u2019ESO.<br \/>\nCIENCI\u00d2POLIS!<br \/>\nCient\u00edfics en acci\u00f3 per un dia, on&hellip;  <a href=\"https:\/\/agora.xtec.cat\/ieslamardelafrau\/portada\/setmana-de-la-ciencia\/\" title=\"Read Setmana de la Ci\u00e8ncia\">Llegeix m\u00e9s\u00bb<\/a><\/p>\n","protected":false},"author":1,"featured_media":0,"comment_status":"open","ping_status":"open","sticky":false,"template":"","format":"standard","meta":{"_bbp_topic_count":0,"_bbp_reply_count":0,"_bbp_total_topic_count":0,"_bbp_total_reply_count":0,"_bbp_voice_count":0,"_bbp_anonymous_reply_count":0,"_bbp_topic_count_hidden":0,"_bbp_reply_count_hidden":0,"_bbp_forum_subforum_count":0,"footnotes":""},"categories":[140,29],"tags":[],"class_list":["post-1800","post","type-post","status-publish","format-standard","hentry","category-noticies-portada","category-portada"],"post_mailing_queue_ids":[],"_links":{"self":[{"href":"https:\/\/agora.xtec.cat\/ieslamardelafrau\/wp-json\/wp\/v2\/posts\/1800","targetHints":{"allow":["GET"]}}],"collection":[{"href":"https:\/\/agora.xtec.cat\/ieslamardelafrau\/wp-json\/wp\/v2\/posts"}],"about":[{"href":"https:\/\/agora.xtec.cat\/ieslamardelafrau\/wp-json\/wp\/v2\/types\/post"}],"author":[{"embeddable":true,"href":"https:\/\/agora.xtec.cat\/ieslamardelafrau\/wp-json\/wp\/v2\/users\/1"}],"replies":[{"embeddable":true,"href":"https:\/\/agora.xtec.cat\/ieslamardelafrau\/wp-json\/wp\/v2\/comments?post=1800"}],"version-history":[{"count":2,"href":"https:\/\/agora.xtec.cat\/ieslamardelafrau\/wp-json\/wp\/v2\/posts\/1800\/revisions"}],"predecessor-version":[{"id":1814,"href":"https:\/\/agora.xtec.cat\/ieslamardelafrau\/wp-json\/wp\/v2\/posts\/1800\/revisions\/1814"}],"wp:attachment":[{"href":"https:\/\/agora.xtec.cat\/ieslamardelafrau\/wp-json\/wp\/v2\/media?parent=1800"}],"wp:term":[{"taxonomy":"category","embeddable":true,"href":"https:\/\/agora.xtec.cat\/ieslamardelafrau\/wp-json\/wp\/v2\/categories?post=1800"},{"taxonomy":"post_tag","embeddable":true,"href":"https:\/\/agora.xtec.cat\/ieslamardelafrau\/wp-json\/wp\/v2\/tags?post=1800"}],"curies":[{"name":"wp","href":"https:\/\/api.w.org\/{rel}","templated":true}]}}