{"id":1740,"date":"2025-10-27T12:43:34","date_gmt":"2025-10-27T11:43:34","guid":{"rendered":"https:\/\/agora.xtec.cat\/ieslamardelafrau\/?p=1740"},"modified":"2025-10-27T12:43:34","modified_gmt":"2025-10-27T11:43:34","slug":"comenca-el-proces-per-renovar-els-membres-del-consell-escolar","status":"publish","type":"post","link":"https:\/\/agora.xtec.cat\/ieslamardelafrau\/portada\/comenca-el-proces-per-renovar-els-membres-del-consell-escolar\/","title":{"rendered":"Comen\u00e7a el proc\u00e9s per renovar els membres del Consell Escolar"},"content":{"rendered":"<p>\ud83c\udf89 Avui comen\u00e7a el proc\u00e9s electoral per renovar els membres del Consell Escolar! \ud83d\uddf3\ufe0f<\/p>\n<p>A continuaci\u00f3, aix\u00f2 \u00e9s el que passa avui:<br \/>\n1\ufe0f\u20e3 Convocat\u00f2ria oficial d\u2019eleccions<br \/>\n2\ufe0f\u20e3 Informaci\u00f3 a tota la comunitat educativa sobre el calendari i el proc\u00e9s electoral<br \/>\n3\ufe0f\u20e3 Publicaci\u00f3 dels censos electorals provisionals<br \/>\n4\ufe0f\u20e3 Publicaci\u00f3 de les vacants per sectors, amb la forma i termini de presentaci\u00f3 de candidatures<\/p>\n<p>\ud83d\udca1 Participa i forma part de la presa de decisions del nostre centre!<\/p>\n<p><a href=\"https:\/\/agora.xtec.cat\/ieslamardelafrau\/portada\/comenca-el-proces-per-renovar-els-membres-del-consell-escolar\/attachment\/img_9164\/\" rel=\"attachment wp-att-1741\"><img loading=\"lazy\" decoding=\"async\" class=\"alignnone size-medium wp-image-1741\" src=\"https:\/\/agora.xtec.cat\/ieslamardelafrau\/wp-content\/uploads\/usu2079\/2025\/10\/IMG_9164-300x226.png\" alt=\"\" width=\"300\" height=\"226\" srcset=\"https:\/\/agora.xtec.cat\/ieslamardelafrau\/wp-content\/uploads\/usu2079\/2025\/10\/IMG_9164-300x226.png 300w, https:\/\/agora.xtec.cat\/ieslamardelafrau\/wp-content\/uploads\/usu2079\/2025\/10\/IMG_9164-768x580.png 768w, https:\/\/agora.xtec.cat\/ieslamardelafrau\/wp-content\/uploads\/usu2079\/2025\/10\/IMG_9164-200x150.png 200w, https:\/\/agora.xtec.cat\/ieslamardelafrau\/wp-content\/uploads\/usu2079\/2025\/10\/IMG_9164.png 954w\" sizes=\"auto, (max-width: 300px) 100vw, 300px\" \/><\/a> <a href=\"https:\/\/agora.xtec.cat\/ieslamardelafrau\/portada\/comenca-el-proces-per-renovar-els-membres-del-consell-escolar\/attachment\/img_9163\/\" rel=\"attachment wp-att-1742\"><img loading=\"lazy\" decoding=\"async\" class=\"alignnone size-medium wp-image-1742\" src=\"https:\/\/agora.xtec.cat\/ieslamardelafrau\/wp-content\/uploads\/usu2079\/2025\/10\/IMG_9163-300x224.png\" alt=\"\" width=\"300\" height=\"224\" srcset=\"https:\/\/agora.xtec.cat\/ieslamardelafrau\/wp-content\/uploads\/usu2079\/2025\/10\/IMG_9163-300x224.png 300w, https:\/\/agora.xtec.cat\/ieslamardelafrau\/wp-content\/uploads\/usu2079\/2025\/10\/IMG_9163-768x574.png 768w, https:\/\/agora.xtec.cat\/ieslamardelafrau\/wp-content\/uploads\/usu2079\/2025\/10\/IMG_9163-200x150.png 200w, https:\/\/agora.xtec.cat\/ieslamardelafrau\/wp-content\/uploads\/usu2079\/2025\/10\/IMG_9163.png 960w\" sizes=\"auto, (max-width: 300px) 100vw, 300px\" \/><\/a> <a href=\"https:\/\/agora.xtec.cat\/ieslamardelafrau\/portada\/comenca-el-proces-per-renovar-els-membres-del-consell-escolar\/attachment\/img_9165\/\" rel=\"attachment wp-att-1743\"><img loading=\"lazy\" decoding=\"async\" class=\"alignnone size-medium wp-image-1743\" src=\"https:\/\/agora.xtec.cat\/ieslamardelafrau\/wp-content\/uploads\/usu2079\/2025\/10\/IMG_9165-300x224.png\" alt=\"\" width=\"300\" height=\"224\" srcset=\"https:\/\/agora.xtec.cat\/ieslamardelafrau\/wp-content\/uploads\/usu2079\/2025\/10\/IMG_9165-300x224.png 300w, https:\/\/agora.xtec.cat\/ieslamardelafrau\/wp-content\/uploads\/usu2079\/2025\/10\/IMG_9165-768x573.png 768w, https:\/\/agora.xtec.cat\/ieslamardelafrau\/wp-content\/uploads\/usu2079\/2025\/10\/IMG_9165-200x150.png 200w, https:\/\/agora.xtec.cat\/ieslamardelafrau\/wp-content\/uploads\/usu2079\/2025\/10\/IMG_9165.png 955w\" sizes=\"auto, (max-width: 300px) 100vw, 300px\" \/><\/a><\/p>\n","protected":false},"excerpt":{"rendered":"<p>\ud83c\udf89 Avui comen\u00e7a el proc\u00e9s electoral per renovar els membres del Consell Escolar! \ud83d\uddf3\ufe0f<br \/>\nA continuaci\u00f3, aix\u00f2 \u00e9s el que passa avui:<br \/>\n1\ufe0f\u20e3 Convocat\u00f2ria oficial d\u2019eleccions<br \/>\n2\ufe0f\u20e3 Informaci\u00f3 a tota la comunitat educativa sobre el calendari i el proc\u00e9s electoral<br \/>\n3\ufe0f\u20e3 Publicaci\u00f3 dels censos electorals provisionals<br \/>\n4\ufe0f\u20e3 Publicaci\u00f3 de les&hellip;  <a href=\"https:\/\/agora.xtec.cat\/ieslamardelafrau\/portada\/comenca-el-proces-per-renovar-els-membres-del-consell-escolar\/\" title=\"Read Comen\u00e7a el proc\u00e9s per renovar els membres del Consell Escolar\">Llegeix m\u00e9s\u00bb<\/a><\/p>\n","protected":false},"author":1,"featured_media":0,"comment_status":"open","ping_status":"open","sticky":false,"template":"","format":"standard","meta":{"_bbp_topic_count":0,"_bbp_reply_count":0,"_bbp_total_topic_count":0,"_bbp_total_reply_count":0,"_bbp_voice_count":0,"_bbp_anonymous_reply_count":0,"_bbp_topic_count_hidden":0,"_bbp_reply_count_hidden":0,"_bbp_forum_subforum_count":0,"footnotes":""},"categories":[140,29],"tags":[],"class_list":["post-1740","post","type-post","status-publish","format-standard","hentry","category-noticies-portada","category-portada"],"post_mailing_queue_ids":[],"_links":{"self":[{"href":"https:\/\/agora.xtec.cat\/ieslamardelafrau\/wp-json\/wp\/v2\/posts\/1740","targetHints":{"allow":["GET"]}}],"collection":[{"href":"https:\/\/agora.xtec.cat\/ieslamardelafrau\/wp-json\/wp\/v2\/posts"}],"about":[{"href":"https:\/\/agora.xtec.cat\/ieslamardelafrau\/wp-json\/wp\/v2\/types\/post"}],"author":[{"embeddable":true,"href":"https:\/\/agora.xtec.cat\/ieslamardelafrau\/wp-json\/wp\/v2\/users\/1"}],"replies":[{"embeddable":true,"href":"https:\/\/agora.xtec.cat\/ieslamardelafrau\/wp-json\/wp\/v2\/comments?post=1740"}],"version-history":[{"count":3,"href":"https:\/\/agora.xtec.cat\/ieslamardelafrau\/wp-json\/wp\/v2\/posts\/1740\/revisions"}],"predecessor-version":[{"id":1746,"href":"https:\/\/agora.xtec.cat\/ieslamardelafrau\/wp-json\/wp\/v2\/posts\/1740\/revisions\/1746"}],"wp:attachment":[{"href":"https:\/\/agora.xtec.cat\/ieslamardelafrau\/wp-json\/wp\/v2\/media?parent=1740"}],"wp:term":[{"taxonomy":"category","embeddable":true,"href":"https:\/\/agora.xtec.cat\/ieslamardelafrau\/wp-json\/wp\/v2\/categories?post=1740"},{"taxonomy":"post_tag","embeddable":true,"href":"https:\/\/agora.xtec.cat\/ieslamardelafrau\/wp-json\/wp\/v2\/tags?post=1740"}],"curies":[{"name":"wp","href":"https:\/\/api.w.org\/{rel}","templated":true}]}}