{"id":1726,"date":"2025-10-24T18:44:31","date_gmt":"2025-10-24T16:44:31","guid":{"rendered":"https:\/\/agora.xtec.cat\/ieslamardelafrau\/?p=1726"},"modified":"2025-10-25T09:21:55","modified_gmt":"2025-10-25T07:21:55","slug":"visita-erasmus-a-condom-franca","status":"publish","type":"post","link":"https:\/\/agora.xtec.cat\/ieslamardelafrau\/general\/visita-erasmus-a-condom-franca\/","title":{"rendered":"Visita Erasmus a Condom, Fran\u00e7a"},"content":{"rendered":"<p>La setmana passada, un grup de 10 alumnes de La Mar de la Frau va viure una experi\u00e8ncia Erasmus inoblidable a Condom, Fran\u00e7a, visitant el Lyc\u00e9e Bossuet!<\/p>\n<p>Durant l\u2019estada, han descobert una nova cultura, practicat idiomes i conegut metodologies d\u2019aprenentatge diferents.<\/p>\n<p>A m\u00e9s, van viatjar fins a Toulouse per treballar en un projecte sobre la gesti\u00f3 de l\u2019aigua, compartint idees amb estudiants francesos i reflexionant sobre com fer un m\u00f3n m\u00e9s sostenible.<\/p>\n<p>Una setmana plena d\u2019aprenentatge, conviv\u00e8ncia i nous amics \u2014 o com dirien a Fran\u00e7a, \u201cune exp\u00e9rience inoubliable\u201d!<\/p>\n<p><a href=\"https:\/\/agora.xtec.cat\/ieslamardelafrau\/general\/visita-erasmus-a-condom-franca\/attachment\/0cdd33b5-1750-4f6a-94c1-d4e5e08d5b6f\/\" rel=\"attachment wp-att-1727\"><img loading=\"lazy\" decoding=\"async\" src=\"https:\/\/agora.xtec.cat\/ieslamardelafrau\/wp-content\/uploads\/usu2079\/2025\/10\/0cdd33b5-1750-4f6a-94c1-d4e5e08d5b6f-300x225.jpg\" alt=\"\" width=\"300\" height=\"225\" \/><\/a> <a href=\"https:\/\/agora.xtec.cat\/ieslamardelafrau\/general\/visita-erasmus-a-condom-franca\/attachment\/facetune_24-10-2025-11-55-26\/\" rel=\"attachment wp-att-1728\"><img loading=\"lazy\" decoding=\"async\" src=\"https:\/\/agora.xtec.cat\/ieslamardelafrau\/wp-content\/uploads\/usu2079\/2025\/10\/Facetune_24-10-2025-11-55-26-300x264.jpg\" alt=\"\" width=\"300\" height=\"264\" \/><\/a> <a href=\"https:\/\/agora.xtec.cat\/ieslamardelafrau\/general\/visita-erasmus-a-condom-franca\/attachment\/4b0a8fbf-d2b7-4ebe-b725-7376926f52e1\/\" rel=\"attachment wp-att-1729\"><img loading=\"lazy\" decoding=\"async\" src=\"https:\/\/agora.xtec.cat\/ieslamardelafrau\/wp-content\/uploads\/usu2079\/2025\/10\/4b0a8fbf-d2b7-4ebe-b725-7376926f52e1-300x225.jpg\" alt=\"\" width=\"300\" height=\"225\" \/><\/a> <a href=\"https:\/\/agora.xtec.cat\/ieslamardelafrau\/general\/visita-erasmus-a-condom-franca\/attachment\/a4c90f64-a263-49a5-ad29-7e1ebe4e8d11\/\" rel=\"attachment wp-att-1730\"><img loading=\"lazy\" decoding=\"async\" src=\"https:\/\/agora.xtec.cat\/ieslamardelafrau\/wp-content\/uploads\/usu2079\/2025\/10\/a4c90f64-a263-49a5-ad29-7e1ebe4e8d11-300x225.jpg\" alt=\"\" width=\"300\" height=\"225\" \/><\/a> <a href=\"https:\/\/agora.xtec.cat\/ieslamardelafrau\/general\/visita-erasmus-a-condom-franca\/attachment\/e6f124c2-d9e0-4272-b2bb-521ab1a7597c\/\" rel=\"attachment wp-att-1731\"><img loading=\"lazy\" decoding=\"async\" src=\"https:\/\/agora.xtec.cat\/ieslamardelafrau\/wp-content\/uploads\/usu2079\/2025\/10\/e6f124c2-d9e0-4272-b2bb-521ab1a7597c-300x225.jpg\" alt=\"\" width=\"300\" height=\"225\" \/><\/a><\/p>\n","protected":false},"excerpt":{"rendered":"<p>La setmana passada, un grup de 10 alumnes de La Mar de la Frau va viure una experi\u00e8ncia Erasmus inoblidable a Condom, Fran\u00e7a, visitant el Lyc\u00e9e Bossuet!<br \/>\nDurant l\u2019estada, han descobert una nova cultura, practicat idiomes i conegut metodologies d\u2019aprenentatge diferents.<br \/>\nA m\u00e9s, van viatjar fins a&hellip;  <a href=\"https:\/\/agora.xtec.cat\/ieslamardelafrau\/general\/visita-erasmus-a-condom-franca\/\" title=\"Read Visita Erasmus a Condom, Fran\u00e7a\">Llegeix m\u00e9s\u00bb<\/a><\/p>\n","protected":false},"author":1,"featured_media":0,"comment_status":"open","ping_status":"open","sticky":false,"template":"","format":"standard","meta":{"_bbp_topic_count":0,"_bbp_reply_count":0,"_bbp_total_topic_count":0,"_bbp_total_reply_count":0,"_bbp_voice_count":0,"_bbp_anonymous_reply_count":0,"_bbp_topic_count_hidden":0,"_bbp_reply_count_hidden":0,"_bbp_forum_subforum_count":0,"footnotes":""},"categories":[1,29],"tags":[],"class_list":["post-1726","post","type-post","status-publish","format-standard","hentry","category-general","category-portada"],"post_mailing_queue_ids":[],"_links":{"self":[{"href":"https:\/\/agora.xtec.cat\/ieslamardelafrau\/wp-json\/wp\/v2\/posts\/1726","targetHints":{"allow":["GET"]}}],"collection":[{"href":"https:\/\/agora.xtec.cat\/ieslamardelafrau\/wp-json\/wp\/v2\/posts"}],"about":[{"href":"https:\/\/agora.xtec.cat\/ieslamardelafrau\/wp-json\/wp\/v2\/types\/post"}],"author":[{"embeddable":true,"href":"https:\/\/agora.xtec.cat\/ieslamardelafrau\/wp-json\/wp\/v2\/users\/1"}],"replies":[{"embeddable":true,"href":"https:\/\/agora.xtec.cat\/ieslamardelafrau\/wp-json\/wp\/v2\/comments?post=1726"}],"version-history":[{"count":2,"href":"https:\/\/agora.xtec.cat\/ieslamardelafrau\/wp-json\/wp\/v2\/posts\/1726\/revisions"}],"predecessor-version":[{"id":1733,"href":"https:\/\/agora.xtec.cat\/ieslamardelafrau\/wp-json\/wp\/v2\/posts\/1726\/revisions\/1733"}],"wp:attachment":[{"href":"https:\/\/agora.xtec.cat\/ieslamardelafrau\/wp-json\/wp\/v2\/media?parent=1726"}],"wp:term":[{"taxonomy":"category","embeddable":true,"href":"https:\/\/agora.xtec.cat\/ieslamardelafrau\/wp-json\/wp\/v2\/categories?post=1726"},{"taxonomy":"post_tag","embeddable":true,"href":"https:\/\/agora.xtec.cat\/ieslamardelafrau\/wp-json\/wp\/v2\/tags?post=1726"}],"curies":[{"name":"wp","href":"https:\/\/api.w.org\/{rel}","templated":true}]}}