{"id":1720,"date":"2025-10-24T18:33:45","date_gmt":"2025-10-24T16:33:45","guid":{"rendered":"https:\/\/agora.xtec.cat\/ieslamardelafrau\/?p=1720"},"modified":"2025-10-25T09:23:26","modified_gmt":"2025-10-25T07:23:26","slug":"anem-a-la-xii-confint-catalana","status":"publish","type":"post","link":"https:\/\/agora.xtec.cat\/ieslamardelafrau\/general\/anem-a-la-xii-confint-catalana\/","title":{"rendered":"Anem a la XII Confint Catalana"},"content":{"rendered":"<p>El 18 de setembre es va celebrar la XII CONFINT Catalana al Prat de Llobregat. Sota el lema &#8220;Tinguem Cura del Planeta&#8221;, la jornada organitzada per la Xarxa d&#8217;escoles verdes de Catalunya (XESC) va comptar amb la participaci\u00f3 de 23 centres educatius, aplegant un total de 90 joves activistes pel clima i 30 professors de tot Catalunya, dels quals el nostre centre va assistir amb 6 noies representants de LA MAR DE LA FRAU.<br \/>\nEn aquesta jornada, vam presentar el projecte socioambiental &#8220;INCREMENT DE LA BIODIVERSITAT A CAMBRILS&#8221; a la fira d&#8217;intercanvi d&#8217;experi\u00e8ncies. On les nostres alumnes ho van fer estupendament b\u00e9!<br \/>\nL&#8217;esdeveniment va finalitzar amb l&#8217;elecci\u00f3 de les delegades i delegats auton\u00f2mics.<br \/>\nMaria Segura, alumna ecodelegada de 3r ESO va sortir escollida i participar\u00e0 en la CONFINT estatal de Pal\u00e8ncia del 5 al 9 d&#8217;octubre juntament amb N\u00e0dia Garcia representant del sector dels professores i professors de Catalunya.<\/p>\n<p><a href=\"https:\/\/agora.xtec.cat\/ieslamardelafrau\/portada\/anem-a-la-xii-confint-catalana\/attachment\/3368bbbd-1464-45b3-ab7f-a26ebb5f9e2f\/\" rel=\"attachment wp-att-1721\"><img loading=\"lazy\" decoding=\"async\" class=\"alignnone size-medium wp-image-1721\" src=\"https:\/\/agora.xtec.cat\/ieslamardelafrau\/wp-content\/uploads\/usu2079\/2025\/10\/3368bbbd-1464-45b3-ab7f-a26ebb5f9e2f-300x227.jpg\" alt=\"\" width=\"300\" height=\"227\" srcset=\"https:\/\/agora.xtec.cat\/ieslamardelafrau\/wp-content\/uploads\/usu2079\/2025\/10\/3368bbbd-1464-45b3-ab7f-a26ebb5f9e2f-300x227.jpg 300w, https:\/\/agora.xtec.cat\/ieslamardelafrau\/wp-content\/uploads\/usu2079\/2025\/10\/3368bbbd-1464-45b3-ab7f-a26ebb5f9e2f-1024x774.jpg 1024w, https:\/\/agora.xtec.cat\/ieslamardelafrau\/wp-content\/uploads\/usu2079\/2025\/10\/3368bbbd-1464-45b3-ab7f-a26ebb5f9e2f-768x581.jpg 768w, https:\/\/agora.xtec.cat\/ieslamardelafrau\/wp-content\/uploads\/usu2079\/2025\/10\/3368bbbd-1464-45b3-ab7f-a26ebb5f9e2f-200x150.jpg 200w, https:\/\/agora.xtec.cat\/ieslamardelafrau\/wp-content\/uploads\/usu2079\/2025\/10\/3368bbbd-1464-45b3-ab7f-a26ebb5f9e2f.jpg 1427w\" sizes=\"auto, (max-width: 300px) 100vw, 300px\" \/><\/a> <a href=\"https:\/\/agora.xtec.cat\/ieslamardelafrau\/portada\/anem-a-la-xii-confint-catalana\/attachment\/2a3f127f-687e-4d5d-ac1e-0b7aeb901402\/\" rel=\"attachment wp-att-1722\"><img loading=\"lazy\" decoding=\"async\" class=\"alignnone size-medium wp-image-1722\" src=\"https:\/\/agora.xtec.cat\/ieslamardelafrau\/wp-content\/uploads\/usu2079\/2025\/10\/2a3f127f-687e-4d5d-ac1e-0b7aeb901402-225x300.jpg\" alt=\"\" width=\"225\" height=\"300\" srcset=\"https:\/\/agora.xtec.cat\/ieslamardelafrau\/wp-content\/uploads\/usu2079\/2025\/10\/2a3f127f-687e-4d5d-ac1e-0b7aeb901402-225x300.jpg 225w, https:\/\/agora.xtec.cat\/ieslamardelafrau\/wp-content\/uploads\/usu2079\/2025\/10\/2a3f127f-687e-4d5d-ac1e-0b7aeb901402.jpg 765w\" sizes=\"auto, (max-width: 225px) 100vw, 225px\" \/><\/a><\/p>\n","protected":false},"excerpt":{"rendered":"<p>El 18 de setembre es va celebrar la XII CONFINT Catalana al Prat de Llobregat. Sota el lema &#8220;Tinguem Cura del Planeta&#8221;, la jornada organitzada per la Xarxa d&#8217;escoles verdes de Catalunya (XESC) va comptar amb la participaci\u00f3 de 23 centres educatius, aplegant un total&hellip;  <a href=\"https:\/\/agora.xtec.cat\/ieslamardelafrau\/general\/anem-a-la-xii-confint-catalana\/\" title=\"Read Anem a la XII Confint Catalana\">Llegeix m\u00e9s\u00bb<\/a><\/p>\n","protected":false},"author":1,"featured_media":0,"comment_status":"open","ping_status":"open","sticky":false,"template":"","format":"standard","meta":{"_bbp_topic_count":0,"_bbp_reply_count":0,"_bbp_total_topic_count":0,"_bbp_total_reply_count":0,"_bbp_voice_count":0,"_bbp_anonymous_reply_count":0,"_bbp_topic_count_hidden":0,"_bbp_reply_count_hidden":0,"_bbp_forum_subforum_count":0,"footnotes":""},"categories":[1,29],"tags":[],"class_list":["post-1720","post","type-post","status-publish","format-standard","hentry","category-general","category-portada"],"post_mailing_queue_ids":[],"_links":{"self":[{"href":"https:\/\/agora.xtec.cat\/ieslamardelafrau\/wp-json\/wp\/v2\/posts\/1720","targetHints":{"allow":["GET"]}}],"collection":[{"href":"https:\/\/agora.xtec.cat\/ieslamardelafrau\/wp-json\/wp\/v2\/posts"}],"about":[{"href":"https:\/\/agora.xtec.cat\/ieslamardelafrau\/wp-json\/wp\/v2\/types\/post"}],"author":[{"embeddable":true,"href":"https:\/\/agora.xtec.cat\/ieslamardelafrau\/wp-json\/wp\/v2\/users\/1"}],"replies":[{"embeddable":true,"href":"https:\/\/agora.xtec.cat\/ieslamardelafrau\/wp-json\/wp\/v2\/comments?post=1720"}],"version-history":[{"count":3,"href":"https:\/\/agora.xtec.cat\/ieslamardelafrau\/wp-json\/wp\/v2\/posts\/1720\/revisions"}],"predecessor-version":[{"id":1725,"href":"https:\/\/agora.xtec.cat\/ieslamardelafrau\/wp-json\/wp\/v2\/posts\/1720\/revisions\/1725"}],"wp:attachment":[{"href":"https:\/\/agora.xtec.cat\/ieslamardelafrau\/wp-json\/wp\/v2\/media?parent=1720"}],"wp:term":[{"taxonomy":"category","embeddable":true,"href":"https:\/\/agora.xtec.cat\/ieslamardelafrau\/wp-json\/wp\/v2\/categories?post=1720"},{"taxonomy":"post_tag","embeddable":true,"href":"https:\/\/agora.xtec.cat\/ieslamardelafrau\/wp-json\/wp\/v2\/tags?post=1720"}],"curies":[{"name":"wp","href":"https:\/\/api.w.org\/{rel}","templated":true}]}}