{"id":1708,"date":"2025-10-24T18:25:49","date_gmt":"2025-10-24T16:25:49","guid":{"rendered":"https:\/\/agora.xtec.cat\/ieslamardelafrau\/?p=1708"},"modified":"2025-10-24T18:32:01","modified_gmt":"2025-10-24T16:32:01","slug":"conferencia-estatal-de-joves-cuidem-el-planeta","status":"publish","type":"post","link":"https:\/\/agora.xtec.cat\/ieslamardelafrau\/portada\/conferencia-estatal-de-joves-cuidem-el-planeta\/","title":{"rendered":"Confer\u00e8ncia Estatal de Joves &#8220;Cuidem el planeta&#8221;"},"content":{"rendered":"<p>L&#8217;ecodelegada Maria S. de 3rESO i la professora N\u00e0dia G. hem participat a la VII CONFER\u00c8NCIA ESTATAL DE JOVES &#8220;Cuidem el planeta&#8221; sota el lema &#8220;MULLA&#8217;T PER L&#8217;AIGUA&#8221; celebrada a Pal\u00e8ncia del 5 al 9 d&#8217;octubre. De la confer\u00e8ncia estatal han sortit els delegats per la CONFINT Europea on anir\u00e0 un representant de cada comunitat auton\u00f2mica i Maria S. queda en reserva en la posici\u00f3 8\u00e0 estatal i 4\u00e0 catalana! Enhorabona!<\/p>\n<p>\ud83e\udef6Hem conegut als delegats i delegades provinents d&#8217;11 Comunitats Aut\u00f2nomes de l&#8217;estat, convivint conjuntament durant aquests dies.<\/p>\n<p>\ud83c\udf93La Maria ha presentat el projecte del nostre institut: Increment de la biodiversitat d&#8217;insectes.<\/p>\n<p>\ud83e\uddd0Hem assistit a tallers d&#8217;experts:<br \/>\n-Aigua i territori per Fernando Valladares<br \/>\n-Aigua i salut per Sa\u00fal Vallejos<br \/>\n-Aigua i consum per Toni Aragon<br \/>\n-Aigua com un b\u00e9 com\u00fa per Toni Jorge<\/p>\n<p>\u270d\ufe0fHem fet din\u00e0miques molt divertides:<br \/>\n-Connexi\u00f3 Global-local<br \/>\n-Dissenyem diagn\u00f2stics<br \/>\n-Educomunicaci\u00f3 amb Llu\u00eds Sala<\/p>\n<p>\ud83e\uddedConnectem territori i resist\u00e8ncies: Rutes de l&#8217;aigua dels llocs m\u00e9s significatius:<br \/>\n-Riu Carri\u00f3n<br \/>\n-Museu de l&#8217;aigua<br \/>\n-Canal de Castilla<\/p>\n<p>\ud83d\udcf8Passeig guiat per Pal\u00e8ncia dels edificis m\u00e9s emblem\u00e0tics:<br \/>\n-Carrer Major<br \/>\n-Catedral &#8220;La bella desconocida&#8221;<br \/>\n-Diputaci\u00f3<br \/>\n-Centre cultural<\/p>\n<p>\ud83d\udce2Fins l&#8217;acci\u00f3 educomunicativa ACTIVISTA a la pla\u00e7a Major.<\/p>\n<p>Ens emportem molts projectes per cuidar l&#8217;aigua. Perqu\u00e8&#8230;&#8221;Si no \u00e9s ara, quan? Si no som nosaltres, qui?&#8221;<\/p>\n<p><a href=\"https:\/\/agora.xtec.cat\/ieslamardelafrau\/portada\/conferencia-estatal-de-joves-cuidem-el-planeta\/attachment\/692018ca-7616-4356-80f5-80b4b8926acc\/\" rel=\"attachment wp-att-1712\"><img loading=\"lazy\" decoding=\"async\" class=\"alignnone size-medium wp-image-1712\" src=\"https:\/\/agora.xtec.cat\/ieslamardelafrau\/wp-content\/uploads\/usu2079\/2025\/10\/692018ca-7616-4356-80f5-80b4b8926acc-225x300.jpg\" alt=\"\" width=\"225\" height=\"300\" srcset=\"https:\/\/agora.xtec.cat\/ieslamardelafrau\/wp-content\/uploads\/usu2079\/2025\/10\/692018ca-7616-4356-80f5-80b4b8926acc-225x300.jpg 225w, https:\/\/agora.xtec.cat\/ieslamardelafrau\/wp-content\/uploads\/usu2079\/2025\/10\/692018ca-7616-4356-80f5-80b4b8926acc-768x1024.jpg 768w, https:\/\/agora.xtec.cat\/ieslamardelafrau\/wp-content\/uploads\/usu2079\/2025\/10\/692018ca-7616-4356-80f5-80b4b8926acc-1152x1536.jpg 1152w, https:\/\/agora.xtec.cat\/ieslamardelafrau\/wp-content\/uploads\/usu2079\/2025\/10\/692018ca-7616-4356-80f5-80b4b8926acc.jpg 1200w\" sizes=\"auto, (max-width: 225px) 100vw, 225px\" \/><\/a><a href=\"https:\/\/agora.xtec.cat\/ieslamardelafrau\/portada\/conferencia-estatal-de-joves-cuidem-el-planeta\/attachment\/33df5d32-4d08-43b6-af81-a8d1bb53450d\/\" rel=\"attachment wp-att-1709\"><img loading=\"lazy\" decoding=\"async\" class=\"alignnone size-medium wp-image-1709\" src=\"https:\/\/agora.xtec.cat\/ieslamardelafrau\/wp-content\/uploads\/usu2079\/2025\/10\/33df5d32-4d08-43b6-af81-a8d1bb53450d-300x174.jpg\" alt=\"\" width=\"300\" height=\"174\" srcset=\"https:\/\/agora.xtec.cat\/ieslamardelafrau\/wp-content\/uploads\/usu2079\/2025\/10\/33df5d32-4d08-43b6-af81-a8d1bb53450d-300x174.jpg 300w, https:\/\/agora.xtec.cat\/ieslamardelafrau\/wp-content\/uploads\/usu2079\/2025\/10\/33df5d32-4d08-43b6-af81-a8d1bb53450d-1024x593.jpg 1024w, https:\/\/agora.xtec.cat\/ieslamardelafrau\/wp-content\/uploads\/usu2079\/2025\/10\/33df5d32-4d08-43b6-af81-a8d1bb53450d-768x445.jpg 768w, https:\/\/agora.xtec.cat\/ieslamardelafrau\/wp-content\/uploads\/usu2079\/2025\/10\/33df5d32-4d08-43b6-af81-a8d1bb53450d.jpg 1536w\" sizes=\"auto, (max-width: 300px) 100vw, 300px\" \/><\/a> <a href=\"https:\/\/agora.xtec.cat\/ieslamardelafrau\/portada\/conferencia-estatal-de-joves-cuidem-el-planeta\/attachment\/122aa363-bb90-42bd-91eb-a5dfc7bf7c51\/\" rel=\"attachment wp-att-1710\"><img loading=\"lazy\" decoding=\"async\" class=\"alignnone size-medium wp-image-1710\" src=\"https:\/\/agora.xtec.cat\/ieslamardelafrau\/wp-content\/uploads\/usu2079\/2025\/10\/122aa363-bb90-42bd-91eb-a5dfc7bf7c51-225x300.jpg\" alt=\"\" width=\"225\" height=\"300\" srcset=\"https:\/\/agora.xtec.cat\/ieslamardelafrau\/wp-content\/uploads\/usu2079\/2025\/10\/122aa363-bb90-42bd-91eb-a5dfc7bf7c51-225x300.jpg 225w, https:\/\/agora.xtec.cat\/ieslamardelafrau\/wp-content\/uploads\/usu2079\/2025\/10\/122aa363-bb90-42bd-91eb-a5dfc7bf7c51-768x1024.jpg 768w, https:\/\/agora.xtec.cat\/ieslamardelafrau\/wp-content\/uploads\/usu2079\/2025\/10\/122aa363-bb90-42bd-91eb-a5dfc7bf7c51-1152x1536.jpg 1152w, https:\/\/agora.xtec.cat\/ieslamardelafrau\/wp-content\/uploads\/usu2079\/2025\/10\/122aa363-bb90-42bd-91eb-a5dfc7bf7c51.jpg 1200w\" sizes=\"auto, (max-width: 225px) 100vw, 225px\" \/><\/a> <a href=\"https:\/\/agora.xtec.cat\/ieslamardelafrau\/portada\/conferencia-estatal-de-joves-cuidem-el-planeta\/attachment\/942a1de0-15de-4930-8934-ad9ae65fbbc5\/\" rel=\"attachment wp-att-1711\"><img loading=\"lazy\" decoding=\"async\" class=\"alignnone size-medium wp-image-1711\" src=\"https:\/\/agora.xtec.cat\/ieslamardelafrau\/wp-content\/uploads\/usu2079\/2025\/10\/942a1de0-15de-4930-8934-ad9ae65fbbc5-300x225.jpg\" alt=\"\" width=\"300\" height=\"225\" srcset=\"https:\/\/agora.xtec.cat\/ieslamardelafrau\/wp-content\/uploads\/usu2079\/2025\/10\/942a1de0-15de-4930-8934-ad9ae65fbbc5-300x225.jpg 300w, https:\/\/agora.xtec.cat\/ieslamardelafrau\/wp-content\/uploads\/usu2079\/2025\/10\/942a1de0-15de-4930-8934-ad9ae65fbbc5-1024x768.jpg 1024w, https:\/\/agora.xtec.cat\/ieslamardelafrau\/wp-content\/uploads\/usu2079\/2025\/10\/942a1de0-15de-4930-8934-ad9ae65fbbc5-768x576.jpg 768w, https:\/\/agora.xtec.cat\/ieslamardelafrau\/wp-content\/uploads\/usu2079\/2025\/10\/942a1de0-15de-4930-8934-ad9ae65fbbc5-1536x1152.jpg 1536w, https:\/\/agora.xtec.cat\/ieslamardelafrau\/wp-content\/uploads\/usu2079\/2025\/10\/942a1de0-15de-4930-8934-ad9ae65fbbc5-200x150.jpg 200w, https:\/\/agora.xtec.cat\/ieslamardelafrau\/wp-content\/uploads\/usu2079\/2025\/10\/942a1de0-15de-4930-8934-ad9ae65fbbc5.jpg 1600w\" sizes=\"auto, (max-width: 300px) 100vw, 300px\" \/><\/a> <a href=\"https:\/\/agora.xtec.cat\/ieslamardelafrau\/portada\/conferencia-estatal-de-joves-cuidem-el-planeta\/attachment\/efb59911-2454-4301-b506-5797fea8ff05\/\" rel=\"attachment wp-att-1713\"><img loading=\"lazy\" decoding=\"async\" class=\"alignnone size-medium wp-image-1713\" src=\"https:\/\/agora.xtec.cat\/ieslamardelafrau\/wp-content\/uploads\/usu2079\/2025\/10\/efb59911-2454-4301-b506-5797fea8ff05-225x300.jpg\" alt=\"\" width=\"225\" height=\"300\" srcset=\"https:\/\/agora.xtec.cat\/ieslamardelafrau\/wp-content\/uploads\/usu2079\/2025\/10\/efb59911-2454-4301-b506-5797fea8ff05-225x300.jpg 225w, https:\/\/agora.xtec.cat\/ieslamardelafrau\/wp-content\/uploads\/usu2079\/2025\/10\/efb59911-2454-4301-b506-5797fea8ff05-768x1024.jpg 768w, https:\/\/agora.xtec.cat\/ieslamardelafrau\/wp-content\/uploads\/usu2079\/2025\/10\/efb59911-2454-4301-b506-5797fea8ff05-1152x1536.jpg 1152w, https:\/\/agora.xtec.cat\/ieslamardelafrau\/wp-content\/uploads\/usu2079\/2025\/10\/efb59911-2454-4301-b506-5797fea8ff05.jpg 1200w\" sizes=\"auto, (max-width: 225px) 100vw, 225px\" \/><\/a> <a href=\"https:\/\/agora.xtec.cat\/ieslamardelafrau\/portada\/conferencia-estatal-de-joves-cuidem-el-planeta\/attachment\/8c204e74-1573-4bb4-be1c-f2d17fa9d651\/\" rel=\"attachment wp-att-1714\"><img loading=\"lazy\" decoding=\"async\" class=\"alignnone size-medium wp-image-1714\" src=\"https:\/\/agora.xtec.cat\/ieslamardelafrau\/wp-content\/uploads\/usu2079\/2025\/10\/8c204e74-1573-4bb4-be1c-f2d17fa9d651-300x169.jpg\" alt=\"\" width=\"300\" height=\"169\" srcset=\"https:\/\/agora.xtec.cat\/ieslamardelafrau\/wp-content\/uploads\/usu2079\/2025\/10\/8c204e74-1573-4bb4-be1c-f2d17fa9d651-300x169.jpg 300w, https:\/\/agora.xtec.cat\/ieslamardelafrau\/wp-content\/uploads\/usu2079\/2025\/10\/8c204e74-1573-4bb4-be1c-f2d17fa9d651-1024x576.jpg 1024w, https:\/\/agora.xtec.cat\/ieslamardelafrau\/wp-content\/uploads\/usu2079\/2025\/10\/8c204e74-1573-4bb4-be1c-f2d17fa9d651-768x432.jpg 768w, https:\/\/agora.xtec.cat\/ieslamardelafrau\/wp-content\/uploads\/usu2079\/2025\/10\/8c204e74-1573-4bb4-be1c-f2d17fa9d651-1536x864.jpg 1536w, https:\/\/agora.xtec.cat\/ieslamardelafrau\/wp-content\/uploads\/usu2079\/2025\/10\/8c204e74-1573-4bb4-be1c-f2d17fa9d651.jpg 1600w\" sizes=\"auto, (max-width: 300px) 100vw, 300px\" \/><\/a> <a href=\"https:\/\/agora.xtec.cat\/ieslamardelafrau\/portada\/conferencia-estatal-de-joves-cuidem-el-planeta\/attachment\/8e6688fc-d42d-48ac-a853-c84e8d2d1cdb\/\" rel=\"attachment wp-att-1715\"><img loading=\"lazy\" decoding=\"async\" class=\"alignnone size-medium wp-image-1715\" src=\"https:\/\/agora.xtec.cat\/ieslamardelafrau\/wp-content\/uploads\/usu2079\/2025\/10\/8e6688fc-d42d-48ac-a853-c84e8d2d1cdb-300x225.jpg\" alt=\"\" width=\"300\" height=\"225\" srcset=\"https:\/\/agora.xtec.cat\/ieslamardelafrau\/wp-content\/uploads\/usu2079\/2025\/10\/8e6688fc-d42d-48ac-a853-c84e8d2d1cdb-300x225.jpg 300w, https:\/\/agora.xtec.cat\/ieslamardelafrau\/wp-content\/uploads\/usu2079\/2025\/10\/8e6688fc-d42d-48ac-a853-c84e8d2d1cdb-768x576.jpg 768w, https:\/\/agora.xtec.cat\/ieslamardelafrau\/wp-content\/uploads\/usu2079\/2025\/10\/8e6688fc-d42d-48ac-a853-c84e8d2d1cdb-200x150.jpg 200w, https:\/\/agora.xtec.cat\/ieslamardelafrau\/wp-content\/uploads\/usu2079\/2025\/10\/8e6688fc-d42d-48ac-a853-c84e8d2d1cdb.jpg 810w\" sizes=\"auto, (max-width: 300px) 100vw, 300px\" \/><\/a><\/p>\n","protected":false},"excerpt":{"rendered":"<p>L&#8217;ecodelegada Maria S. de 3rESO i la professora N\u00e0dia G. hem participat a la VII CONFER\u00c8NCIA ESTATAL DE JOVES &#8220;Cuidem el planeta&#8221; sota el lema &#8220;MULLA&#8217;T PER L&#8217;AIGUA&#8221; celebrada a Pal\u00e8ncia del 5 al 9 d&#8217;octubre. De la confer\u00e8ncia estatal han sortit els delegats per la CONFINT Europea on anir\u00e0 un representant de cada comunitat [&hellip;]<\/p>\n","protected":false},"author":1,"featured_media":0,"comment_status":"open","ping_status":"open","sticky":false,"template":"","format":"standard","meta":{"_bbp_topic_count":0,"_bbp_reply_count":0,"_bbp_total_topic_count":0,"_bbp_total_reply_count":0,"_bbp_voice_count":0,"_bbp_anonymous_reply_count":0,"_bbp_topic_count_hidden":0,"_bbp_reply_count_hidden":0,"_bbp_forum_subforum_count":0,"site-sidebar-layout":"default","site-content-layout":"","ast-site-content-layout":"","site-content-style":"default","site-sidebar-style":"default","ast-global-header-display":"","ast-banner-title-visibility":"","ast-main-header-display":"","ast-hfb-above-header-display":"","ast-hfb-below-header-display":"","ast-hfb-mobile-header-display":"","site-post-title":"","ast-breadcrumbs-content":"","ast-featured-img":"","footer-sml-layout":"","theme-transparent-header-meta":"","adv-header-id-meta":"","stick-header-meta":"","header-above-stick-meta":"","header-main-stick-meta":"","header-below-stick-meta":"","astra-migrate-meta-layouts":"default","ast-page-background-enabled":"default","ast-page-background-meta":{"desktop":{"background-color":"var(--ast-global-color-4)","background-image":"","background-repeat":"repeat","background-position":"center center","background-size":"auto","background-attachment":"scroll","background-type":"","background-media":"","overlay-type":"","overlay-color":"","overlay-opacity":"","overlay-gradient":""},"tablet":{"background-color":"","background-image":"","background-repeat":"repeat","background-position":"center center","background-size":"auto","background-attachment":"scroll","background-type":"","background-media":"","overlay-type":"","overlay-color":"","overlay-opacity":"","overlay-gradient":""},"mobile":{"background-color":"","background-image":"","background-repeat":"repeat","background-position":"center center","background-size":"auto","background-attachment":"scroll","background-type":"","background-media":"","overlay-type":"","overlay-color":"","overlay-opacity":"","overlay-gradient":""}},"ast-content-background-meta":{"desktop":{"background-color":"var(--ast-global-color-5)","background-image":"","background-repeat":"repeat","background-position":"center center","background-size":"auto","background-attachment":"scroll","background-type":"","background-media":"","overlay-type":"","overlay-color":"","overlay-opacity":"","overlay-gradient":""},"tablet":{"background-color":"var(--ast-global-color-5)","background-image":"","background-repeat":"repeat","background-position":"center center","background-size":"auto","background-attachment":"scroll","background-type":"","background-media":"","overlay-type":"","overlay-color":"","overlay-opacity":"","overlay-gradient":""},"mobile":{"background-color":"var(--ast-global-color-5)","background-image":"","background-repeat":"repeat","background-position":"center center","background-size":"auto","background-attachment":"scroll","background-type":"","background-media":"","overlay-type":"","overlay-color":"","overlay-opacity":"","overlay-gradient":""}},"footnotes":""},"categories":[29],"tags":[],"class_list":["post-1708","post","type-post","status-publish","format-standard","hentry","category-portada"],"post_mailing_queue_ids":[],"_links":{"self":[{"href":"https:\/\/agora.xtec.cat\/ieslamardelafrau\/wp-json\/wp\/v2\/posts\/1708","targetHints":{"allow":["GET"]}}],"collection":[{"href":"https:\/\/agora.xtec.cat\/ieslamardelafrau\/wp-json\/wp\/v2\/posts"}],"about":[{"href":"https:\/\/agora.xtec.cat\/ieslamardelafrau\/wp-json\/wp\/v2\/types\/post"}],"author":[{"embeddable":true,"href":"https:\/\/agora.xtec.cat\/ieslamardelafrau\/wp-json\/wp\/v2\/users\/1"}],"replies":[{"embeddable":true,"href":"https:\/\/agora.xtec.cat\/ieslamardelafrau\/wp-json\/wp\/v2\/comments?post=1708"}],"version-history":[{"count":4,"href":"https:\/\/agora.xtec.cat\/ieslamardelafrau\/wp-json\/wp\/v2\/posts\/1708\/revisions"}],"predecessor-version":[{"id":1719,"href":"https:\/\/agora.xtec.cat\/ieslamardelafrau\/wp-json\/wp\/v2\/posts\/1708\/revisions\/1719"}],"wp:attachment":[{"href":"https:\/\/agora.xtec.cat\/ieslamardelafrau\/wp-json\/wp\/v2\/media?parent=1708"}],"wp:term":[{"taxonomy":"category","embeddable":true,"href":"https:\/\/agora.xtec.cat\/ieslamardelafrau\/wp-json\/wp\/v2\/categories?post=1708"},{"taxonomy":"post_tag","embeddable":true,"href":"https:\/\/agora.xtec.cat\/ieslamardelafrau\/wp-json\/wp\/v2\/tags?post=1708"}],"curies":[{"name":"wp","href":"https:\/\/api.w.org\/{rel}","templated":true}]}}