{"id":1696,"date":"2025-10-24T17:42:04","date_gmt":"2025-10-24T15:42:04","guid":{"rendered":"https:\/\/agora.xtec.cat\/ieslamardelafrau\/?p=1696"},"modified":"2025-10-24T17:52:06","modified_gmt":"2025-10-24T15:52:06","slug":"matematiques-a-les-finestres","status":"publish","type":"post","link":"https:\/\/agora.xtec.cat\/ieslamardelafrau\/general\/matematiques-a-les-finestres\/","title":{"rendered":"Matem\u00e0tiques a les finestres"},"content":{"rendered":"<p><img loading=\"lazy\" decoding=\"async\" class=\"an1\" draggable=\"false\" src=\"https:\/\/fonts.gstatic.com\/s\/e\/notoemoji\/16.0\/1f522\/72.png\" alt=\"\ud83d\udd22\" width=\"22\" height=\"22\" data-emoji=\"\ud83d\udd22\" aria-label=\"\ud83d\udd22\" \/><img loading=\"lazy\" decoding=\"async\" class=\"an1\" draggable=\"false\" src=\"https:\/\/fonts.gstatic.com\/s\/e\/notoemoji\/16.0\/2728\/72.png\" alt=\"\u2728\" width=\"28\" height=\"28\" data-emoji=\"\u2728\" aria-label=\"\u2728\" \/>\u00a0A l\u2019optativa de Matem\u00e0tiques de 1r de BAT treballem la resoluci\u00f3 de problemes mitjan\u00e7ant la metodologia Thinking Classroom de Peter Liljedahl, que ens permet desenvolupar les compet\u00e8ncies pr\u00f2pies de la mat\u00e8ria de Matem\u00e0tiques.<br \/>\n<img loading=\"lazy\" decoding=\"async\" class=\"an1\" draggable=\"false\" src=\"https:\/\/fonts.gstatic.com\/s\/e\/notoemoji\/16.0\/1f4da\/72.png\" alt=\"\ud83d\udcda\" width=\"25\" height=\"25\" data-emoji=\"\ud83d\udcda\" aria-label=\"\ud83d\udcda\" \/>\u00a0A cada classe ens enfrontem a reptes, raonem, argumentem i representem idees d\u2019una manera activa i col\u00b7laborativa.<br \/>\n<img loading=\"lazy\" decoding=\"async\" class=\"an1\" draggable=\"false\" src=\"https:\/\/fonts.gstatic.com\/s\/e\/notoemoji\/16.0\/1f4bb\/72.png\" alt=\"\ud83d\udcbb\" width=\"26\" height=\"26\" data-emoji=\"\ud83d\udcbb\" aria-label=\"\ud83d\udcbb\" \/>\u00a0Aquests dies hem estat treballant el pensament computacional, i l\u2019alumnat ha demostrat una gran capacitat i implicaci\u00f3.<\/p>\n<p><a href=\"https:\/\/agora.xtec.cat\/ieslamardelafrau\/general\/matematiques-a-les-finestres\/attachment\/0608d1fa-8604-4dc8-9acd-a2bc484a5b2e\/\" rel=\"attachment wp-att-1697\">Enhorabona a tot l\u2019alumnat de la mat\u00e8ria: esteu fent una molt bona feina! Continueu aix\u00ed!\u00a0<img loading=\"lazy\" decoding=\"async\" class=\"alignnone size-medium wp-image-1697\" src=\"https:\/\/agora.xtec.cat\/ieslamardelafrau\/wp-content\/uploads\/usu2079\/2025\/10\/0608D1FA-8604-4DC8-9ACD-A2BC484A5B2E-300x300.jpg\" alt=\"\" width=\"300\" height=\"300\" srcset=\"https:\/\/agora.xtec.cat\/ieslamardelafrau\/wp-content\/uploads\/usu2079\/2025\/10\/0608D1FA-8604-4DC8-9ACD-A2BC484A5B2E-300x300.jpg 300w, https:\/\/agora.xtec.cat\/ieslamardelafrau\/wp-content\/uploads\/usu2079\/2025\/10\/0608D1FA-8604-4DC8-9ACD-A2BC484A5B2E-1024x1024.jpg 1024w, https:\/\/agora.xtec.cat\/ieslamardelafrau\/wp-content\/uploads\/usu2079\/2025\/10\/0608D1FA-8604-4DC8-9ACD-A2BC484A5B2E-150x150.jpg 150w, https:\/\/agora.xtec.cat\/ieslamardelafrau\/wp-content\/uploads\/usu2079\/2025\/10\/0608D1FA-8604-4DC8-9ACD-A2BC484A5B2E-768x768.jpg 768w, https:\/\/agora.xtec.cat\/ieslamardelafrau\/wp-content\/uploads\/usu2079\/2025\/10\/0608D1FA-8604-4DC8-9ACD-A2BC484A5B2E.jpg 1440w\" sizes=\"auto, (max-width: 300px) 100vw, 300px\" \/><\/a> <a href=\"https:\/\/agora.xtec.cat\/ieslamardelafrau\/general\/matematiques-a-les-finestres\/attachment\/d07f6fa0-eb07-402a-9e60-782660016e9f\/\" rel=\"attachment wp-att-1698\"><img loading=\"lazy\" decoding=\"async\" class=\"alignnone size-medium wp-image-1698\" src=\"https:\/\/agora.xtec.cat\/ieslamardelafrau\/wp-content\/uploads\/usu2079\/2025\/10\/D07F6FA0-EB07-402A-9E60-782660016E9F-300x300.jpg\" alt=\"\" width=\"300\" height=\"300\" srcset=\"https:\/\/agora.xtec.cat\/ieslamardelafrau\/wp-content\/uploads\/usu2079\/2025\/10\/D07F6FA0-EB07-402A-9E60-782660016E9F-300x300.jpg 300w, https:\/\/agora.xtec.cat\/ieslamardelafrau\/wp-content\/uploads\/usu2079\/2025\/10\/D07F6FA0-EB07-402A-9E60-782660016E9F-1024x1024.jpg 1024w, https:\/\/agora.xtec.cat\/ieslamardelafrau\/wp-content\/uploads\/usu2079\/2025\/10\/D07F6FA0-EB07-402A-9E60-782660016E9F-150x150.jpg 150w, https:\/\/agora.xtec.cat\/ieslamardelafrau\/wp-content\/uploads\/usu2079\/2025\/10\/D07F6FA0-EB07-402A-9E60-782660016E9F-768x768.jpg 768w, https:\/\/agora.xtec.cat\/ieslamardelafrau\/wp-content\/uploads\/usu2079\/2025\/10\/D07F6FA0-EB07-402A-9E60-782660016E9F.jpg 1440w\" sizes=\"auto, (max-width: 300px) 100vw, 300px\" \/><\/a><\/p>\n","protected":false},"excerpt":{"rendered":"<p>\u00a0A l\u2019optativa de Matem\u00e0tiques de 1r de BAT treballem la resoluci\u00f3 de problemes mitjan\u00e7ant la metodologia Thinking Classroom de Peter Liljedahl, que ens permet desenvolupar les compet\u00e8ncies pr\u00f2pies de la mat\u00e8ria de Matem\u00e0tiques.<br \/>\n\u00a0A cada classe ens enfrontem a reptes, raonem, argumentem i representem idees d\u2019una&hellip;  <a href=\"https:\/\/agora.xtec.cat\/ieslamardelafrau\/general\/matematiques-a-les-finestres\/\" title=\"Read Matem\u00e0tiques a les finestres\">Llegeix m\u00e9s\u00bb<\/a><\/p>\n","protected":false},"author":1,"featured_media":0,"comment_status":"open","ping_status":"open","sticky":false,"template":"","format":"standard","meta":{"_bbp_topic_count":0,"_bbp_reply_count":0,"_bbp_total_topic_count":0,"_bbp_total_reply_count":0,"_bbp_voice_count":0,"_bbp_anonymous_reply_count":0,"_bbp_topic_count_hidden":0,"_bbp_reply_count_hidden":0,"_bbp_forum_subforum_count":0,"footnotes":""},"categories":[1,29],"tags":[],"class_list":["post-1696","post","type-post","status-publish","format-standard","hentry","category-general","category-portada"],"post_mailing_queue_ids":[],"_links":{"self":[{"href":"https:\/\/agora.xtec.cat\/ieslamardelafrau\/wp-json\/wp\/v2\/posts\/1696","targetHints":{"allow":["GET"]}}],"collection":[{"href":"https:\/\/agora.xtec.cat\/ieslamardelafrau\/wp-json\/wp\/v2\/posts"}],"about":[{"href":"https:\/\/agora.xtec.cat\/ieslamardelafrau\/wp-json\/wp\/v2\/types\/post"}],"author":[{"embeddable":true,"href":"https:\/\/agora.xtec.cat\/ieslamardelafrau\/wp-json\/wp\/v2\/users\/1"}],"replies":[{"embeddable":true,"href":"https:\/\/agora.xtec.cat\/ieslamardelafrau\/wp-json\/wp\/v2\/comments?post=1696"}],"version-history":[{"count":3,"href":"https:\/\/agora.xtec.cat\/ieslamardelafrau\/wp-json\/wp\/v2\/posts\/1696\/revisions"}],"predecessor-version":[{"id":1701,"href":"https:\/\/agora.xtec.cat\/ieslamardelafrau\/wp-json\/wp\/v2\/posts\/1696\/revisions\/1701"}],"wp:attachment":[{"href":"https:\/\/agora.xtec.cat\/ieslamardelafrau\/wp-json\/wp\/v2\/media?parent=1696"}],"wp:term":[{"taxonomy":"category","embeddable":true,"href":"https:\/\/agora.xtec.cat\/ieslamardelafrau\/wp-json\/wp\/v2\/categories?post=1696"},{"taxonomy":"post_tag","embeddable":true,"href":"https:\/\/agora.xtec.cat\/ieslamardelafrau\/wp-json\/wp\/v2\/tags?post=1696"}],"curies":[{"name":"wp","href":"https:\/\/api.w.org\/{rel}","templated":true}]}}