{"id":1580,"date":"2025-06-17T23:01:37","date_gmt":"2025-06-17T21:01:37","guid":{"rendered":"https:\/\/agora.xtec.cat\/ieslamardelafrau\/?p=1580"},"modified":"2025-06-25T13:15:10","modified_gmt":"2025-06-25T11:15:10","slug":"matricula-curs-2025-2026","status":"publish","type":"post","link":"https:\/\/agora.xtec.cat\/ieslamardelafrau\/portada\/matricula-curs-2025-2026\/","title":{"rendered":"Matr\u00edcula curs 2025-2026"},"content":{"rendered":"<p>Atenci\u00f3 fam\u00edlies, avui comen\u00e7a el per\u00edode de matr\u00edcula<\/p>\n<p>Dates de matr\u00edcula:<\/p>\n<p><a href=\"https:\/\/agora.xtec.cat\/ieslamardelafrau\/secretaria\/matricula-eso\/\"><strong>ESO<\/strong><\/a><\/p>\n<p>Del 25 de Juny al 3 de Juliol 2025<\/p>\n<p>Trobareu els documents clicant:\u00a0<a href=\"https:\/\/agora.xtec.cat\/ieslamardelafrau\/secretaria\/matricula-eso\/\">https:\/\/agora.xtec.cat\/ieslamardelafrau\/secretaria\/matricula-eso\/<\/a><\/p>\n<p>Tamb\u00e9 disposeu del llistat d&#8217;optatives i de l&#8217;explicaci\u00f3:\u00a0<a href=\"https:\/\/agora.xtec.cat\/ieslamardelafrau\/estudis\/\">https:\/\/agora.xtec.cat\/ieslamardelafrau\/estudis\/<\/a><\/p>\n<p><a href=\"https:\/\/agora.xtec.cat\/ieslamardelafrau\/secretaria\/matricula-batxillerat\/\"><strong>Batxillerat<\/strong><\/a><\/p>\n<p>Del 20 al 30 de juny 2025<\/p>\n<p>Horari secretaria: de dilluns a divendres de 9.00 a 14.00 hores i dimecres de 16.00 a 17.00h<\/p>\n<p>Trobareu els documents clicant:<a href=\"https:\/\/agora.xtec.cat\/ieslamardelafrau\/secretaria\/matricula-batxillerat\/\">https:\/\/agora.xtec.cat\/ieslamardelafrau\/secretaria\/matricula-batxillerat\/<\/a><\/p>\n","protected":false},"excerpt":{"rendered":"<p>Atenci\u00f3 fam\u00edlies, avui comen\u00e7a el per\u00edode de matr\u00edcula<br \/>\nDates de matr\u00edcula:<br \/>\n<a href=\"https:\/\/agora.xtec.cat\/ieslamardelafrau\/secretaria\/matricula-eso\/\">ESO<\/a><br \/>\nDel 25 de Juny al 3 de Juliol 2025<br \/>\nTrobareu els documents clicant:\u00a0<a href=\"https:\/\/agora.xtec.cat\/ieslamardelafrau\/secretaria\/matricula-eso\/\">https:\/\/agora.xtec.cat\/ieslamardelafrau\/secretaria\/matricula-eso\/<\/a><br \/>\nTamb\u00e9 disposeu del llistat d&#8217;optatives i de l&#8217;explicaci\u00f3:\u00a0<a href=\"https:\/\/agora.xtec.cat\/ieslamardelafrau\/estudis\/\">https:\/\/agora.xtec.cat\/ieslamardelafrau\/estudis\/<\/a><br \/>\n<a href=\"https:\/\/agora.xtec.cat\/ieslamardelafrau\/secretaria\/matricula-batxillerat\/\">Batxillerat<\/a><br \/>\nDel 20 al 30 de juny 2025<br \/>\nHorari secretaria: de dilluns a divendres de 9.00&hellip;  <a href=\"https:\/\/agora.xtec.cat\/ieslamardelafrau\/portada\/matricula-curs-2025-2026\/\" title=\"Read Matr\u00edcula curs 2025-2026\">Llegeix m\u00e9s\u00bb<\/a><\/p>\n","protected":false},"author":1,"featured_media":0,"comment_status":"open","ping_status":"open","sticky":false,"template":"","format":"standard","meta":{"_bbp_topic_count":0,"_bbp_reply_count":0,"_bbp_total_topic_count":0,"_bbp_total_reply_count":0,"_bbp_voice_count":0,"_bbp_anonymous_reply_count":0,"_bbp_topic_count_hidden":0,"_bbp_reply_count_hidden":0,"_bbp_forum_subforum_count":0,"footnotes":""},"categories":[140,29],"tags":[],"class_list":["post-1580","post","type-post","status-publish","format-standard","hentry","category-noticies-portada","category-portada"],"post_mailing_queue_ids":[],"_links":{"self":[{"href":"https:\/\/agora.xtec.cat\/ieslamardelafrau\/wp-json\/wp\/v2\/posts\/1580","targetHints":{"allow":["GET"]}}],"collection":[{"href":"https:\/\/agora.xtec.cat\/ieslamardelafrau\/wp-json\/wp\/v2\/posts"}],"about":[{"href":"https:\/\/agora.xtec.cat\/ieslamardelafrau\/wp-json\/wp\/v2\/types\/post"}],"author":[{"embeddable":true,"href":"https:\/\/agora.xtec.cat\/ieslamardelafrau\/wp-json\/wp\/v2\/users\/1"}],"replies":[{"embeddable":true,"href":"https:\/\/agora.xtec.cat\/ieslamardelafrau\/wp-json\/wp\/v2\/comments?post=1580"}],"version-history":[{"count":6,"href":"https:\/\/agora.xtec.cat\/ieslamardelafrau\/wp-json\/wp\/v2\/posts\/1580\/revisions"}],"predecessor-version":[{"id":1657,"href":"https:\/\/agora.xtec.cat\/ieslamardelafrau\/wp-json\/wp\/v2\/posts\/1580\/revisions\/1657"}],"wp:attachment":[{"href":"https:\/\/agora.xtec.cat\/ieslamardelafrau\/wp-json\/wp\/v2\/media?parent=1580"}],"wp:term":[{"taxonomy":"category","embeddable":true,"href":"https:\/\/agora.xtec.cat\/ieslamardelafrau\/wp-json\/wp\/v2\/categories?post=1580"},{"taxonomy":"post_tag","embeddable":true,"href":"https:\/\/agora.xtec.cat\/ieslamardelafrau\/wp-json\/wp\/v2\/tags?post=1580"}],"curies":[{"name":"wp","href":"https:\/\/api.w.org\/{rel}","templated":true}]}}