{"id":1532,"date":"2025-05-23T13:03:14","date_gmt":"2025-05-23T11:03:14","guid":{"rendered":"https:\/\/agora.xtec.cat\/ieslamardelafrau\/?p=1532"},"modified":"2025-05-23T13:03:42","modified_gmt":"2025-05-23T11:03:42","slug":"projecte-vi-solidari-de-masroig","status":"publish","type":"post","link":"https:\/\/agora.xtec.cat\/ieslamardelafrau\/portada\/projecte-vi-solidari-de-masroig\/","title":{"rendered":"Projecte Vi solidari de Masroig"},"content":{"rendered":"<p>Els i les alumnes de l&#8217;aula Muntanya han participat en el projecte de Vi solidari de Masroig. Es tracta d&#8217;il.lustrar les etiquetes de les ampolles que es vendran a la Fira del Vi de Masroig. La recaudaci\u00f3 de la venda ser\u00e0 per investigaci\u00f3 del c\u00e0ncer infantil a l&#8217;hospital Sant Joan de D\u00e9u de Barcelona. Cada etiqueta \u00e9s \u00fanica i especial.<\/p>\n<blockquote class=\"wp-embedded-content\" data-secret=\"NFHDPFcoT9\"><p><a href=\"https:\/\/www.masroigvisolidari.com\/escoles\/\">Escoles<\/a><\/p><\/blockquote>\n<p><iframe loading=\"lazy\" class=\"wp-embedded-content\" sandbox=\"allow-scripts\" security=\"restricted\" style=\"position: absolute; visibility: hidden;\" title=\"&#8220;Escoles&#8221; &#8212; Masroig Vi Solidari\" src=\"https:\/\/www.masroigvisolidari.com\/escoles\/embed\/#?secret=GWteSgYtEq#?secret=NFHDPFcoT9\" data-secret=\"NFHDPFcoT9\" width=\"500\" height=\"282\" frameborder=\"0\" marginwidth=\"0\" marginheight=\"0\" scrolling=\"no\"><\/iframe><\/p>\n<p>&nbsp;<\/p>\n<p><a href=\"https:\/\/agora.xtec.cat\/ieslamardelafrau\/wp-content\/uploads\/usu2079\/2025\/05\/WhatsApp-Image-2025-05-21-at-3.39.26-PM-3.jpeg\"><img loading=\"lazy\" decoding=\"async\" class=\"alignnone size-medium wp-image-1534\" src=\"https:\/\/agora.xtec.cat\/ieslamardelafrau\/wp-content\/uploads\/usu2079\/2025\/05\/WhatsApp-Image-2025-05-21-at-3.39.26-PM-3-225x300.jpeg\" alt=\"\" width=\"225\" height=\"300\" srcset=\"https:\/\/agora.xtec.cat\/ieslamardelafrau\/wp-content\/uploads\/usu2079\/2025\/05\/WhatsApp-Image-2025-05-21-at-3.39.26-PM-3-225x300.jpeg 225w, https:\/\/agora.xtec.cat\/ieslamardelafrau\/wp-content\/uploads\/usu2079\/2025\/05\/WhatsApp-Image-2025-05-21-at-3.39.26-PM-3-768x1024.jpeg 768w, https:\/\/agora.xtec.cat\/ieslamardelafrau\/wp-content\/uploads\/usu2079\/2025\/05\/WhatsApp-Image-2025-05-21-at-3.39.26-PM-3-1152x1536.jpeg 1152w, https:\/\/agora.xtec.cat\/ieslamardelafrau\/wp-content\/uploads\/usu2079\/2025\/05\/WhatsApp-Image-2025-05-21-at-3.39.26-PM-3.jpeg 1200w\" sizes=\"auto, (max-width: 225px) 100vw, 225px\" \/><\/a> <a href=\"https:\/\/agora.xtec.cat\/ieslamardelafrau\/wp-content\/uploads\/usu2079\/2025\/05\/WhatsApp-Image-2025-05-21-at-3.39.26-PM-2.jpeg\"><img loading=\"lazy\" decoding=\"async\" class=\"alignnone size-medium wp-image-1535\" src=\"https:\/\/agora.xtec.cat\/ieslamardelafrau\/wp-content\/uploads\/usu2079\/2025\/05\/WhatsApp-Image-2025-05-21-at-3.39.26-PM-2-225x300.jpeg\" alt=\"\" width=\"225\" height=\"300\" srcset=\"https:\/\/agora.xtec.cat\/ieslamardelafrau\/wp-content\/uploads\/usu2079\/2025\/05\/WhatsApp-Image-2025-05-21-at-3.39.26-PM-2-225x300.jpeg 225w, https:\/\/agora.xtec.cat\/ieslamardelafrau\/wp-content\/uploads\/usu2079\/2025\/05\/WhatsApp-Image-2025-05-21-at-3.39.26-PM-2-768x1024.jpeg 768w, https:\/\/agora.xtec.cat\/ieslamardelafrau\/wp-content\/uploads\/usu2079\/2025\/05\/WhatsApp-Image-2025-05-21-at-3.39.26-PM-2-1152x1536.jpeg 1152w, https:\/\/agora.xtec.cat\/ieslamardelafrau\/wp-content\/uploads\/usu2079\/2025\/05\/WhatsApp-Image-2025-05-21-at-3.39.26-PM-2.jpeg 1200w\" sizes=\"auto, (max-width: 225px) 100vw, 225px\" \/><\/a> <a href=\"https:\/\/agora.xtec.cat\/ieslamardelafrau\/wp-content\/uploads\/usu2079\/2025\/05\/WhatsApp-Image-2025-05-21-at-3.39.25-PM.jpeg\"><img loading=\"lazy\" decoding=\"async\" class=\"alignnone size-medium wp-image-1536\" src=\"https:\/\/agora.xtec.cat\/ieslamardelafrau\/wp-content\/uploads\/usu2079\/2025\/05\/WhatsApp-Image-2025-05-21-at-3.39.25-PM-225x300.jpeg\" alt=\"\" width=\"225\" height=\"300\" srcset=\"https:\/\/agora.xtec.cat\/ieslamardelafrau\/wp-content\/uploads\/usu2079\/2025\/05\/WhatsApp-Image-2025-05-21-at-3.39.25-PM-225x300.jpeg 225w, https:\/\/agora.xtec.cat\/ieslamardelafrau\/wp-content\/uploads\/usu2079\/2025\/05\/WhatsApp-Image-2025-05-21-at-3.39.25-PM-768x1024.jpeg 768w, https:\/\/agora.xtec.cat\/ieslamardelafrau\/wp-content\/uploads\/usu2079\/2025\/05\/WhatsApp-Image-2025-05-21-at-3.39.25-PM-1152x1536.jpeg 1152w, https:\/\/agora.xtec.cat\/ieslamardelafrau\/wp-content\/uploads\/usu2079\/2025\/05\/WhatsApp-Image-2025-05-21-at-3.39.25-PM.jpeg 1536w\" sizes=\"auto, (max-width: 225px) 100vw, 225px\" \/><\/a> <a href=\"https:\/\/agora.xtec.cat\/ieslamardelafrau\/wp-content\/uploads\/usu2079\/2025\/05\/WhatsApp-Image-2025-05-21-at-3.39.26-PM-1.jpeg\"><img loading=\"lazy\" decoding=\"async\" class=\"alignnone size-medium wp-image-1537\" src=\"https:\/\/agora.xtec.cat\/ieslamardelafrau\/wp-content\/uploads\/usu2079\/2025\/05\/WhatsApp-Image-2025-05-21-at-3.39.26-PM-1-225x300.jpeg\" alt=\"\" width=\"225\" height=\"300\" srcset=\"https:\/\/agora.xtec.cat\/ieslamardelafrau\/wp-content\/uploads\/usu2079\/2025\/05\/WhatsApp-Image-2025-05-21-at-3.39.26-PM-1-225x300.jpeg 225w, https:\/\/agora.xtec.cat\/ieslamardelafrau\/wp-content\/uploads\/usu2079\/2025\/05\/WhatsApp-Image-2025-05-21-at-3.39.26-PM-1-768x1024.jpeg 768w, https:\/\/agora.xtec.cat\/ieslamardelafrau\/wp-content\/uploads\/usu2079\/2025\/05\/WhatsApp-Image-2025-05-21-at-3.39.26-PM-1-1152x1536.jpeg 1152w, https:\/\/agora.xtec.cat\/ieslamardelafrau\/wp-content\/uploads\/usu2079\/2025\/05\/WhatsApp-Image-2025-05-21-at-3.39.26-PM-1.jpeg 1536w\" sizes=\"auto, (max-width: 225px) 100vw, 225px\" \/><\/a> \u00a0\u00a0 \u00a0\u00a0 \u00a0\u00a0 \u00a0\u00a0 \u00a0\u00a0 \u00a0\u00a0 \u00a0\u00a0<a href=\"https:\/\/agora.xtec.cat\/ieslamardelafrau\/wp-content\/uploads\/usu2079\/2025\/05\/WhatsApp-Image-2025-05-21-at-3.39.26-PM.jpeg\"><img loading=\"lazy\" decoding=\"async\" class=\"alignnone size-medium wp-image-1538\" src=\"https:\/\/agora.xtec.cat\/ieslamardelafrau\/wp-content\/uploads\/usu2079\/2025\/05\/WhatsApp-Image-2025-05-21-at-3.39.26-PM-300x225.jpeg\" alt=\"\" width=\"300\" height=\"225\" srcset=\"https:\/\/agora.xtec.cat\/ieslamardelafrau\/wp-content\/uploads\/usu2079\/2025\/05\/WhatsApp-Image-2025-05-21-at-3.39.26-PM-300x225.jpeg 300w, https:\/\/agora.xtec.cat\/ieslamardelafrau\/wp-content\/uploads\/usu2079\/2025\/05\/WhatsApp-Image-2025-05-21-at-3.39.26-PM-1024x768.jpeg 1024w, https:\/\/agora.xtec.cat\/ieslamardelafrau\/wp-content\/uploads\/usu2079\/2025\/05\/WhatsApp-Image-2025-05-21-at-3.39.26-PM-768x576.jpeg 768w, https:\/\/agora.xtec.cat\/ieslamardelafrau\/wp-content\/uploads\/usu2079\/2025\/05\/WhatsApp-Image-2025-05-21-at-3.39.26-PM-1536x1152.jpeg 1536w, https:\/\/agora.xtec.cat\/ieslamardelafrau\/wp-content\/uploads\/usu2079\/2025\/05\/WhatsApp-Image-2025-05-21-at-3.39.26-PM-200x150.jpeg 200w, https:\/\/agora.xtec.cat\/ieslamardelafrau\/wp-content\/uploads\/usu2079\/2025\/05\/WhatsApp-Image-2025-05-21-at-3.39.26-PM.jpeg 2048w\" sizes=\"auto, (max-width: 300px) 100vw, 300px\" \/><\/a> <a href=\"https:\/\/agora.xtec.cat\/ieslamardelafrau\/wp-content\/uploads\/usu2079\/2025\/05\/WhatsApp-Image-2025-05-21-at-5.44.15-PM.jpeg\"><img loading=\"lazy\" decoding=\"async\" class=\"size-medium wp-image-1539 alignleft\" src=\"https:\/\/agora.xtec.cat\/ieslamardelafrau\/wp-content\/uploads\/usu2079\/2025\/05\/WhatsApp-Image-2025-05-21-at-5.44.15-PM-300x225.jpeg\" alt=\"\" width=\"300\" height=\"225\" srcset=\"https:\/\/agora.xtec.cat\/ieslamardelafrau\/wp-content\/uploads\/usu2079\/2025\/05\/WhatsApp-Image-2025-05-21-at-5.44.15-PM-300x225.jpeg 300w, https:\/\/agora.xtec.cat\/ieslamardelafrau\/wp-content\/uploads\/usu2079\/2025\/05\/WhatsApp-Image-2025-05-21-at-5.44.15-PM-1024x768.jpeg 1024w, https:\/\/agora.xtec.cat\/ieslamardelafrau\/wp-content\/uploads\/usu2079\/2025\/05\/WhatsApp-Image-2025-05-21-at-5.44.15-PM-768x576.jpeg 768w, https:\/\/agora.xtec.cat\/ieslamardelafrau\/wp-content\/uploads\/usu2079\/2025\/05\/WhatsApp-Image-2025-05-21-at-5.44.15-PM-1536x1152.jpeg 1536w, https:\/\/agora.xtec.cat\/ieslamardelafrau\/wp-content\/uploads\/usu2079\/2025\/05\/WhatsApp-Image-2025-05-21-at-5.44.15-PM-200x150.jpeg 200w, https:\/\/agora.xtec.cat\/ieslamardelafrau\/wp-content\/uploads\/usu2079\/2025\/05\/WhatsApp-Image-2025-05-21-at-5.44.15-PM.jpeg 1600w\" sizes=\"auto, (max-width: 300px) 100vw, 300px\" \/><\/a><\/p>\n","protected":false},"excerpt":{"rendered":"<p>Els i les alumnes de l&#8217;aula Muntanya han participat en el projecte de Vi solidari de Masroig. Es tracta d&#8217;il.lustrar les etiquetes de les ampolles que es vendran a la Fira del Vi de Masroig. La recaudaci\u00f3 de la venda ser\u00e0 per investigaci\u00f3 del c\u00e0ncer&hellip;  <a href=\"https:\/\/agora.xtec.cat\/ieslamardelafrau\/portada\/projecte-vi-solidari-de-masroig\/\" title=\"Read Projecte Vi solidari de Masroig\">Llegeix m\u00e9s\u00bb<\/a><\/p>\n","protected":false},"author":1,"featured_media":0,"comment_status":"open","ping_status":"closed","sticky":false,"template":"","format":"standard","meta":{"_bbp_topic_count":0,"_bbp_reply_count":0,"_bbp_total_topic_count":0,"_bbp_total_reply_count":0,"_bbp_voice_count":0,"_bbp_anonymous_reply_count":0,"_bbp_topic_count_hidden":0,"_bbp_reply_count_hidden":0,"_bbp_forum_subforum_count":0,"footnotes":""},"categories":[29],"tags":[],"class_list":["post-1532","post","type-post","status-publish","format-standard","hentry","category-portada"],"post_mailing_queue_ids":[],"_links":{"self":[{"href":"https:\/\/agora.xtec.cat\/ieslamardelafrau\/wp-json\/wp\/v2\/posts\/1532","targetHints":{"allow":["GET"]}}],"collection":[{"href":"https:\/\/agora.xtec.cat\/ieslamardelafrau\/wp-json\/wp\/v2\/posts"}],"about":[{"href":"https:\/\/agora.xtec.cat\/ieslamardelafrau\/wp-json\/wp\/v2\/types\/post"}],"author":[{"embeddable":true,"href":"https:\/\/agora.xtec.cat\/ieslamardelafrau\/wp-json\/wp\/v2\/users\/1"}],"replies":[{"embeddable":true,"href":"https:\/\/agora.xtec.cat\/ieslamardelafrau\/wp-json\/wp\/v2\/comments?post=1532"}],"version-history":[{"count":2,"href":"https:\/\/agora.xtec.cat\/ieslamardelafrau\/wp-json\/wp\/v2\/posts\/1532\/revisions"}],"predecessor-version":[{"id":1541,"href":"https:\/\/agora.xtec.cat\/ieslamardelafrau\/wp-json\/wp\/v2\/posts\/1532\/revisions\/1541"}],"wp:attachment":[{"href":"https:\/\/agora.xtec.cat\/ieslamardelafrau\/wp-json\/wp\/v2\/media?parent=1532"}],"wp:term":[{"taxonomy":"category","embeddable":true,"href":"https:\/\/agora.xtec.cat\/ieslamardelafrau\/wp-json\/wp\/v2\/categories?post=1532"},{"taxonomy":"post_tag","embeddable":true,"href":"https:\/\/agora.xtec.cat\/ieslamardelafrau\/wp-json\/wp\/v2\/tags?post=1532"}],"curies":[{"name":"wp","href":"https:\/\/api.w.org\/{rel}","templated":true}]}}