{"id":1440,"date":"2025-04-02T10:33:05","date_gmt":"2025-04-02T08:33:05","guid":{"rendered":"https:\/\/agora.xtec.cat\/ieslamardelafrau\/?p=1440"},"modified":"2025-04-02T10:34:31","modified_gmt":"2025-04-02T08:34:31","slug":"residencia-davis","status":"publish","type":"post","link":"https:\/\/agora.xtec.cat\/ieslamardelafrau\/portada\/residencia-davis\/","title":{"rendered":"Resid\u00e8ncia d&#8217;avis"},"content":{"rendered":"<p>Durant aquestes dues setmanes els alumnes de 3r ESO visiten la Resid\u00e8ncia d&#8217;avis Colis\u00e9e. El nostre alumnat est\u00e0 encantat de col\u00b7laborar amb la bellesa dels avis i \u00e0vies.<\/p>\n<p>&nbsp;<\/p>\n<p><a href=\"https:\/\/agora.xtec.cat\/ieslamardelafrau\/wp-content\/uploads\/usu2079\/2025\/04\/WhatsApp-Image-2025-04-02-at-10.08.21-AM-2.jpeg\"><img loading=\"lazy\" decoding=\"async\" class=\" wp-image-1441 aligncenter\" src=\"https:\/\/agora.xtec.cat\/ieslamardelafrau\/wp-content\/uploads\/usu2079\/2025\/04\/WhatsApp-Image-2025-04-02-at-10.08.21-AM-2-300x135.jpeg\" alt=\"\" width=\"498\" height=\"224\" srcset=\"https:\/\/agora.xtec.cat\/ieslamardelafrau\/wp-content\/uploads\/usu2079\/2025\/04\/WhatsApp-Image-2025-04-02-at-10.08.21-AM-2-300x135.jpeg 300w, https:\/\/agora.xtec.cat\/ieslamardelafrau\/wp-content\/uploads\/usu2079\/2025\/04\/WhatsApp-Image-2025-04-02-at-10.08.21-AM-2-1024x461.jpeg 1024w, https:\/\/agora.xtec.cat\/ieslamardelafrau\/wp-content\/uploads\/usu2079\/2025\/04\/WhatsApp-Image-2025-04-02-at-10.08.21-AM-2-768x346.jpeg 768w, https:\/\/agora.xtec.cat\/ieslamardelafrau\/wp-content\/uploads\/usu2079\/2025\/04\/WhatsApp-Image-2025-04-02-at-10.08.21-AM-2-1536x691.jpeg 1536w, https:\/\/agora.xtec.cat\/ieslamardelafrau\/wp-content\/uploads\/usu2079\/2025\/04\/WhatsApp-Image-2025-04-02-at-10.08.21-AM-2.jpeg 1600w\" sizes=\"auto, (max-width: 498px) 100vw, 498px\" \/><\/a><\/p>\n","protected":false},"excerpt":{"rendered":"<p>Durant aquestes dues setmanes els alumnes de 3r ESO visiten la Resid\u00e8ncia d&#8217;avis Colis\u00e9e. El nostre alumnat est\u00e0 encantat de col\u00b7laborar amb la bellesa dels avis i \u00e0vies.<br \/>\n&nbsp;<br \/>\n<a href=\"https:\/\/agora.xtec.cat\/ieslamardelafrau\/wp-content\/uploads\/usu2079\/2025\/04\/WhatsApp-Image-2025-04-02-at-10.08.21-AM-2.jpeg\"><\/a><\/p>\n","protected":false},"author":1,"featured_media":0,"comment_status":"open","ping_status":"closed","sticky":false,"template":"","format":"standard","meta":{"_bbp_topic_count":0,"_bbp_reply_count":0,"_bbp_total_topic_count":0,"_bbp_total_reply_count":0,"_bbp_voice_count":0,"_bbp_anonymous_reply_count":0,"_bbp_topic_count_hidden":0,"_bbp_reply_count_hidden":0,"_bbp_forum_subforum_count":0,"footnotes":""},"categories":[29],"tags":[],"class_list":["post-1440","post","type-post","status-publish","format-standard","hentry","category-portada"],"post_mailing_queue_ids":[],"_links":{"self":[{"href":"https:\/\/agora.xtec.cat\/ieslamardelafrau\/wp-json\/wp\/v2\/posts\/1440","targetHints":{"allow":["GET"]}}],"collection":[{"href":"https:\/\/agora.xtec.cat\/ieslamardelafrau\/wp-json\/wp\/v2\/posts"}],"about":[{"href":"https:\/\/agora.xtec.cat\/ieslamardelafrau\/wp-json\/wp\/v2\/types\/post"}],"author":[{"embeddable":true,"href":"https:\/\/agora.xtec.cat\/ieslamardelafrau\/wp-json\/wp\/v2\/users\/1"}],"replies":[{"embeddable":true,"href":"https:\/\/agora.xtec.cat\/ieslamardelafrau\/wp-json\/wp\/v2\/comments?post=1440"}],"version-history":[{"count":2,"href":"https:\/\/agora.xtec.cat\/ieslamardelafrau\/wp-json\/wp\/v2\/posts\/1440\/revisions"}],"predecessor-version":[{"id":1443,"href":"https:\/\/agora.xtec.cat\/ieslamardelafrau\/wp-json\/wp\/v2\/posts\/1440\/revisions\/1443"}],"wp:attachment":[{"href":"https:\/\/agora.xtec.cat\/ieslamardelafrau\/wp-json\/wp\/v2\/media?parent=1440"}],"wp:term":[{"taxonomy":"category","embeddable":true,"href":"https:\/\/agora.xtec.cat\/ieslamardelafrau\/wp-json\/wp\/v2\/categories?post=1440"},{"taxonomy":"post_tag","embeddable":true,"href":"https:\/\/agora.xtec.cat\/ieslamardelafrau\/wp-json\/wp\/v2\/tags?post=1440"}],"curies":[{"name":"wp","href":"https:\/\/api.w.org\/{rel}","templated":true}]}}