{"id":1379,"date":"2025-03-07T13:42:37","date_gmt":"2025-03-07T12:42:37","guid":{"rendered":"https:\/\/agora.xtec.cat\/ieslamardelafrau\/?p=1379"},"modified":"2025-03-07T13:42:37","modified_gmt":"2025-03-07T12:42:37","slug":"projecte-globalitzar-amb-el-8m","status":"publish","type":"post","link":"https:\/\/agora.xtec.cat\/ieslamardelafrau\/portada\/projecte-globalitzar-amb-el-8m\/","title":{"rendered":"Projecte globalitzar amb el 8M"},"content":{"rendered":"<p>L&#8217;alumnat de 3r d&#8217;ESO, a l&#8217;assignatura de Projecte Globalitzador i en relaci\u00f3 al 8M, ha volgut solidaritzar-se amb les nenes i les dones que han patit una Mutilaci\u00f3 genital femenina.<\/p>\n<div>\n<div>Han investigat sobre la pr\u00e0ctica de la MGF i les conseq\u00fc\u00e8ncies que t\u00e9 per la seva salut mental, psicol\u00f2gica i social. Es calcula que 4 milions de nenes podrien patir-la el proper any.<\/p>\n<div><\/div>\n<\/div>\n<\/div>\n<div>M\u00e9s informaci\u00f3:<\/div>\n<div><a href=\"https:\/\/canalsalut.gencat.cat\/ca\/salut-a-z\/m\/mutilacio-genital-femenina\/index.html\" target=\"_blank\" rel=\"noopener\" data-saferedirecturl=\"https:\/\/www.google.com\/url?q=https:\/\/canalsalut.gencat.cat\/ca\/salut-a-z\/m\/mutilacio-genital-femenina\/index.html&amp;source=gmail&amp;ust=1741436741116000&amp;usg=AOvVaw1JHUCdZ2o4sSQrMLB9MIIb\">https:\/\/canalsalut.gencat.cat\/<wbr \/>ca\/salut-a-z\/m\/mutilacio-<wbr \/>genital-femenina\/index.html<\/a><a href=\"https:\/\/agora.xtec.cat\/ieslamardelafrau\/wp-content\/uploads\/usu2079\/2025\/03\/WhatsApp-Image-2025-03-07-at-1.02.28-PM.jpeg\"><img loading=\"lazy\" decoding=\"async\" class=\"size-medium wp-image-1385 aligncenter\" src=\"https:\/\/agora.xtec.cat\/ieslamardelafrau\/wp-content\/uploads\/usu2079\/2025\/03\/WhatsApp-Image-2025-03-07-at-1.02.28-PM-300x226.jpeg\" alt=\"\" width=\"300\" height=\"226\" srcset=\"https:\/\/agora.xtec.cat\/ieslamardelafrau\/wp-content\/uploads\/usu2079\/2025\/03\/WhatsApp-Image-2025-03-07-at-1.02.28-PM-300x226.jpeg 300w, https:\/\/agora.xtec.cat\/ieslamardelafrau\/wp-content\/uploads\/usu2079\/2025\/03\/WhatsApp-Image-2025-03-07-at-1.02.28-PM-1024x771.jpeg 1024w, https:\/\/agora.xtec.cat\/ieslamardelafrau\/wp-content\/uploads\/usu2079\/2025\/03\/WhatsApp-Image-2025-03-07-at-1.02.28-PM-768x578.jpeg 768w, https:\/\/agora.xtec.cat\/ieslamardelafrau\/wp-content\/uploads\/usu2079\/2025\/03\/WhatsApp-Image-2025-03-07-at-1.02.28-PM-1536x1156.jpeg 1536w, https:\/\/agora.xtec.cat\/ieslamardelafrau\/wp-content\/uploads\/usu2079\/2025\/03\/WhatsApp-Image-2025-03-07-at-1.02.28-PM-200x150.jpeg 200w, https:\/\/agora.xtec.cat\/ieslamardelafrau\/wp-content\/uploads\/usu2079\/2025\/03\/WhatsApp-Image-2025-03-07-at-1.02.28-PM.jpeg 1600w\" sizes=\"auto, (max-width: 300px) 100vw, 300px\" \/><\/a><\/div>\n<div class=\"yj6qo\"><\/div>\n<div class=\"adL\"><a href=\"https:\/\/agora.xtec.cat\/ieslamardelafrau\/wp-content\/uploads\/usu2079\/2025\/03\/WhatsApp-Image-2025-03-07-at-1.02.29-PM-1.jpeg\"><img loading=\"lazy\" decoding=\"async\" class=\"alignnone size-medium wp-image-1380\" src=\"https:\/\/agora.xtec.cat\/ieslamardelafrau\/wp-content\/uploads\/usu2079\/2025\/03\/WhatsApp-Image-2025-03-07-at-1.02.29-PM-1-226x300.jpeg\" alt=\"\" width=\"226\" height=\"300\" srcset=\"https:\/\/agora.xtec.cat\/ieslamardelafrau\/wp-content\/uploads\/usu2079\/2025\/03\/WhatsApp-Image-2025-03-07-at-1.02.29-PM-1-226x300.jpeg 226w, https:\/\/agora.xtec.cat\/ieslamardelafrau\/wp-content\/uploads\/usu2079\/2025\/03\/WhatsApp-Image-2025-03-07-at-1.02.29-PM-1-771x1024.jpeg 771w, https:\/\/agora.xtec.cat\/ieslamardelafrau\/wp-content\/uploads\/usu2079\/2025\/03\/WhatsApp-Image-2025-03-07-at-1.02.29-PM-1-768x1021.jpeg 768w, https:\/\/agora.xtec.cat\/ieslamardelafrau\/wp-content\/uploads\/usu2079\/2025\/03\/WhatsApp-Image-2025-03-07-at-1.02.29-PM-1-1156x1536.jpeg 1156w, https:\/\/agora.xtec.cat\/ieslamardelafrau\/wp-content\/uploads\/usu2079\/2025\/03\/WhatsApp-Image-2025-03-07-at-1.02.29-PM-1.jpeg 1204w\" sizes=\"auto, (max-width: 226px) 100vw, 226px\" \/><\/a> <a href=\"https:\/\/agora.xtec.cat\/ieslamardelafrau\/wp-content\/uploads\/usu2079\/2025\/03\/WhatsApp-Image-2025-03-07-at-1.02.28-PM-3.jpeg\"><img loading=\"lazy\" decoding=\"async\" class=\"alignnone size-medium wp-image-1382\" src=\"https:\/\/agora.xtec.cat\/ieslamardelafrau\/wp-content\/uploads\/usu2079\/2025\/03\/WhatsApp-Image-2025-03-07-at-1.02.28-PM-3-226x300.jpeg\" alt=\"\" width=\"226\" height=\"300\" srcset=\"https:\/\/agora.xtec.cat\/ieslamardelafrau\/wp-content\/uploads\/usu2079\/2025\/03\/WhatsApp-Image-2025-03-07-at-1.02.28-PM-3-226x300.jpeg 226w, https:\/\/agora.xtec.cat\/ieslamardelafrau\/wp-content\/uploads\/usu2079\/2025\/03\/WhatsApp-Image-2025-03-07-at-1.02.28-PM-3-771x1024.jpeg 771w, https:\/\/agora.xtec.cat\/ieslamardelafrau\/wp-content\/uploads\/usu2079\/2025\/03\/WhatsApp-Image-2025-03-07-at-1.02.28-PM-3-768x1021.jpeg 768w, https:\/\/agora.xtec.cat\/ieslamardelafrau\/wp-content\/uploads\/usu2079\/2025\/03\/WhatsApp-Image-2025-03-07-at-1.02.28-PM-3-1156x1536.jpeg 1156w, https:\/\/agora.xtec.cat\/ieslamardelafrau\/wp-content\/uploads\/usu2079\/2025\/03\/WhatsApp-Image-2025-03-07-at-1.02.28-PM-3.jpeg 1204w\" sizes=\"auto, (max-width: 226px) 100vw, 226px\" \/><\/a> <a href=\"https:\/\/agora.xtec.cat\/ieslamardelafrau\/wp-content\/uploads\/usu2079\/2025\/03\/WhatsApp-Image-2025-03-07-at-1.02.28-PM-2.jpeg\"><img loading=\"lazy\" decoding=\"async\" class=\"alignnone size-medium wp-image-1383\" src=\"https:\/\/agora.xtec.cat\/ieslamardelafrau\/wp-content\/uploads\/usu2079\/2025\/03\/WhatsApp-Image-2025-03-07-at-1.02.28-PM-2-226x300.jpeg\" alt=\"\" width=\"226\" height=\"300\" srcset=\"https:\/\/agora.xtec.cat\/ieslamardelafrau\/wp-content\/uploads\/usu2079\/2025\/03\/WhatsApp-Image-2025-03-07-at-1.02.28-PM-2-226x300.jpeg 226w, https:\/\/agora.xtec.cat\/ieslamardelafrau\/wp-content\/uploads\/usu2079\/2025\/03\/WhatsApp-Image-2025-03-07-at-1.02.28-PM-2-771x1024.jpeg 771w, https:\/\/agora.xtec.cat\/ieslamardelafrau\/wp-content\/uploads\/usu2079\/2025\/03\/WhatsApp-Image-2025-03-07-at-1.02.28-PM-2-768x1021.jpeg 768w, https:\/\/agora.xtec.cat\/ieslamardelafrau\/wp-content\/uploads\/usu2079\/2025\/03\/WhatsApp-Image-2025-03-07-at-1.02.28-PM-2-1156x1536.jpeg 1156w, https:\/\/agora.xtec.cat\/ieslamardelafrau\/wp-content\/uploads\/usu2079\/2025\/03\/WhatsApp-Image-2025-03-07-at-1.02.28-PM-2.jpeg 1204w\" sizes=\"auto, (max-width: 226px) 100vw, 226px\" \/><\/a> <a href=\"https:\/\/agora.xtec.cat\/ieslamardelafrau\/wp-content\/uploads\/usu2079\/2025\/03\/WhatsApp-Image-2025-03-07-at-1.02.28-PM-1.jpeg\"><img loading=\"lazy\" decoding=\"async\" class=\"alignnone size-medium wp-image-1384\" src=\"https:\/\/agora.xtec.cat\/ieslamardelafrau\/wp-content\/uploads\/usu2079\/2025\/03\/WhatsApp-Image-2025-03-07-at-1.02.28-PM-1-226x300.jpeg\" alt=\"\" width=\"226\" height=\"300\" srcset=\"https:\/\/agora.xtec.cat\/ieslamardelafrau\/wp-content\/uploads\/usu2079\/2025\/03\/WhatsApp-Image-2025-03-07-at-1.02.28-PM-1-226x300.jpeg 226w, https:\/\/agora.xtec.cat\/ieslamardelafrau\/wp-content\/uploads\/usu2079\/2025\/03\/WhatsApp-Image-2025-03-07-at-1.02.28-PM-1-771x1024.jpeg 771w, https:\/\/agora.xtec.cat\/ieslamardelafrau\/wp-content\/uploads\/usu2079\/2025\/03\/WhatsApp-Image-2025-03-07-at-1.02.28-PM-1-768x1021.jpeg 768w, https:\/\/agora.xtec.cat\/ieslamardelafrau\/wp-content\/uploads\/usu2079\/2025\/03\/WhatsApp-Image-2025-03-07-at-1.02.28-PM-1-1156x1536.jpeg 1156w, https:\/\/agora.xtec.cat\/ieslamardelafrau\/wp-content\/uploads\/usu2079\/2025\/03\/WhatsApp-Image-2025-03-07-at-1.02.28-PM-1.jpeg 1204w\" sizes=\"auto, (max-width: 226px) 100vw, 226px\" \/><\/a><\/div>\n","protected":false},"excerpt":{"rendered":"<p>L&#8217;alumnat de 3r d&#8217;ESO, a l&#8217;assignatura de Projecte Globalitzador i en relaci\u00f3 al 8M, ha volgut solidaritzar-se amb les nenes i les dones que han patit una Mutilaci\u00f3 genital femenina.<\/p>\n<p>Han investigat sobre la pr\u00e0ctica de la MGF i les conseq\u00fc\u00e8ncies que t\u00e9 per la seva&hellip;  <a href=\"https:\/\/agora.xtec.cat\/ieslamardelafrau\/portada\/projecte-globalitzar-amb-el-8m\/\" title=\"Read Projecte globalitzar amb el 8M\">Llegeix m\u00e9s\u00bb<\/a><\/p>\n","protected":false},"author":1,"featured_media":0,"comment_status":"open","ping_status":"closed","sticky":false,"template":"","format":"standard","meta":{"_bbp_topic_count":0,"_bbp_reply_count":0,"_bbp_total_topic_count":0,"_bbp_total_reply_count":0,"_bbp_voice_count":0,"_bbp_anonymous_reply_count":0,"_bbp_topic_count_hidden":0,"_bbp_reply_count_hidden":0,"_bbp_forum_subforum_count":0,"footnotes":""},"categories":[29],"tags":[],"class_list":["post-1379","post","type-post","status-publish","format-standard","hentry","category-portada"],"post_mailing_queue_ids":[],"_links":{"self":[{"href":"https:\/\/agora.xtec.cat\/ieslamardelafrau\/wp-json\/wp\/v2\/posts\/1379","targetHints":{"allow":["GET"]}}],"collection":[{"href":"https:\/\/agora.xtec.cat\/ieslamardelafrau\/wp-json\/wp\/v2\/posts"}],"about":[{"href":"https:\/\/agora.xtec.cat\/ieslamardelafrau\/wp-json\/wp\/v2\/types\/post"}],"author":[{"embeddable":true,"href":"https:\/\/agora.xtec.cat\/ieslamardelafrau\/wp-json\/wp\/v2\/users\/1"}],"replies":[{"embeddable":true,"href":"https:\/\/agora.xtec.cat\/ieslamardelafrau\/wp-json\/wp\/v2\/comments?post=1379"}],"version-history":[{"count":1,"href":"https:\/\/agora.xtec.cat\/ieslamardelafrau\/wp-json\/wp\/v2\/posts\/1379\/revisions"}],"predecessor-version":[{"id":1386,"href":"https:\/\/agora.xtec.cat\/ieslamardelafrau\/wp-json\/wp\/v2\/posts\/1379\/revisions\/1386"}],"wp:attachment":[{"href":"https:\/\/agora.xtec.cat\/ieslamardelafrau\/wp-json\/wp\/v2\/media?parent=1379"}],"wp:term":[{"taxonomy":"category","embeddable":true,"href":"https:\/\/agora.xtec.cat\/ieslamardelafrau\/wp-json\/wp\/v2\/categories?post=1379"},{"taxonomy":"post_tag","embeddable":true,"href":"https:\/\/agora.xtec.cat\/ieslamardelafrau\/wp-json\/wp\/v2\/tags?post=1379"}],"curies":[{"name":"wp","href":"https:\/\/api.w.org\/{rel}","templated":true}]}}