{"id":1370,"date":"2025-03-06T11:06:23","date_gmt":"2025-03-06T10:06:23","guid":{"rendered":"https:\/\/agora.xtec.cat\/ieslamardelafrau\/?p=1370"},"modified":"2025-03-06T11:24:00","modified_gmt":"2025-03-06T10:24:00","slug":"https-drive-google-com-file-d-13xrmghqgbkw9rmmn1-wv4kf6zdn1wdqp-viewuspdrive_link","status":"publish","type":"post","link":"https:\/\/agora.xtec.cat\/ieslamardelafrau\/general\/https-drive-google-com-file-d-13xrmghqgbkw9rmmn1-wv4kf6zdn1wdqp-viewuspdrive_link\/","title":{"rendered":"V\u00eddeo Jornada de portes obertes"},"content":{"rendered":"<p>Aqu\u00ed podeu visualitzar el v\u00eddeo del nostre centre educatiu, pels qui no heu pogut venir a visitar-nos!<\/p>\n<p><iframe loading=\"lazy\" title=\"YouTube video player\" src=\"https:\/\/www.youtube.com\/embed\/YDr8ftw8qVA?si=HGpaD9WyY-P87TeB\" width=\"560\" height=\"315\" frameborder=\"0\" allowfullscreen=\"allowfullscreen\"><\/iframe><\/p>\n","protected":false},"excerpt":{"rendered":"<p>Aqu\u00ed podeu visualitzar el v\u00eddeo del nostre centre educatiu, pels qui no heu pogut venir a visitar-nos!<\/p>\n","protected":false},"author":1,"featured_media":0,"comment_status":"open","ping_status":"closed","sticky":false,"template":"","format":"standard","meta":{"_bbp_topic_count":0,"_bbp_reply_count":0,"_bbp_total_topic_count":0,"_bbp_total_reply_count":0,"_bbp_voice_count":0,"_bbp_anonymous_reply_count":0,"_bbp_topic_count_hidden":0,"_bbp_reply_count_hidden":0,"_bbp_forum_subforum_count":0,"footnotes":""},"categories":[1,29],"tags":[],"class_list":["post-1370","post","type-post","status-publish","format-standard","hentry","category-general","category-portada"],"post_mailing_queue_ids":[],"_links":{"self":[{"href":"https:\/\/agora.xtec.cat\/ieslamardelafrau\/wp-json\/wp\/v2\/posts\/1370","targetHints":{"allow":["GET"]}}],"collection":[{"href":"https:\/\/agora.xtec.cat\/ieslamardelafrau\/wp-json\/wp\/v2\/posts"}],"about":[{"href":"https:\/\/agora.xtec.cat\/ieslamardelafrau\/wp-json\/wp\/v2\/types\/post"}],"author":[{"embeddable":true,"href":"https:\/\/agora.xtec.cat\/ieslamardelafrau\/wp-json\/wp\/v2\/users\/1"}],"replies":[{"embeddable":true,"href":"https:\/\/agora.xtec.cat\/ieslamardelafrau\/wp-json\/wp\/v2\/comments?post=1370"}],"version-history":[{"count":6,"href":"https:\/\/agora.xtec.cat\/ieslamardelafrau\/wp-json\/wp\/v2\/posts\/1370\/revisions"}],"predecessor-version":[{"id":1378,"href":"https:\/\/agora.xtec.cat\/ieslamardelafrau\/wp-json\/wp\/v2\/posts\/1370\/revisions\/1378"}],"wp:attachment":[{"href":"https:\/\/agora.xtec.cat\/ieslamardelafrau\/wp-json\/wp\/v2\/media?parent=1370"}],"wp:term":[{"taxonomy":"category","embeddable":true,"href":"https:\/\/agora.xtec.cat\/ieslamardelafrau\/wp-json\/wp\/v2\/categories?post=1370"},{"taxonomy":"post_tag","embeddable":true,"href":"https:\/\/agora.xtec.cat\/ieslamardelafrau\/wp-json\/wp\/v2\/tags?post=1370"}],"curies":[{"name":"wp","href":"https:\/\/api.w.org\/{rel}","templated":true}]}}