{"id":1348,"date":"2025-02-19T17:48:46","date_gmt":"2025-02-19T16:48:46","guid":{"rendered":"https:\/\/agora.xtec.cat\/ieslamardelafrau\/?p=1348"},"modified":"2025-02-19T17:48:46","modified_gmt":"2025-02-19T16:48:46","slug":"xerrada-dorientacio-per-a-families-de-4t-deso","status":"publish","type":"post","link":"https:\/\/agora.xtec.cat\/ieslamardelafrau\/portada\/xerrada-dorientacio-per-a-families-de-4t-deso\/","title":{"rendered":"Xerrada d&#8217;orientaci\u00f3 per a fam\u00edlies de 4t d&#8217;ESO"},"content":{"rendered":"<p>Xerrada d&#8217;orientaci\u00f3 per a fam\u00edlies de 4t d&#8217;ESO. L&#8217; acompanyament de l&#8217;alumnat en acabar l&#8217;ensenyament obligatori \u00e9s molt important. Hem donat eines i recursos per con\u00e8ixer totes les oportunitats de futur.<\/p>\n<p><a href=\"https:\/\/agora.xtec.cat\/ieslamardelafrau\/wp-content\/uploads\/usu2079\/2025\/02\/WhatsApp-Image-2025-02-19-at-5.37.18-PM-2.jpeg\"><img loading=\"lazy\" decoding=\"async\" class=\"alignnone size-medium wp-image-1349\" src=\"https:\/\/agora.xtec.cat\/ieslamardelafrau\/wp-content\/uploads\/usu2079\/2025\/02\/WhatsApp-Image-2025-02-19-at-5.37.18-PM-2-300x225.jpeg\" alt=\"\" width=\"300\" height=\"225\" srcset=\"https:\/\/agora.xtec.cat\/ieslamardelafrau\/wp-content\/uploads\/usu2079\/2025\/02\/WhatsApp-Image-2025-02-19-at-5.37.18-PM-2-300x225.jpeg 300w, https:\/\/agora.xtec.cat\/ieslamardelafrau\/wp-content\/uploads\/usu2079\/2025\/02\/WhatsApp-Image-2025-02-19-at-5.37.18-PM-2-1024x769.jpeg 1024w, https:\/\/agora.xtec.cat\/ieslamardelafrau\/wp-content\/uploads\/usu2079\/2025\/02\/WhatsApp-Image-2025-02-19-at-5.37.18-PM-2-768x576.jpeg 768w, https:\/\/agora.xtec.cat\/ieslamardelafrau\/wp-content\/uploads\/usu2079\/2025\/02\/WhatsApp-Image-2025-02-19-at-5.37.18-PM-2-1536x1153.jpeg 1536w, https:\/\/agora.xtec.cat\/ieslamardelafrau\/wp-content\/uploads\/usu2079\/2025\/02\/WhatsApp-Image-2025-02-19-at-5.37.18-PM-2-200x150.jpeg 200w, https:\/\/agora.xtec.cat\/ieslamardelafrau\/wp-content\/uploads\/usu2079\/2025\/02\/WhatsApp-Image-2025-02-19-at-5.37.18-PM-2.jpeg 1600w\" sizes=\"auto, (max-width: 300px) 100vw, 300px\" \/><\/a> <a href=\"https:\/\/agora.xtec.cat\/ieslamardelafrau\/wp-content\/uploads\/usu2079\/2025\/02\/WhatsApp-Image-2025-02-19-at-5.37.18-PM-1.jpeg\"><img loading=\"lazy\" decoding=\"async\" class=\"alignnone size-medium wp-image-1350\" src=\"https:\/\/agora.xtec.cat\/ieslamardelafrau\/wp-content\/uploads\/usu2079\/2025\/02\/WhatsApp-Image-2025-02-19-at-5.37.18-PM-1-300x225.jpeg\" alt=\"\" width=\"300\" height=\"225\" srcset=\"https:\/\/agora.xtec.cat\/ieslamardelafrau\/wp-content\/uploads\/usu2079\/2025\/02\/WhatsApp-Image-2025-02-19-at-5.37.18-PM-1-300x225.jpeg 300w, https:\/\/agora.xtec.cat\/ieslamardelafrau\/wp-content\/uploads\/usu2079\/2025\/02\/WhatsApp-Image-2025-02-19-at-5.37.18-PM-1-1024x769.jpeg 1024w, https:\/\/agora.xtec.cat\/ieslamardelafrau\/wp-content\/uploads\/usu2079\/2025\/02\/WhatsApp-Image-2025-02-19-at-5.37.18-PM-1-768x576.jpeg 768w, https:\/\/agora.xtec.cat\/ieslamardelafrau\/wp-content\/uploads\/usu2079\/2025\/02\/WhatsApp-Image-2025-02-19-at-5.37.18-PM-1-1536x1153.jpeg 1536w, https:\/\/agora.xtec.cat\/ieslamardelafrau\/wp-content\/uploads\/usu2079\/2025\/02\/WhatsApp-Image-2025-02-19-at-5.37.18-PM-1-200x150.jpeg 200w, https:\/\/agora.xtec.cat\/ieslamardelafrau\/wp-content\/uploads\/usu2079\/2025\/02\/WhatsApp-Image-2025-02-19-at-5.37.18-PM-1.jpeg 1600w\" sizes=\"auto, (max-width: 300px) 100vw, 300px\" \/><\/a> <a href=\"https:\/\/agora.xtec.cat\/ieslamardelafrau\/wp-content\/uploads\/usu2079\/2025\/02\/WhatsApp-Image-2025-02-19-at-5.37.18-PM.jpeg\"><img loading=\"lazy\" decoding=\"async\" class=\"alignnone size-medium wp-image-1351\" src=\"https:\/\/agora.xtec.cat\/ieslamardelafrau\/wp-content\/uploads\/usu2079\/2025\/02\/WhatsApp-Image-2025-02-19-at-5.37.18-PM-300x223.jpeg\" alt=\"\" width=\"300\" height=\"223\" srcset=\"https:\/\/agora.xtec.cat\/ieslamardelafrau\/wp-content\/uploads\/usu2079\/2025\/02\/WhatsApp-Image-2025-02-19-at-5.37.18-PM-300x223.jpeg 300w, https:\/\/agora.xtec.cat\/ieslamardelafrau\/wp-content\/uploads\/usu2079\/2025\/02\/WhatsApp-Image-2025-02-19-at-5.37.18-PM-1024x760.jpeg 1024w, https:\/\/agora.xtec.cat\/ieslamardelafrau\/wp-content\/uploads\/usu2079\/2025\/02\/WhatsApp-Image-2025-02-19-at-5.37.18-PM-768x570.jpeg 768w, https:\/\/agora.xtec.cat\/ieslamardelafrau\/wp-content\/uploads\/usu2079\/2025\/02\/WhatsApp-Image-2025-02-19-at-5.37.18-PM-1536x1139.jpeg 1536w, https:\/\/agora.xtec.cat\/ieslamardelafrau\/wp-content\/uploads\/usu2079\/2025\/02\/WhatsApp-Image-2025-02-19-at-5.37.18-PM-200x150.jpeg 200w, https:\/\/agora.xtec.cat\/ieslamardelafrau\/wp-content\/uploads\/usu2079\/2025\/02\/WhatsApp-Image-2025-02-19-at-5.37.18-PM.jpeg 1599w\" sizes=\"auto, (max-width: 300px) 100vw, 300px\" \/><\/a><\/p>\n<p>&nbsp;<\/p>\n","protected":false},"excerpt":{"rendered":"<p>Xerrada d&#8217;orientaci\u00f3 per a fam\u00edlies de 4t d&#8217;ESO. L&#8217; acompanyament de l&#8217;alumnat en acabar l&#8217;ensenyament obligatori \u00e9s molt important. Hem donat eines i recursos per con\u00e8ixer totes les oportunitats de futur.<br \/>\n<a href=\"https:\/\/agora.xtec.cat\/ieslamardelafrau\/wp-content\/uploads\/usu2079\/2025\/02\/WhatsApp-Image-2025-02-19-at-5.37.18-PM-2.jpeg\"><\/a> <a href=\"https:\/\/agora.xtec.cat\/ieslamardelafrau\/wp-content\/uploads\/usu2079\/2025\/02\/WhatsApp-Image-2025-02-19-at-5.37.18-PM-1.jpeg\"><\/a> <a href=\"https:\/\/agora.xtec.cat\/ieslamardelafrau\/wp-content\/uploads\/usu2079\/2025\/02\/WhatsApp-Image-2025-02-19-at-5.37.18-PM.jpeg\"><\/a><br \/>\n&nbsp;<\/p>\n","protected":false},"author":1,"featured_media":0,"comment_status":"open","ping_status":"closed","sticky":false,"template":"","format":"standard","meta":{"_bbp_topic_count":0,"_bbp_reply_count":0,"_bbp_total_topic_count":0,"_bbp_total_reply_count":0,"_bbp_voice_count":0,"_bbp_anonymous_reply_count":0,"_bbp_topic_count_hidden":0,"_bbp_reply_count_hidden":0,"_bbp_forum_subforum_count":0,"footnotes":""},"categories":[29],"tags":[],"class_list":["post-1348","post","type-post","status-publish","format-standard","hentry","category-portada"],"post_mailing_queue_ids":[],"_links":{"self":[{"href":"https:\/\/agora.xtec.cat\/ieslamardelafrau\/wp-json\/wp\/v2\/posts\/1348","targetHints":{"allow":["GET"]}}],"collection":[{"href":"https:\/\/agora.xtec.cat\/ieslamardelafrau\/wp-json\/wp\/v2\/posts"}],"about":[{"href":"https:\/\/agora.xtec.cat\/ieslamardelafrau\/wp-json\/wp\/v2\/types\/post"}],"author":[{"embeddable":true,"href":"https:\/\/agora.xtec.cat\/ieslamardelafrau\/wp-json\/wp\/v2\/users\/1"}],"replies":[{"embeddable":true,"href":"https:\/\/agora.xtec.cat\/ieslamardelafrau\/wp-json\/wp\/v2\/comments?post=1348"}],"version-history":[{"count":1,"href":"https:\/\/agora.xtec.cat\/ieslamardelafrau\/wp-json\/wp\/v2\/posts\/1348\/revisions"}],"predecessor-version":[{"id":1352,"href":"https:\/\/agora.xtec.cat\/ieslamardelafrau\/wp-json\/wp\/v2\/posts\/1348\/revisions\/1352"}],"wp:attachment":[{"href":"https:\/\/agora.xtec.cat\/ieslamardelafrau\/wp-json\/wp\/v2\/media?parent=1348"}],"wp:term":[{"taxonomy":"category","embeddable":true,"href":"https:\/\/agora.xtec.cat\/ieslamardelafrau\/wp-json\/wp\/v2\/categories?post=1348"},{"taxonomy":"post_tag","embeddable":true,"href":"https:\/\/agora.xtec.cat\/ieslamardelafrau\/wp-json\/wp\/v2\/tags?post=1348"}],"curies":[{"name":"wp","href":"https:\/\/api.w.org\/{rel}","templated":true}]}}