{"id":1319,"date":"2025-02-12T09:48:12","date_gmt":"2025-02-12T08:48:12","guid":{"rendered":"https:\/\/agora.xtec.cat\/ieslamardelafrau\/?p=1319"},"modified":"2025-02-12T09:48:12","modified_gmt":"2025-02-12T08:48:12","slug":"jornada-demprenedoria-i-dinnovacio","status":"publish","type":"post","link":"https:\/\/agora.xtec.cat\/ieslamardelafrau\/general\/jornada-demprenedoria-i-dinnovacio\/","title":{"rendered":"Jornada d\u2019emprenedoria i d\u2019innovaci\u00f3"},"content":{"rendered":"<p dir=\"auto\">\n<p dir=\"auto\">\n<p dir=\"auto\"><a href=\"https:\/\/agora.xtec.cat\/ieslamardelafrau\/wp-content\/uploads\/usu2079\/2025\/02\/WhatsApp-Image-2025-02-12-at-9.46.57-AM.jpeg\"><img loading=\"lazy\" decoding=\"async\" class=\"size-medium wp-image-1320 aligncenter\" src=\"https:\/\/agora.xtec.cat\/ieslamardelafrau\/wp-content\/uploads\/usu2079\/2025\/02\/WhatsApp-Image-2025-02-12-at-9.46.57-AM-138x300.jpeg\" alt=\"\" width=\"138\" height=\"300\" srcset=\"https:\/\/agora.xtec.cat\/ieslamardelafrau\/wp-content\/uploads\/usu2079\/2025\/02\/WhatsApp-Image-2025-02-12-at-9.46.57-AM-138x300.jpeg 138w, https:\/\/agora.xtec.cat\/ieslamardelafrau\/wp-content\/uploads\/usu2079\/2025\/02\/WhatsApp-Image-2025-02-12-at-9.46.57-AM-472x1024.jpeg 472w, https:\/\/agora.xtec.cat\/ieslamardelafrau\/wp-content\/uploads\/usu2079\/2025\/02\/WhatsApp-Image-2025-02-12-at-9.46.57-AM-708x1536.jpeg 708w, https:\/\/agora.xtec.cat\/ieslamardelafrau\/wp-content\/uploads\/usu2079\/2025\/02\/WhatsApp-Image-2025-02-12-at-9.46.57-AM.jpeg 738w\" sizes=\"auto, (max-width: 138px) 100vw, 138px\" \/><\/a><\/p>\n<p dir=\"auto\">L\u2019Institut Ramon Berenguer IV i l\u2019Ajuntament de Cambrils van organitzar el dimarts 11\/02\/25\u00a0 l\u2019esdeveniment RBInnoVa, una jornada d\u2019emprenedoria i d\u2019innovaci\u00f3.<\/p>\n<p dir=\"auto\">Les nostres alumnes Claudia Capdevila, J\u00falia Sala, Marina Capdevila i J\u00falia Sans van participar en la resoluci\u00f3 d\u2019un repte d\u2019una empresa real: el Club N\u00e0utic Hospitalet-Vandell\u00f3s.<\/p>\n<p dir=\"auto\">La jornada ha estat plena de creativitat, propostes sostenibles i viables tant t\u00e8cnicament com econ\u00f2micament. Tot i no ser les guanyadores han treballat, han apr\u00e8s d\u2019altres companys i han fet una presentaci\u00f3 excel\u2022lent.<\/p>\n","protected":false},"excerpt":{"rendered":"<p><a href=\"https:\/\/agora.xtec.cat\/ieslamardelafrau\/wp-content\/uploads\/usu2079\/2025\/02\/WhatsApp-Image-2025-02-12-at-9.46.57-AM.jpeg\"><\/a><br \/>\nL\u2019Institut Ramon Berenguer IV i l\u2019Ajuntament de Cambrils van organitzar el dimarts 11\/02\/25\u00a0 l\u2019esdeveniment RBInnoVa, una jornada d\u2019emprenedoria i d\u2019innovaci\u00f3.<br \/>\nLes nostres alumnes Claudia Capdevila, J\u00falia Sala, Marina Capdevila i J\u00falia Sans van participar en la resoluci\u00f3 d\u2019un repte d\u2019una empresa real: el Club N\u00e0utic&hellip;  <a href=\"https:\/\/agora.xtec.cat\/ieslamardelafrau\/general\/jornada-demprenedoria-i-dinnovacio\/\" title=\"Read Jornada d\u2019emprenedoria i d\u2019innovaci\u00f3\">Llegeix m\u00e9s\u00bb<\/a><\/p>\n","protected":false},"author":1,"featured_media":0,"comment_status":"open","ping_status":"closed","sticky":false,"template":"","format":"standard","meta":{"_bbp_topic_count":0,"_bbp_reply_count":0,"_bbp_total_topic_count":0,"_bbp_total_reply_count":0,"_bbp_voice_count":0,"_bbp_anonymous_reply_count":0,"_bbp_topic_count_hidden":0,"_bbp_reply_count_hidden":0,"_bbp_forum_subforum_count":0,"footnotes":""},"categories":[1],"tags":[],"class_list":["post-1319","post","type-post","status-publish","format-standard","hentry","category-general"],"post_mailing_queue_ids":[],"_links":{"self":[{"href":"https:\/\/agora.xtec.cat\/ieslamardelafrau\/wp-json\/wp\/v2\/posts\/1319","targetHints":{"allow":["GET"]}}],"collection":[{"href":"https:\/\/agora.xtec.cat\/ieslamardelafrau\/wp-json\/wp\/v2\/posts"}],"about":[{"href":"https:\/\/agora.xtec.cat\/ieslamardelafrau\/wp-json\/wp\/v2\/types\/post"}],"author":[{"embeddable":true,"href":"https:\/\/agora.xtec.cat\/ieslamardelafrau\/wp-json\/wp\/v2\/users\/1"}],"replies":[{"embeddable":true,"href":"https:\/\/agora.xtec.cat\/ieslamardelafrau\/wp-json\/wp\/v2\/comments?post=1319"}],"version-history":[{"count":1,"href":"https:\/\/agora.xtec.cat\/ieslamardelafrau\/wp-json\/wp\/v2\/posts\/1319\/revisions"}],"predecessor-version":[{"id":1321,"href":"https:\/\/agora.xtec.cat\/ieslamardelafrau\/wp-json\/wp\/v2\/posts\/1319\/revisions\/1321"}],"wp:attachment":[{"href":"https:\/\/agora.xtec.cat\/ieslamardelafrau\/wp-json\/wp\/v2\/media?parent=1319"}],"wp:term":[{"taxonomy":"category","embeddable":true,"href":"https:\/\/agora.xtec.cat\/ieslamardelafrau\/wp-json\/wp\/v2\/categories?post=1319"},{"taxonomy":"post_tag","embeddable":true,"href":"https:\/\/agora.xtec.cat\/ieslamardelafrau\/wp-json\/wp\/v2\/tags?post=1319"}],"curies":[{"name":"wp","href":"https:\/\/api.w.org\/{rel}","templated":true}]}}