{"id":720,"date":"2017-11-22T16:02:30","date_gmt":"2017-11-22T15:02:30","guid":{"rendered":"http:\/\/agora.xtec.cat\/ieslamallola\/?p=720"},"modified":"2017-11-22T16:03:07","modified_gmt":"2017-11-22T15:03:07","slug":"ajudans-a-ajudar","status":"publish","type":"post","link":"https:\/\/agora.xtec.cat\/ieslamallola\/portada\/ajudans-a-ajudar\/","title":{"rendered":"Ajuda\u2019ns a ajudar"},"content":{"rendered":"<p style=\"text-align: justify;\">Benvolgudes fam\u00edlies,<\/p>\n<p>Un any m\u00e9s, la campanya <strong>\u201cAjuda\u2019ns a ajudar\u201d<\/strong> arriba al nostre institut i a la nostra ciutat gr\u00e0cies a la col\u00b7laboraci\u00f3 d\u2019escoles i entitats.<\/p>\n<p style=\"text-align: justify;\">Les entitats del Programa d\u2019Aliments (Associaci\u00f3 Cristiana d\u2019Ajuda Social Vida i C\u00e0ritas) amb el suport de l\u2019Ajuntament d\u2019Esplugues, treballen tot l\u2019any coordinadament per garantir la distribuci\u00f3 de lots d\u2019aliments b\u00e0sics a les fam\u00edlies amb m\u00e9s dificultats de la nostra ciutat.<br \/>\nPer aquest motiu, \u00a0us demanem la vostra col\u00b7laboraci\u00f3 i, us fem arribar una relaci\u00f3 dels aliments que s\u00f3n m\u00e9s necessaris als \u00a0magatzems: sucre, oli, cereals per esmorzar, cacau en pols, caf\u00e8, farina, pur\u00e9 de patates, conserves de peix i de carn, fruites en alm\u00edvar, fruits secs, xocolata, torrons, polvorons.<br \/>\nEnguany, la recollida d\u2019aliments es realitzar\u00e0 del\u00a0<strong>27 de novembre fins a l\u20191 de desembre<\/strong>\u00a0al punt que hi haur\u00e0 habilitat \u00a0en aquestes dates al nostre institut.<\/p>\n<p style=\"text-align: justify;\">Amb tots aquests productes els responsables de la recollida de l&#8217;Ajuntament i les entitats prepararan lots de menjar destinats a les persones i\/o fam\u00edlies m\u00e9s vulnerables de la nostra ciutat.<br \/>\nUs animem perqu\u00e8 \u00a0participeu fent la vostra aportaci\u00f3, per tal que l&#8217;Institut de La Mallola sigui un institut \u00a0solidari i cohesionat amb la ciutat d&#8217;Esplugues.<\/p>\n<p style=\"text-align: justify;\">Cordialment,<\/p>\n<p style=\"text-align: justify;\">L&#8217;equip directiu<\/p>\n","protected":false},"excerpt":{"rendered":"<p>Benvolgudes fam\u00edlies, Un any m\u00e9s, la campanya \u201cAjuda\u2019ns a ajudar\u201d arriba al nostre institut i a la nostra ciutat gr\u00e0cies a la col\u00b7laboraci\u00f3 d\u2019escoles i entitats. Les entitats del Programa d\u2019Aliments (Associaci\u00f3 Cristiana d\u2019Ajuda Social Vida i C\u00e0ritas) amb el suport de l\u2019Ajuntament d\u2019Esplugues, treballen tot l\u2019any coordinadament per garantir la distribuci\u00f3 de lots d\u2019aliments [&hellip;]<\/p>\n","protected":false},"author":1,"featured_media":721,"comment_status":"open","ping_status":"closed","sticky":false,"template":"","format":"standard","meta":{"_bbp_topic_count":0,"_bbp_reply_count":0,"_bbp_total_topic_count":0,"_bbp_total_reply_count":0,"_bbp_voice_count":0,"_bbp_anonymous_reply_count":0,"_bbp_topic_count_hidden":0,"_bbp_reply_count_hidden":0,"_bbp_forum_subforum_count":0,"site-sidebar-layout":"default","site-content-layout":"","ast-site-content-layout":"","site-content-style":"default","site-sidebar-style":"default","ast-global-header-display":"","ast-banner-title-visibility":"","ast-main-header-display":"","ast-hfb-above-header-display":"","ast-hfb-below-header-display":"","ast-hfb-mobile-header-display":"","site-post-title":"","ast-breadcrumbs-content":"","ast-featured-img":"","footer-sml-layout":"","theme-transparent-header-meta":"","adv-header-id-meta":"","stick-header-meta":"","header-above-stick-meta":"","header-main-stick-meta":"","header-below-stick-meta":"","astra-migrate-meta-layouts":"default","ast-page-background-enabled":"default","ast-page-background-meta":{"desktop":{"background-color":"var(--ast-global-color-4)","background-image":"","background-repeat":"repeat","background-position":"center center","background-size":"auto","background-attachment":"scroll","background-type":"","background-media":"","overlay-type":"","overlay-color":"","overlay-opacity":"","overlay-gradient":""},"tablet":{"background-color":"","background-image":"","background-repeat":"repeat","background-position":"center center","background-size":"auto","background-attachment":"scroll","background-type":"","background-media":"","overlay-type":"","overlay-color":"","overlay-opacity":"","overlay-gradient":""},"mobile":{"background-color":"","background-image":"","background-repeat":"repeat","background-position":"center center","background-size":"auto","background-attachment":"scroll","background-type":"","background-media":"","overlay-type":"","overlay-color":"","overlay-opacity":"","overlay-gradient":""}},"ast-content-background-meta":{"desktop":{"background-color":"var(--ast-global-color-5)","background-image":"","background-repeat":"repeat","background-position":"center center","background-size":"auto","background-attachment":"scroll","background-type":"","background-media":"","overlay-type":"","overlay-color":"","overlay-opacity":"","overlay-gradient":""},"tablet":{"background-color":"var(--ast-global-color-5)","background-image":"","background-repeat":"repeat","background-position":"center center","background-size":"auto","background-attachment":"scroll","background-type":"","background-media":"","overlay-type":"","overlay-color":"","overlay-opacity":"","overlay-gradient":""},"mobile":{"background-color":"var(--ast-global-color-5)","background-image":"","background-repeat":"repeat","background-position":"center center","background-size":"auto","background-attachment":"scroll","background-type":"","background-media":"","overlay-type":"","overlay-color":"","overlay-opacity":"","overlay-gradient":""}},"footnotes":""},"categories":[31,29],"tags":[],"class_list":["post-720","post","type-post","status-publish","format-standard","has-post-thumbnail","hentry","category-afa","category-portada"],"post_mailing_queue_ids":[],"_links":{"self":[{"href":"https:\/\/agora.xtec.cat\/ieslamallola\/wp-json\/wp\/v2\/posts\/720","targetHints":{"allow":["GET"]}}],"collection":[{"href":"https:\/\/agora.xtec.cat\/ieslamallola\/wp-json\/wp\/v2\/posts"}],"about":[{"href":"https:\/\/agora.xtec.cat\/ieslamallola\/wp-json\/wp\/v2\/types\/post"}],"author":[{"embeddable":true,"href":"https:\/\/agora.xtec.cat\/ieslamallola\/wp-json\/wp\/v2\/users\/1"}],"replies":[{"embeddable":true,"href":"https:\/\/agora.xtec.cat\/ieslamallola\/wp-json\/wp\/v2\/comments?post=720"}],"version-history":[{"count":2,"href":"https:\/\/agora.xtec.cat\/ieslamallola\/wp-json\/wp\/v2\/posts\/720\/revisions"}],"predecessor-version":[{"id":723,"href":"https:\/\/agora.xtec.cat\/ieslamallola\/wp-json\/wp\/v2\/posts\/720\/revisions\/723"}],"wp:featuredmedia":[{"embeddable":true,"href":"https:\/\/agora.xtec.cat\/ieslamallola\/wp-json\/wp\/v2\/media\/721"}],"wp:attachment":[{"href":"https:\/\/agora.xtec.cat\/ieslamallola\/wp-json\/wp\/v2\/media?parent=720"}],"wp:term":[{"taxonomy":"category","embeddable":true,"href":"https:\/\/agora.xtec.cat\/ieslamallola\/wp-json\/wp\/v2\/categories?post=720"},{"taxonomy":"post_tag","embeddable":true,"href":"https:\/\/agora.xtec.cat\/ieslamallola\/wp-json\/wp\/v2\/tags?post=720"}],"curies":[{"name":"wp","href":"https:\/\/api.w.org\/{rel}","templated":true}]}}