{"id":646,"date":"2017-11-11T19:33:21","date_gmt":"2017-11-11T18:33:21","guid":{"rendered":"http:\/\/agora.xtec.cat\/ieslamallola\/?p=646"},"modified":"2017-11-11T19:33:43","modified_gmt":"2017-11-11T18:33:43","slug":"transformem-fapac-candidatura-guanyadora","status":"publish","type":"post","link":"https:\/\/agora.xtec.cat\/ieslamallola\/afa\/transformem-fapac-candidatura-guanyadora\/","title":{"rendered":"&#8220;Transformem FaPaC&#8221;, candidatura guanyadora"},"content":{"rendered":"<p style=\"text-align: justify;\">La candidatura &#8220;transformadora en defensa de l&#8217;educaci\u00f3 p\u00fablica&#8221; ha estat guanyadora en les eleccions per renovar part de la junta general de la federaci\u00f3. Encap\u00e7alada per Bel\u00e9n Tasc\u00f3n, tamb\u00e9 est\u00e0 formada per altres mares i pares:\u00a0<strong>Xavier Pedrol, N\u00faria Mu\u00f1oz, Carles Benito, Carme Roca, Javier Castell\u00f3, X\u00e8nia Amor\u00f3s, Marina Gassol, Andrea Tuset, Laurat Cabot<\/strong>. Les persones que formen l&#8217;equip asseguren creure en el &#8220;debat cr\u00edtic, participatiu, radical, c\u00e0lid, feminista i emocionant&#8221;, i recorden lluitar &#8220;contra la privatitzaci\u00f3, la mercantilitzaci\u00f3, la desinversi\u00f3, la segregaci\u00f3 i l&#8217;externalitzaci\u00f3&#8221;.<\/p>\n<p style=\"text-align: justify;\"><a href=\"http:\/\/agora.xtec.cat\/ieslamallola\/wp-content\/uploads\/usu515\/2017\/11\/candidatura-fapac-CDR.jpg\"><img loading=\"lazy\" decoding=\"async\" class=\"alignnone size-full wp-image-647\" src=\"http:\/\/agora.xtec.cat\/ieslamallola\/wp-content\/uploads\/usu515\/2017\/11\/candidatura-fapac-CDR.jpg\" alt=\"\" width=\"571\" height=\"800\" srcset=\"https:\/\/agora.xtec.cat\/ieslamallola\/wp-content\/uploads\/usu515\/2017\/11\/candidatura-fapac-CDR.jpg 571w, https:\/\/agora.xtec.cat\/ieslamallola\/wp-content\/uploads\/usu515\/2017\/11\/candidatura-fapac-CDR-214x300.jpg 214w\" sizes=\"auto, (max-width: 571px) 100vw, 571px\" \/><\/a><a href=\"http:\/\/agora.xtec.cat\/ieslamallola\/wp-content\/uploads\/usu515\/2017\/11\/candidatura-fapac-CDR-text.jpg\"><img loading=\"lazy\" decoding=\"async\" class=\"alignnone size-full wp-image-648\" src=\"http:\/\/agora.xtec.cat\/ieslamallola\/wp-content\/uploads\/usu515\/2017\/11\/candidatura-fapac-CDR-text.jpg\" alt=\"\" width=\"571\" height=\"800\" srcset=\"https:\/\/agora.xtec.cat\/ieslamallola\/wp-content\/uploads\/usu515\/2017\/11\/candidatura-fapac-CDR-text.jpg 571w, https:\/\/agora.xtec.cat\/ieslamallola\/wp-content\/uploads\/usu515\/2017\/11\/candidatura-fapac-CDR-text-214x300.jpg 214w\" sizes=\"auto, (max-width: 571px) 100vw, 571px\" \/><\/a><\/p>\n","protected":false},"excerpt":{"rendered":"<p>La candidatura &#8220;transformadora en defensa de l&#8217;educaci\u00f3 p\u00fablica&#8221; ha estat guanyadora en les eleccions per renovar part de la junta general de la federaci\u00f3. Encap\u00e7alada per Bel\u00e9n Tasc\u00f3n, tamb\u00e9 est\u00e0 formada per altres mares i pares:\u00a0Xavier Pedrol, N\u00faria Mu\u00f1oz, Carles Benito, Carme Roca, Javier Castell\u00f3, X\u00e8nia Amor\u00f3s, Marina Gassol, Andrea Tuset, Laurat Cabot. Les persones [&hellip;]<\/p>\n","protected":false},"author":1,"featured_media":0,"comment_status":"open","ping_status":"closed","sticky":false,"template":"","format":"standard","meta":{"_bbp_topic_count":0,"_bbp_reply_count":0,"_bbp_total_topic_count":0,"_bbp_total_reply_count":0,"_bbp_voice_count":0,"_bbp_anonymous_reply_count":0,"_bbp_topic_count_hidden":0,"_bbp_reply_count_hidden":0,"_bbp_forum_subforum_count":0,"site-sidebar-layout":"default","site-content-layout":"","ast-site-content-layout":"","site-content-style":"default","site-sidebar-style":"default","ast-global-header-display":"","ast-banner-title-visibility":"","ast-main-header-display":"","ast-hfb-above-header-display":"","ast-hfb-below-header-display":"","ast-hfb-mobile-header-display":"","site-post-title":"","ast-breadcrumbs-content":"","ast-featured-img":"","footer-sml-layout":"","theme-transparent-header-meta":"","adv-header-id-meta":"","stick-header-meta":"","header-above-stick-meta":"","header-main-stick-meta":"","header-below-stick-meta":"","astra-migrate-meta-layouts":"default","ast-page-background-enabled":"default","ast-page-background-meta":{"desktop":{"background-color":"var(--ast-global-color-4)","background-image":"","background-repeat":"repeat","background-position":"center center","background-size":"auto","background-attachment":"scroll","background-type":"","background-media":"","overlay-type":"","overlay-color":"","overlay-opacity":"","overlay-gradient":""},"tablet":{"background-color":"","background-image":"","background-repeat":"repeat","background-position":"center center","background-size":"auto","background-attachment":"scroll","background-type":"","background-media":"","overlay-type":"","overlay-color":"","overlay-opacity":"","overlay-gradient":""},"mobile":{"background-color":"","background-image":"","background-repeat":"repeat","background-position":"center center","background-size":"auto","background-attachment":"scroll","background-type":"","background-media":"","overlay-type":"","overlay-color":"","overlay-opacity":"","overlay-gradient":""}},"ast-content-background-meta":{"desktop":{"background-color":"var(--ast-global-color-5)","background-image":"","background-repeat":"repeat","background-position":"center center","background-size":"auto","background-attachment":"scroll","background-type":"","background-media":"","overlay-type":"","overlay-color":"","overlay-opacity":"","overlay-gradient":""},"tablet":{"background-color":"var(--ast-global-color-5)","background-image":"","background-repeat":"repeat","background-position":"center center","background-size":"auto","background-attachment":"scroll","background-type":"","background-media":"","overlay-type":"","overlay-color":"","overlay-opacity":"","overlay-gradient":""},"mobile":{"background-color":"var(--ast-global-color-5)","background-image":"","background-repeat":"repeat","background-position":"center center","background-size":"auto","background-attachment":"scroll","background-type":"","background-media":"","overlay-type":"","overlay-color":"","overlay-opacity":"","overlay-gradient":""}},"footnotes":""},"categories":[31],"tags":[],"class_list":["post-646","post","type-post","status-publish","format-standard","hentry","category-afa"],"post_mailing_queue_ids":[],"_links":{"self":[{"href":"https:\/\/agora.xtec.cat\/ieslamallola\/wp-json\/wp\/v2\/posts\/646","targetHints":{"allow":["GET"]}}],"collection":[{"href":"https:\/\/agora.xtec.cat\/ieslamallola\/wp-json\/wp\/v2\/posts"}],"about":[{"href":"https:\/\/agora.xtec.cat\/ieslamallola\/wp-json\/wp\/v2\/types\/post"}],"author":[{"embeddable":true,"href":"https:\/\/agora.xtec.cat\/ieslamallola\/wp-json\/wp\/v2\/users\/1"}],"replies":[{"embeddable":true,"href":"https:\/\/agora.xtec.cat\/ieslamallola\/wp-json\/wp\/v2\/comments?post=646"}],"version-history":[{"count":1,"href":"https:\/\/agora.xtec.cat\/ieslamallola\/wp-json\/wp\/v2\/posts\/646\/revisions"}],"predecessor-version":[{"id":649,"href":"https:\/\/agora.xtec.cat\/ieslamallola\/wp-json\/wp\/v2\/posts\/646\/revisions\/649"}],"wp:attachment":[{"href":"https:\/\/agora.xtec.cat\/ieslamallola\/wp-json\/wp\/v2\/media?parent=646"}],"wp:term":[{"taxonomy":"category","embeddable":true,"href":"https:\/\/agora.xtec.cat\/ieslamallola\/wp-json\/wp\/v2\/categories?post=646"},{"taxonomy":"post_tag","embeddable":true,"href":"https:\/\/agora.xtec.cat\/ieslamallola\/wp-json\/wp\/v2\/tags?post=646"}],"curies":[{"name":"wp","href":"https:\/\/api.w.org\/{rel}","templated":true}]}}