{"id":5408,"date":"2026-04-22T17:32:02","date_gmt":"2026-04-22T15:32:02","guid":{"rendered":"https:\/\/agora.xtec.cat\/ieslamallola\/?p=5408"},"modified":"2026-04-27T08:52:41","modified_gmt":"2026-04-27T06:52:41","slug":"lliga-de-debat","status":"publish","type":"post","link":"https:\/\/agora.xtec.cat\/ieslamallola\/general\/lliga-de-debat\/","title":{"rendered":"Lliga de debat"},"content":{"rendered":"\n<figure class=\"wp-block-image size-large\"><a href=\"https:\/\/agora.xtec.cat\/ieslamallola\/wp-content\/uploads\/usu515\/2026\/04\/EEB2C24C-64E5-4AAB-B9C4-9B93DAAF33CE.png\"><img loading=\"lazy\" decoding=\"async\" width=\"1024\" height=\"683\" src=\"https:\/\/agora.xtec.cat\/ieslamallola\/wp-content\/uploads\/usu515\/2026\/04\/EEB2C24C-64E5-4AAB-B9C4-9B93DAAF33CE-1024x683.png\" alt=\"\" class=\"wp-image-5409\" srcset=\"https:\/\/agora.xtec.cat\/ieslamallola\/wp-content\/uploads\/usu515\/2026\/04\/EEB2C24C-64E5-4AAB-B9C4-9B93DAAF33CE-1024x683.png 1024w, https:\/\/agora.xtec.cat\/ieslamallola\/wp-content\/uploads\/usu515\/2026\/04\/EEB2C24C-64E5-4AAB-B9C4-9B93DAAF33CE-300x200.png 300w, https:\/\/agora.xtec.cat\/ieslamallola\/wp-content\/uploads\/usu515\/2026\/04\/EEB2C24C-64E5-4AAB-B9C4-9B93DAAF33CE-768x512.png 768w, https:\/\/agora.xtec.cat\/ieslamallola\/wp-content\/uploads\/usu515\/2026\/04\/EEB2C24C-64E5-4AAB-B9C4-9B93DAAF33CE.png 1536w\" sizes=\"auto, (max-width: 1024px) 100vw, 1024px\" \/><\/a><\/figure>\n\n\n\n<h3 class=\"wp-block-heading\"><strong>&nbsp;Excel\u00b7lent traject\u00f2ria a la Lliga de Debat de la Xarxa Vives d\u2019Universitats<\/strong><\/h3>\n\n\n\n<p>L\u2019equip de Lliga de Debat de l\u2019Institut La Mallola ha assolit un&nbsp;<strong>resultat extraordinari<\/strong>, situant-se&nbsp;<strong>entre els 4 millors equips de 196 participants<\/strong>&nbsp;en la competici\u00f3 de la Xarxa Vives d\u2019Universitats.<\/p>\n\n\n\n<p>Amb un balan\u00e7 de&nbsp;<strong>10 vict\u00f2ries en 11 debats<\/strong>&nbsp;i arribant fins a les&nbsp;<strong>semifinals<\/strong>, l\u2019alumnat ha demostrat un alt nivell en compet\u00e8ncies clau com&nbsp;<strong>l\u2019orat\u00f2ria, la capacitat d\u2019argumentaci\u00f3 i el pensament cr\u00edtic<\/strong>.<\/p>\n\n\n\n<p>M\u00e9s enll\u00e0 dels resultats, cal destacar la import\u00e0ncia del proc\u00e9s: la preparaci\u00f3 dels debats implica&nbsp;<strong>investigar, contrastar informaci\u00f3, estructurar idees i construir discursos s\u00f2lids i coherents<\/strong>. Aquest treball previ \u00e9s essencial per aprendre a expressar-se amb rigor, defensar posicionaments i escoltar activament els altres.<\/p>\n\n\n\n<p>La Lliga de Debat esdev\u00e9 aix\u00ed una eina pedag\u00f2gica de gran valor, que permet a l\u2019alumnat desenvolupar habilitats comunicatives fonamentals per al seu futur acad\u00e8mic i personal. La capacitat de&nbsp;<strong>parlar en p\u00fablic, argumentar amb criteri i adaptar el discurs a diferents situacions<\/strong>&nbsp;\u00e9s avui m\u00e9s necess\u00e0ria que mai.<\/p>\n\n\n\n<p>Des del centre, volem posar en valor no nom\u00e9s el resultat final, sin\u00f3 sobretot&nbsp;<strong>la const\u00e0ncia, el comprom\u00eds i el treball en equip<\/strong>&nbsp;que han fet possible aquesta fita. L\u2019alumnat ha representat l\u2019Institut amb una gran professionalitat, convertint-se en un exemple per a la resta de la comunitat educativa.<\/p>\n\n\n\n<p>Una experi\u00e8ncia que demostra que educar tamb\u00e9 \u00e9s&nbsp;<strong>aprendre a pensar, a expressar-se i a construir discurs<\/strong>.&nbsp;<img decoding=\"async\" alt=\"\ud83d\udc9b\" src=\"https:\/\/fonts.gstatic.com\/s\/e\/notoemoji\/17.0\/1f49b\/72.png\"><\/p>\n","protected":false},"excerpt":{"rendered":"<p>&nbsp;Excel\u00b7lent traject\u00f2ria a la Lliga de Debat de la Xarxa Vives d\u2019Universitats L\u2019equip de Lliga de Debat de l\u2019Institut La Mallola ha assolit un&nbsp;resultat extraordinari, situant-se&nbsp;entre els 4 millors equips de 196 participants&nbsp;en la competici\u00f3 de la Xarxa Vives d\u2019Universitats. Amb un balan\u00e7 de&nbsp;10 vict\u00f2ries en 11 debats&nbsp;i arribant fins a les&nbsp;semifinals, l\u2019alumnat ha demostrat [&hellip;]<\/p>\n","protected":false},"author":1,"featured_media":0,"comment_status":"open","ping_status":"open","sticky":false,"template":"","format":"standard","meta":{"_bbp_topic_count":0,"_bbp_reply_count":0,"_bbp_total_topic_count":0,"_bbp_total_reply_count":0,"_bbp_voice_count":0,"_bbp_anonymous_reply_count":0,"_bbp_topic_count_hidden":0,"_bbp_reply_count_hidden":0,"_bbp_forum_subforum_count":0,"site-sidebar-layout":"default","site-content-layout":"","ast-site-content-layout":"default","site-content-style":"default","site-sidebar-style":"default","ast-global-header-display":"","ast-banner-title-visibility":"","ast-main-header-display":"","ast-hfb-above-header-display":"","ast-hfb-below-header-display":"","ast-hfb-mobile-header-display":"","site-post-title":"","ast-breadcrumbs-content":"","ast-featured-img":"","footer-sml-layout":"","theme-transparent-header-meta":"","adv-header-id-meta":"","stick-header-meta":"","header-above-stick-meta":"","header-main-stick-meta":"","header-below-stick-meta":"","astra-migrate-meta-layouts":"set","ast-page-background-enabled":"default","ast-page-background-meta":{"desktop":{"background-color":"var(--ast-global-color-4)","background-image":"","background-repeat":"repeat","background-position":"center center","background-size":"auto","background-attachment":"scroll","background-type":"","background-media":"","overlay-type":"","overlay-color":"","overlay-opacity":"","overlay-gradient":""},"tablet":{"background-color":"","background-image":"","background-repeat":"repeat","background-position":"center center","background-size":"auto","background-attachment":"scroll","background-type":"","background-media":"","overlay-type":"","overlay-color":"","overlay-opacity":"","overlay-gradient":""},"mobile":{"background-color":"","background-image":"","background-repeat":"repeat","background-position":"center center","background-size":"auto","background-attachment":"scroll","background-type":"","background-media":"","overlay-type":"","overlay-color":"","overlay-opacity":"","overlay-gradient":""}},"ast-content-background-meta":{"desktop":{"background-color":"var(--ast-global-color-5)","background-image":"","background-repeat":"repeat","background-position":"center center","background-size":"auto","background-attachment":"scroll","background-type":"","background-media":"","overlay-type":"","overlay-color":"","overlay-opacity":"","overlay-gradient":""},"tablet":{"background-color":"var(--ast-global-color-5)","background-image":"","background-repeat":"repeat","background-position":"center center","background-size":"auto","background-attachment":"scroll","background-type":"","background-media":"","overlay-type":"","overlay-color":"","overlay-opacity":"","overlay-gradient":""},"mobile":{"background-color":"var(--ast-global-color-5)","background-image":"","background-repeat":"repeat","background-position":"center center","background-size":"auto","background-attachment":"scroll","background-type":"","background-media":"","overlay-type":"","overlay-color":"","overlay-opacity":"","overlay-gradient":""}},"footnotes":""},"categories":[8,1,29],"tags":[108,89,101,39],"class_list":["post-5408","post","type-post","status-publish","format-standard","hentry","category-batxillerat","category-general","category-portada","tag-batxillerat","tag-concursos","tag-records-vius","tag-sortides"],"post_mailing_queue_ids":[],"_links":{"self":[{"href":"https:\/\/agora.xtec.cat\/ieslamallola\/wp-json\/wp\/v2\/posts\/5408","targetHints":{"allow":["GET"]}}],"collection":[{"href":"https:\/\/agora.xtec.cat\/ieslamallola\/wp-json\/wp\/v2\/posts"}],"about":[{"href":"https:\/\/agora.xtec.cat\/ieslamallola\/wp-json\/wp\/v2\/types\/post"}],"author":[{"embeddable":true,"href":"https:\/\/agora.xtec.cat\/ieslamallola\/wp-json\/wp\/v2\/users\/1"}],"replies":[{"embeddable":true,"href":"https:\/\/agora.xtec.cat\/ieslamallola\/wp-json\/wp\/v2\/comments?post=5408"}],"version-history":[{"count":2,"href":"https:\/\/agora.xtec.cat\/ieslamallola\/wp-json\/wp\/v2\/posts\/5408\/revisions"}],"predecessor-version":[{"id":5412,"href":"https:\/\/agora.xtec.cat\/ieslamallola\/wp-json\/wp\/v2\/posts\/5408\/revisions\/5412"}],"wp:attachment":[{"href":"https:\/\/agora.xtec.cat\/ieslamallola\/wp-json\/wp\/v2\/media?parent=5408"}],"wp:term":[{"taxonomy":"category","embeddable":true,"href":"https:\/\/agora.xtec.cat\/ieslamallola\/wp-json\/wp\/v2\/categories?post=5408"},{"taxonomy":"post_tag","embeddable":true,"href":"https:\/\/agora.xtec.cat\/ieslamallola\/wp-json\/wp\/v2\/tags?post=5408"}],"curies":[{"name":"wp","href":"https:\/\/api.w.org\/{rel}","templated":true}]}}