{"id":5017,"date":"2025-10-22T18:27:34","date_gmt":"2025-10-22T16:27:34","guid":{"rendered":"https:\/\/agora.xtec.cat\/ieslamallola\/?p=5017"},"modified":"2025-10-22T18:28:19","modified_gmt":"2025-10-22T16:28:19","slug":"premi-el-gust-per-la-lectura","status":"publish","type":"post","link":"https:\/\/agora.xtec.cat\/ieslamallola\/biblioteca\/premi-el-gust-per-la-lectura\/","title":{"rendered":"Premi El gust per la lectura"},"content":{"rendered":"<p>El curs passat quatre alumnes de 2n ESO del nostre institut van quedar finalistes en la seva categoria al concurs &#8220;El gust per la lectura&#8221;. El premi va consistir en un val de 100 euros per a la compra de llibres durant la Setmana del Llibre en Catal\u00e0. El passat 23 de setembre una comissi\u00f3 del nostre institut va poder seleccionar els llibres, i fa uns dies les nostres guanyadores van poder recollir-los a la nova biblioteca del centre.<\/p>\n<p>Aqu\u00ed podeu veure una imatge de la Lucia Mallas\u00e9n, la J\u00falia Vaquero, la Noa Ram\u00edrez i l&#8217;Andrea Ruiz recollint els seus llibres. Les acompanya Mar\u00eda Pin, referent de la Bibliteca del centre. A l&#8217;acte de lliurament va assistir tamb\u00e9 Isabel Jim\u00e9nez, la Directora de l&#8217;Institut.<\/p>\n<p><a href=\"https:\/\/agora.xtec.cat\/ieslamallola\/wp-content\/uploads\/usu515\/2025\/10\/Gust-per-la-lectura.jpg\"><img loading=\"lazy\" decoding=\"async\" class=\"alignnone size-full wp-image-5018\" src=\"https:\/\/agora.xtec.cat\/ieslamallola\/wp-content\/uploads\/usu515\/2025\/10\/Gust-per-la-lectura.jpg\" alt=\"\" width=\"501\" height=\"360\" srcset=\"https:\/\/agora.xtec.cat\/ieslamallola\/wp-content\/uploads\/usu515\/2025\/10\/Gust-per-la-lectura.jpg 501w, https:\/\/agora.xtec.cat\/ieslamallola\/wp-content\/uploads\/usu515\/2025\/10\/Gust-per-la-lectura-300x216.jpg 300w\" sizes=\"auto, (max-width: 501px) 100vw, 501px\" \/><\/a><\/p>\n","protected":false},"excerpt":{"rendered":"<p>El curs passat quatre alumnes de 2n ESO del nostre institut van quedar finalistes en la seva categoria al concurs &#8220;El gust per la lectura&#8221;. El premi va consistir en un val de 100 euros per a la compra de llibres durant la Setmana del Llibre en Catal\u00e0. El passat 23 de setembre una comissi\u00f3 [&hellip;]<\/p>\n","protected":false},"author":30,"featured_media":0,"comment_status":"open","ping_status":"open","sticky":false,"template":"","format":"standard","meta":{"_bbp_topic_count":0,"_bbp_reply_count":0,"_bbp_total_topic_count":0,"_bbp_total_reply_count":0,"_bbp_voice_count":0,"_bbp_anonymous_reply_count":0,"_bbp_topic_count_hidden":0,"_bbp_reply_count_hidden":0,"_bbp_forum_subforum_count":0,"site-sidebar-layout":"default","site-content-layout":"","ast-site-content-layout":"default","site-content-style":"default","site-sidebar-style":"default","ast-global-header-display":"","ast-banner-title-visibility":"","ast-main-header-display":"","ast-hfb-above-header-display":"","ast-hfb-below-header-display":"","ast-hfb-mobile-header-display":"","site-post-title":"","ast-breadcrumbs-content":"","ast-featured-img":"","footer-sml-layout":"","theme-transparent-header-meta":"default","adv-header-id-meta":"","stick-header-meta":"","header-above-stick-meta":"","header-main-stick-meta":"","header-below-stick-meta":"","astra-migrate-meta-layouts":"set","ast-page-background-enabled":"default","ast-page-background-meta":{"desktop":{"background-color":"var(--ast-global-color-4)","background-image":"","background-repeat":"repeat","background-position":"center center","background-size":"auto","background-attachment":"scroll","background-type":"","background-media":"","overlay-type":"","overlay-color":"","overlay-opacity":"","overlay-gradient":""},"tablet":{"background-color":"","background-image":"","background-repeat":"repeat","background-position":"center center","background-size":"auto","background-attachment":"scroll","background-type":"","background-media":"","overlay-type":"","overlay-color":"","overlay-opacity":"","overlay-gradient":""},"mobile":{"background-color":"","background-image":"","background-repeat":"repeat","background-position":"center center","background-size":"auto","background-attachment":"scroll","background-type":"","background-media":"","overlay-type":"","overlay-color":"","overlay-opacity":"","overlay-gradient":""}},"ast-content-background-meta":{"desktop":{"background-color":"var(--ast-global-color-5)","background-image":"","background-repeat":"repeat","background-position":"center center","background-size":"auto","background-attachment":"scroll","background-type":"","background-media":"","overlay-type":"","overlay-color":"","overlay-opacity":"","overlay-gradient":""},"tablet":{"background-color":"var(--ast-global-color-5)","background-image":"","background-repeat":"repeat","background-position":"center center","background-size":"auto","background-attachment":"scroll","background-type":"","background-media":"","overlay-type":"","overlay-color":"","overlay-opacity":"","overlay-gradient":""},"mobile":{"background-color":"var(--ast-global-color-5)","background-image":"","background-repeat":"repeat","background-position":"center center","background-size":"auto","background-attachment":"scroll","background-type":"","background-media":"","overlay-type":"","overlay-color":"","overlay-opacity":"","overlay-gradient":""}},"footnotes":""},"categories":[185],"tags":[],"class_list":["post-5017","post","type-post","status-publish","format-standard","hentry","category-biblioteca"],"post_mailing_queue_ids":[],"_links":{"self":[{"href":"https:\/\/agora.xtec.cat\/ieslamallola\/wp-json\/wp\/v2\/posts\/5017","targetHints":{"allow":["GET"]}}],"collection":[{"href":"https:\/\/agora.xtec.cat\/ieslamallola\/wp-json\/wp\/v2\/posts"}],"about":[{"href":"https:\/\/agora.xtec.cat\/ieslamallola\/wp-json\/wp\/v2\/types\/post"}],"author":[{"embeddable":true,"href":"https:\/\/agora.xtec.cat\/ieslamallola\/wp-json\/wp\/v2\/users\/30"}],"replies":[{"embeddable":true,"href":"https:\/\/agora.xtec.cat\/ieslamallola\/wp-json\/wp\/v2\/comments?post=5017"}],"version-history":[{"count":3,"href":"https:\/\/agora.xtec.cat\/ieslamallola\/wp-json\/wp\/v2\/posts\/5017\/revisions"}],"predecessor-version":[{"id":5020,"href":"https:\/\/agora.xtec.cat\/ieslamallola\/wp-json\/wp\/v2\/posts\/5017\/revisions\/5020"}],"wp:attachment":[{"href":"https:\/\/agora.xtec.cat\/ieslamallola\/wp-json\/wp\/v2\/media?parent=5017"}],"wp:term":[{"taxonomy":"category","embeddable":true,"href":"https:\/\/agora.xtec.cat\/ieslamallola\/wp-json\/wp\/v2\/categories?post=5017"},{"taxonomy":"post_tag","embeddable":true,"href":"https:\/\/agora.xtec.cat\/ieslamallola\/wp-json\/wp\/v2\/tags?post=5017"}],"curies":[{"name":"wp","href":"https:\/\/api.w.org\/{rel}","templated":true}]}}