{"id":4951,"date":"2025-09-26T10:11:20","date_gmt":"2025-09-26T08:11:20","guid":{"rendered":"https:\/\/agora.xtec.cat\/ieslamallola\/?p=4951"},"modified":"2025-09-26T10:11:24","modified_gmt":"2025-09-26T08:11:24","slug":"reunio-viatge-dublin-3r-eso","status":"publish","type":"post","link":"https:\/\/agora.xtec.cat\/ieslamallola\/eso\/reunio-viatge-dublin-3r-eso\/","title":{"rendered":"Reuni\u00f3 viatge Dubl\u00edn 3r ESO"},"content":{"rendered":"<p>Fam\u00edlies de 3r d&#8217;ESO!<br \/>\nEl proper dimarts 30 de setembre farem una reuni\u00f3 informativa per les fam\u00edlies de l&#8217;alumnat que viatja a Dublin. La reuni\u00f3 ser\u00e0 a les 18h a l&#8217;aula de 3r d&#8217;ESO A. Per raons d&#8217;espai, \u00e9s important que assisteixi a la reuni\u00f3 un membre de cada fam\u00edlia.<br \/>\nSee you soon!<\/p>\n<p><a href=\"https:\/\/agora.xtec.cat\/ieslamallola\/eso\/reunio-viatge-dublin-3r-eso\/attachment\/publicacio-dinstagram-reunio-de-pares-escola-infantil-blau\/\" rel=\"attachment wp-att-4952\"><img loading=\"lazy\" decoding=\"async\" src=\"https:\/\/agora.xtec.cat\/ieslamallola\/wp-content\/uploads\/usu515\/2025\/09\/Publicacio-dInstagram-reunio-de-pares-escola-infantil-blau.png\" alt=\"\" width=\"1080\" height=\"1080\" class=\"alignnone size-full wp-image-4952\" srcset=\"https:\/\/agora.xtec.cat\/ieslamallola\/wp-content\/uploads\/usu515\/2025\/09\/Publicacio-dInstagram-reunio-de-pares-escola-infantil-blau.png 1080w, https:\/\/agora.xtec.cat\/ieslamallola\/wp-content\/uploads\/usu515\/2025\/09\/Publicacio-dInstagram-reunio-de-pares-escola-infantil-blau-300x300.png 300w, https:\/\/agora.xtec.cat\/ieslamallola\/wp-content\/uploads\/usu515\/2025\/09\/Publicacio-dInstagram-reunio-de-pares-escola-infantil-blau-1024x1024.png 1024w, https:\/\/agora.xtec.cat\/ieslamallola\/wp-content\/uploads\/usu515\/2025\/09\/Publicacio-dInstagram-reunio-de-pares-escola-infantil-blau-150x150.png 150w, https:\/\/agora.xtec.cat\/ieslamallola\/wp-content\/uploads\/usu515\/2025\/09\/Publicacio-dInstagram-reunio-de-pares-escola-infantil-blau-768x768.png 768w\" sizes=\"auto, (max-width: 1080px) 100vw, 1080px\" \/><\/a><\/p>\n","protected":false},"excerpt":{"rendered":"<p>Fam\u00edlies de 3r d&#8217;ESO! El proper dimarts 30 de setembre farem una reuni\u00f3 informativa per les fam\u00edlies de l&#8217;alumnat que viatja a Dublin. La reuni\u00f3 ser\u00e0 a les 18h a l&#8217;aula de 3r d&#8217;ESO A. Per raons d&#8217;espai, \u00e9s important que assisteixi a la reuni\u00f3 un membre de cada fam\u00edlia. See you soon!<\/p>\n","protected":false},"author":1,"featured_media":0,"comment_status":"open","ping_status":"open","sticky":false,"template":"","format":"standard","meta":{"_bbp_topic_count":0,"_bbp_reply_count":0,"_bbp_total_topic_count":0,"_bbp_total_reply_count":0,"_bbp_voice_count":0,"_bbp_anonymous_reply_count":0,"_bbp_topic_count_hidden":0,"_bbp_reply_count_hidden":0,"_bbp_forum_subforum_count":0,"site-sidebar-layout":"default","site-content-layout":"","ast-site-content-layout":"default","site-content-style":"default","site-sidebar-style":"default","ast-global-header-display":"","ast-banner-title-visibility":"","ast-main-header-display":"","ast-hfb-above-header-display":"","ast-hfb-below-header-display":"","ast-hfb-mobile-header-display":"","site-post-title":"","ast-breadcrumbs-content":"","ast-featured-img":"","footer-sml-layout":"","theme-transparent-header-meta":"default","adv-header-id-meta":"","stick-header-meta":"","header-above-stick-meta":"","header-main-stick-meta":"","header-below-stick-meta":"","astra-migrate-meta-layouts":"set","ast-page-background-enabled":"default","ast-page-background-meta":{"desktop":{"background-color":"var(--ast-global-color-4)","background-image":"","background-repeat":"repeat","background-position":"center center","background-size":"auto","background-attachment":"scroll","background-type":"","background-media":"","overlay-type":"","overlay-color":"","overlay-opacity":"","overlay-gradient":""},"tablet":{"background-color":"","background-image":"","background-repeat":"repeat","background-position":"center center","background-size":"auto","background-attachment":"scroll","background-type":"","background-media":"","overlay-type":"","overlay-color":"","overlay-opacity":"","overlay-gradient":""},"mobile":{"background-color":"","background-image":"","background-repeat":"repeat","background-position":"center center","background-size":"auto","background-attachment":"scroll","background-type":"","background-media":"","overlay-type":"","overlay-color":"","overlay-opacity":"","overlay-gradient":""}},"ast-content-background-meta":{"desktop":{"background-color":"var(--ast-global-color-5)","background-image":"","background-repeat":"repeat","background-position":"center center","background-size":"auto","background-attachment":"scroll","background-type":"","background-media":"","overlay-type":"","overlay-color":"","overlay-opacity":"","overlay-gradient":""},"tablet":{"background-color":"var(--ast-global-color-5)","background-image":"","background-repeat":"repeat","background-position":"center center","background-size":"auto","background-attachment":"scroll","background-type":"","background-media":"","overlay-type":"","overlay-color":"","overlay-opacity":"","overlay-gradient":""},"mobile":{"background-color":"var(--ast-global-color-5)","background-image":"","background-repeat":"repeat","background-position":"center center","background-size":"auto","background-attachment":"scroll","background-type":"","background-media":"","overlay-type":"","overlay-color":"","overlay-opacity":"","overlay-gradient":""}},"footnotes":""},"categories":[3],"tags":[],"class_list":["post-4951","post","type-post","status-publish","format-standard","hentry","category-eso"],"post_mailing_queue_ids":[],"_links":{"self":[{"href":"https:\/\/agora.xtec.cat\/ieslamallola\/wp-json\/wp\/v2\/posts\/4951","targetHints":{"allow":["GET"]}}],"collection":[{"href":"https:\/\/agora.xtec.cat\/ieslamallola\/wp-json\/wp\/v2\/posts"}],"about":[{"href":"https:\/\/agora.xtec.cat\/ieslamallola\/wp-json\/wp\/v2\/types\/post"}],"author":[{"embeddable":true,"href":"https:\/\/agora.xtec.cat\/ieslamallola\/wp-json\/wp\/v2\/users\/1"}],"replies":[{"embeddable":true,"href":"https:\/\/agora.xtec.cat\/ieslamallola\/wp-json\/wp\/v2\/comments?post=4951"}],"version-history":[{"count":2,"href":"https:\/\/agora.xtec.cat\/ieslamallola\/wp-json\/wp\/v2\/posts\/4951\/revisions"}],"predecessor-version":[{"id":4954,"href":"https:\/\/agora.xtec.cat\/ieslamallola\/wp-json\/wp\/v2\/posts\/4951\/revisions\/4954"}],"wp:attachment":[{"href":"https:\/\/agora.xtec.cat\/ieslamallola\/wp-json\/wp\/v2\/media?parent=4951"}],"wp:term":[{"taxonomy":"category","embeddable":true,"href":"https:\/\/agora.xtec.cat\/ieslamallola\/wp-json\/wp\/v2\/categories?post=4951"},{"taxonomy":"post_tag","embeddable":true,"href":"https:\/\/agora.xtec.cat\/ieslamallola\/wp-json\/wp\/v2\/tags?post=4951"}],"curies":[{"name":"wp","href":"https:\/\/api.w.org\/{rel}","templated":true}]}}