{"id":4934,"date":"2025-09-19T11:14:55","date_gmt":"2025-09-19T09:14:55","guid":{"rendered":"https:\/\/agora.xtec.cat\/ieslamallola\/?p=4934"},"modified":"2025-09-19T11:14:55","modified_gmt":"2025-09-19T09:14:55","slug":"mencions-proves-cangur","status":"publish","type":"post","link":"https:\/\/agora.xtec.cat\/ieslamallola\/portada\/mencions-proves-cangur\/","title":{"rendered":"Mencions Proves Cangur"},"content":{"rendered":"<div>Felicitem a l&#8217;alumnat de la Mallola que\u00a0<b>ha quedat classificat en el 5% millor de Catalunya a les proves Cangur<\/b>, unes proves de talent matem\u00e0tic d&#8217;\u00e0mbit internacional, organitzades per la Societat Catalana de Matem\u00e0tiques:<\/div>\n<div style=\"text-align: center;\">Sifaks\u00a0Hba Zeroual<\/div>\n<div style=\"text-align: center;\">Ahren Miquel Cuenca<\/div>\n<div style=\"text-align: center;\">Ona Estaregui Mend\u00eda<\/div>\n<div style=\"text-align: center;\">Luc\u00eda Martos Planell<\/div>\n<div style=\"text-align: center;\">Cesc Mart\u00ednez Dickhoff<\/div>\n<div style=\"text-align: center;\">Joel Raich Dom\u00ednguez<\/div>\n<div><\/div>\n<div>Els seg\u00fcents alumnes han obtingut una\u00a0<b>menci\u00f3 honor\u00edfica per quedar classificats en el 1% millor de Catalunya:\u00a0<\/b><\/div>\n<div><\/div>\n<div style=\"text-align: center;\">Cec\u00edlia Granadal Cobas<\/div>\n<div style=\"text-align: center;\">Isaac S\u00e1nchez Ortiz<\/div>\n<div><a href=\"https:\/\/agora.xtec.cat\/ieslamallola\/portada\/mencions-proves-cangur\/attachment\/kangur\/\" rel=\"attachment wp-att-4935\"><img loading=\"lazy\" decoding=\"async\" class=\"size-full wp-image-4935 aligncenter\" src=\"https:\/\/agora.xtec.cat\/ieslamallola\/wp-content\/uploads\/usu515\/2025\/09\/kangur.png\" alt=\"\" width=\"227\" height=\"210\" \/><\/a><\/div>\n","protected":false},"excerpt":{"rendered":"<p>Felicitem a l&#8217;alumnat de la Mallola que\u00a0ha quedat classificat en el 5% millor de Catalunya a les proves Cangur, unes proves de talent matem\u00e0tic d&#8217;\u00e0mbit internacional, organitzades per la Societat Catalana de Matem\u00e0tiques: Sifaks\u00a0Hba Zeroual Ahren Miquel Cuenca Ona Estaregui Mend\u00eda Luc\u00eda Martos Planell Cesc Mart\u00ednez Dickhoff Joel Raich Dom\u00ednguez Els seg\u00fcents alumnes han obtingut [&hellip;]<\/p>\n","protected":false},"author":1,"featured_media":0,"comment_status":"open","ping_status":"open","sticky":false,"template":"","format":"standard","meta":{"_bbp_topic_count":0,"_bbp_reply_count":0,"_bbp_total_topic_count":0,"_bbp_total_reply_count":0,"_bbp_voice_count":0,"_bbp_anonymous_reply_count":0,"_bbp_topic_count_hidden":0,"_bbp_reply_count_hidden":0,"_bbp_forum_subforum_count":0,"site-sidebar-layout":"default","site-content-layout":"","ast-site-content-layout":"default","site-content-style":"default","site-sidebar-style":"default","ast-global-header-display":"","ast-banner-title-visibility":"","ast-main-header-display":"","ast-hfb-above-header-display":"","ast-hfb-below-header-display":"","ast-hfb-mobile-header-display":"","site-post-title":"","ast-breadcrumbs-content":"","ast-featured-img":"","footer-sml-layout":"","theme-transparent-header-meta":"default","adv-header-id-meta":"","stick-header-meta":"","header-above-stick-meta":"","header-main-stick-meta":"","header-below-stick-meta":"","astra-migrate-meta-layouts":"set","ast-page-background-enabled":"default","ast-page-background-meta":{"desktop":{"background-color":"var(--ast-global-color-4)","background-image":"","background-repeat":"repeat","background-position":"center center","background-size":"auto","background-attachment":"scroll","background-type":"","background-media":"","overlay-type":"","overlay-color":"","overlay-opacity":"","overlay-gradient":""},"tablet":{"background-color":"","background-image":"","background-repeat":"repeat","background-position":"center center","background-size":"auto","background-attachment":"scroll","background-type":"","background-media":"","overlay-type":"","overlay-color":"","overlay-opacity":"","overlay-gradient":""},"mobile":{"background-color":"","background-image":"","background-repeat":"repeat","background-position":"center center","background-size":"auto","background-attachment":"scroll","background-type":"","background-media":"","overlay-type":"","overlay-color":"","overlay-opacity":"","overlay-gradient":""}},"ast-content-background-meta":{"desktop":{"background-color":"var(--ast-global-color-5)","background-image":"","background-repeat":"repeat","background-position":"center center","background-size":"auto","background-attachment":"scroll","background-type":"","background-media":"","overlay-type":"","overlay-color":"","overlay-opacity":"","overlay-gradient":""},"tablet":{"background-color":"var(--ast-global-color-5)","background-image":"","background-repeat":"repeat","background-position":"center center","background-size":"auto","background-attachment":"scroll","background-type":"","background-media":"","overlay-type":"","overlay-color":"","overlay-opacity":"","overlay-gradient":""},"mobile":{"background-color":"var(--ast-global-color-5)","background-image":"","background-repeat":"repeat","background-position":"center center","background-size":"auto","background-attachment":"scroll","background-type":"","background-media":"","overlay-type":"","overlay-color":"","overlay-opacity":"","overlay-gradient":""}},"footnotes":""},"categories":[29],"tags":[],"class_list":["post-4934","post","type-post","status-publish","format-standard","hentry","category-portada"],"post_mailing_queue_ids":[],"_links":{"self":[{"href":"https:\/\/agora.xtec.cat\/ieslamallola\/wp-json\/wp\/v2\/posts\/4934","targetHints":{"allow":["GET"]}}],"collection":[{"href":"https:\/\/agora.xtec.cat\/ieslamallola\/wp-json\/wp\/v2\/posts"}],"about":[{"href":"https:\/\/agora.xtec.cat\/ieslamallola\/wp-json\/wp\/v2\/types\/post"}],"author":[{"embeddable":true,"href":"https:\/\/agora.xtec.cat\/ieslamallola\/wp-json\/wp\/v2\/users\/1"}],"replies":[{"embeddable":true,"href":"https:\/\/agora.xtec.cat\/ieslamallola\/wp-json\/wp\/v2\/comments?post=4934"}],"version-history":[{"count":2,"href":"https:\/\/agora.xtec.cat\/ieslamallola\/wp-json\/wp\/v2\/posts\/4934\/revisions"}],"predecessor-version":[{"id":4937,"href":"https:\/\/agora.xtec.cat\/ieslamallola\/wp-json\/wp\/v2\/posts\/4934\/revisions\/4937"}],"wp:attachment":[{"href":"https:\/\/agora.xtec.cat\/ieslamallola\/wp-json\/wp\/v2\/media?parent=4934"}],"wp:term":[{"taxonomy":"category","embeddable":true,"href":"https:\/\/agora.xtec.cat\/ieslamallola\/wp-json\/wp\/v2\/categories?post=4934"},{"taxonomy":"post_tag","embeddable":true,"href":"https:\/\/agora.xtec.cat\/ieslamallola\/wp-json\/wp\/v2\/tags?post=4934"}],"curies":[{"name":"wp","href":"https:\/\/api.w.org\/{rel}","templated":true}]}}