{"id":4690,"date":"2024-06-26T17:10:42","date_gmt":"2024-06-26T15:10:42","guid":{"rendered":"https:\/\/agora.xtec.cat\/ieslamallola\/?p=4690"},"modified":"2024-06-26T17:10:43","modified_gmt":"2024-06-26T15:10:43","slug":"treball-de-sintesi-2n-deso-a-lestartit","status":"publish","type":"post","link":"https:\/\/agora.xtec.cat\/ieslamallola\/eso\/treball-de-sintesi-2n-deso-a-lestartit\/","title":{"rendered":"Treball de S\u00edntesi 2n d&#8217;ESO a l&#8217;Estartit"},"content":{"rendered":"<p>L&#8217;alumnat de segon d&#8217;ESO ha viscut tres dies fant\u00e0stics fent el treball de s\u00edntesi a l&#8217;Estartit. Han gaudit del temps i de les activitats que han fet en un entorn meravell\u00f3s on no nom\u00e9s han apr\u00e9s la import\u00e0ncia de preservar els espais naturals sin\u00f3 que tamb\u00e9 han gaudit d&#8217;una divertida sortida de conviv\u00e8ncia on fins i tot van anar a la discoteca!<\/p>\n<p><a href=\"https:\/\/agora.xtec.cat\/ieslamallola\/eso\/treball-de-sintesi-2n-deso-a-lestartit\/attachment\/whatsapp-image-2024-06-26-at-17-07-45-2\/\" rel=\"attachment wp-att-4691\"><img loading=\"lazy\" decoding=\"async\" class=\"alignnone size-full wp-image-4691\" src=\"https:\/\/agora.xtec.cat\/ieslamallola\/wp-content\/uploads\/usu515\/2024\/06\/WhatsApp-Image-2024-06-26-at-17.07.45-2.jpeg\" alt=\"\" width=\"1080\" height=\"1075\" srcset=\"https:\/\/agora.xtec.cat\/ieslamallola\/wp-content\/uploads\/usu515\/2024\/06\/WhatsApp-Image-2024-06-26-at-17.07.45-2.jpeg 1080w, https:\/\/agora.xtec.cat\/ieslamallola\/wp-content\/uploads\/usu515\/2024\/06\/WhatsApp-Image-2024-06-26-at-17.07.45-2-300x300.jpeg 300w, https:\/\/agora.xtec.cat\/ieslamallola\/wp-content\/uploads\/usu515\/2024\/06\/WhatsApp-Image-2024-06-26-at-17.07.45-2-1024x1019.jpeg 1024w, https:\/\/agora.xtec.cat\/ieslamallola\/wp-content\/uploads\/usu515\/2024\/06\/WhatsApp-Image-2024-06-26-at-17.07.45-2-150x150.jpeg 150w, https:\/\/agora.xtec.cat\/ieslamallola\/wp-content\/uploads\/usu515\/2024\/06\/WhatsApp-Image-2024-06-26-at-17.07.45-2-768x764.jpeg 768w\" sizes=\"auto, (max-width: 1080px) 100vw, 1080px\" \/><\/a><\/p>\n","protected":false},"excerpt":{"rendered":"<p>L&#8217;alumnat de segon d&#8217;ESO ha viscut tres dies fant\u00e0stics fent el treball de s\u00edntesi a l&#8217;Estartit. Han gaudit del temps i de les activitats que han fet en un entorn meravell\u00f3s on no nom\u00e9s han apr\u00e9s la import\u00e0ncia de preservar els espais naturals sin\u00f3 que tamb\u00e9 han gaudit d&#8217;una divertida sortida de conviv\u00e8ncia on fins [&hellip;]<\/p>\n","protected":false},"author":1,"featured_media":4691,"comment_status":"open","ping_status":"closed","sticky":false,"template":"","format":"standard","meta":{"_bbp_topic_count":0,"_bbp_reply_count":0,"_bbp_total_topic_count":0,"_bbp_total_reply_count":0,"_bbp_voice_count":0,"_bbp_anonymous_reply_count":0,"_bbp_topic_count_hidden":0,"_bbp_reply_count_hidden":0,"_bbp_forum_subforum_count":0,"site-sidebar-layout":"default","site-content-layout":"","ast-site-content-layout":"","site-content-style":"default","site-sidebar-style":"default","ast-global-header-display":"","ast-banner-title-visibility":"","ast-main-header-display":"","ast-hfb-above-header-display":"","ast-hfb-below-header-display":"","ast-hfb-mobile-header-display":"","site-post-title":"","ast-breadcrumbs-content":"","ast-featured-img":"","footer-sml-layout":"","theme-transparent-header-meta":"","adv-header-id-meta":"","stick-header-meta":"","header-above-stick-meta":"","header-main-stick-meta":"","header-below-stick-meta":"","astra-migrate-meta-layouts":"default","ast-page-background-enabled":"default","ast-page-background-meta":{"desktop":{"background-color":"var(--ast-global-color-4)","background-image":"","background-repeat":"repeat","background-position":"center center","background-size":"auto","background-attachment":"scroll","background-type":"","background-media":"","overlay-type":"","overlay-color":"","overlay-opacity":"","overlay-gradient":""},"tablet":{"background-color":"","background-image":"","background-repeat":"repeat","background-position":"center center","background-size":"auto","background-attachment":"scroll","background-type":"","background-media":"","overlay-type":"","overlay-color":"","overlay-opacity":"","overlay-gradient":""},"mobile":{"background-color":"","background-image":"","background-repeat":"repeat","background-position":"center center","background-size":"auto","background-attachment":"scroll","background-type":"","background-media":"","overlay-type":"","overlay-color":"","overlay-opacity":"","overlay-gradient":""}},"ast-content-background-meta":{"desktop":{"background-color":"var(--ast-global-color-5)","background-image":"","background-repeat":"repeat","background-position":"center center","background-size":"auto","background-attachment":"scroll","background-type":"","background-media":"","overlay-type":"","overlay-color":"","overlay-opacity":"","overlay-gradient":""},"tablet":{"background-color":"var(--ast-global-color-5)","background-image":"","background-repeat":"repeat","background-position":"center center","background-size":"auto","background-attachment":"scroll","background-type":"","background-media":"","overlay-type":"","overlay-color":"","overlay-opacity":"","overlay-gradient":""},"mobile":{"background-color":"var(--ast-global-color-5)","background-image":"","background-repeat":"repeat","background-position":"center center","background-size":"auto","background-attachment":"scroll","background-type":"","background-media":"","overlay-type":"","overlay-color":"","overlay-opacity":"","overlay-gradient":""}},"footnotes":""},"categories":[3,29,166,176],"tags":[],"class_list":["post-4690","post","type-post","status-publish","format-standard","has-post-thumbnail","hentry","category-eso","category-portada","category-sortides","category-viatges"],"post_mailing_queue_ids":[],"_links":{"self":[{"href":"https:\/\/agora.xtec.cat\/ieslamallola\/wp-json\/wp\/v2\/posts\/4690","targetHints":{"allow":["GET"]}}],"collection":[{"href":"https:\/\/agora.xtec.cat\/ieslamallola\/wp-json\/wp\/v2\/posts"}],"about":[{"href":"https:\/\/agora.xtec.cat\/ieslamallola\/wp-json\/wp\/v2\/types\/post"}],"author":[{"embeddable":true,"href":"https:\/\/agora.xtec.cat\/ieslamallola\/wp-json\/wp\/v2\/users\/1"}],"replies":[{"embeddable":true,"href":"https:\/\/agora.xtec.cat\/ieslamallola\/wp-json\/wp\/v2\/comments?post=4690"}],"version-history":[{"count":2,"href":"https:\/\/agora.xtec.cat\/ieslamallola\/wp-json\/wp\/v2\/posts\/4690\/revisions"}],"predecessor-version":[{"id":4693,"href":"https:\/\/agora.xtec.cat\/ieslamallola\/wp-json\/wp\/v2\/posts\/4690\/revisions\/4693"}],"wp:featuredmedia":[{"embeddable":true,"href":"https:\/\/agora.xtec.cat\/ieslamallola\/wp-json\/wp\/v2\/media\/4691"}],"wp:attachment":[{"href":"https:\/\/agora.xtec.cat\/ieslamallola\/wp-json\/wp\/v2\/media?parent=4690"}],"wp:term":[{"taxonomy":"category","embeddable":true,"href":"https:\/\/agora.xtec.cat\/ieslamallola\/wp-json\/wp\/v2\/categories?post=4690"},{"taxonomy":"post_tag","embeddable":true,"href":"https:\/\/agora.xtec.cat\/ieslamallola\/wp-json\/wp\/v2\/tags?post=4690"}],"curies":[{"name":"wp","href":"https:\/\/api.w.org\/{rel}","templated":true}]}}