{"id":4559,"date":"2024-04-22T19:32:43","date_gmt":"2024-04-22T17:32:43","guid":{"rendered":"https:\/\/agora.xtec.cat\/ieslamallola\/?p=4559"},"modified":"2024-04-22T19:32:50","modified_gmt":"2024-04-22T17:32:50","slug":"el-llibre-de-la-meva-vida","status":"publish","type":"post","link":"https:\/\/agora.xtec.cat\/ieslamallola\/eso\/el-llibre-de-la-meva-vida\/","title":{"rendered":"El llibre de la meva vida"},"content":{"rendered":"<p>Amb motiu de la Diada de Sant Jordi, i organitzat des de la Comissi\u00f3 Ling\u00fc\u00edstica de la La Mallola, enguany hem volgut celebrar i compartir el gust per la lectura entre el professorat i l&#8217;alumnat d&#8217;una molt especial. Aquesta iniciativa l&#8217;hem anomenada &#8220;El llibre de la meva vida&#8221;.<\/p>\n<p>La idea \u00e9s molt senzilla: diferents membres del claustre han recomant &#8220;el llibre de la seva vida&#8221;, mitjan\u00e7ant una ressenya liter\u00e0ria i de manera totalment an\u00f2nima. A partir de la lectura d&#8217;aquestes ressenyes l&#8217;alumnat pot atrevir-se a esbrinar quin professor o professora s&#8217;amaga darrera de cada proposta bibliogr\u00e0fica. El premi ser\u00e0 un lot de llibres!!<\/p>\n<p>En total hem redactat 25 propostes de llibres; 25 ressenyes ben variades que van des de cl\u00e0ssics com L&#8217;Odissea o El senyor de les mosques, passant per Cien a\u00f1os de soledad o La pla\u00e7a del diamant, fins a llibres molt m\u00e9s actuals com ara Francesca de Barcelona o L&#8217;amiga genial&#8230;una mostra molt variada que tamb\u00e9 reflecteix la diversitat del nostre claustre.<\/p>\n<p>M\u00e9s enll\u00e0 de l&#8217;innegable valor de cada obra, les raons particulars de cada lector\/a per recomanar-la fan de cadacun d&#8217;aquests llibres una proposta molt especial.<\/p>\n<p>En definitiva, tota una invitaci\u00f3 a la lectura!<br \/>\n<a href=\"https:\/\/agora.xtec.cat\/ieslamallola\/eso\/el-llibre-de-la-meva-vida\/attachment\/el-llibre-de-la-meva-vida-2\/\" rel=\"attachment wp-att-4560\"><img loading=\"lazy\" decoding=\"async\" src=\"https:\/\/agora.xtec.cat\/ieslamallola\/wp-content\/uploads\/usu515\/2024\/04\/el-llibre-de-la-meva-vida-2-scaled.jpg\" alt=\"\" width=\"2560\" height=\"1923\" class=\"alignnone size-full wp-image-4560\" srcset=\"https:\/\/agora.xtec.cat\/ieslamallola\/wp-content\/uploads\/usu515\/2024\/04\/el-llibre-de-la-meva-vida-2-scaled.jpg 2560w, https:\/\/agora.xtec.cat\/ieslamallola\/wp-content\/uploads\/usu515\/2024\/04\/el-llibre-de-la-meva-vida-2-300x225.jpg 300w, https:\/\/agora.xtec.cat\/ieslamallola\/wp-content\/uploads\/usu515\/2024\/04\/el-llibre-de-la-meva-vida-2-1024x769.jpg 1024w, https:\/\/agora.xtec.cat\/ieslamallola\/wp-content\/uploads\/usu515\/2024\/04\/el-llibre-de-la-meva-vida-2-768x577.jpg 768w, https:\/\/agora.xtec.cat\/ieslamallola\/wp-content\/uploads\/usu515\/2024\/04\/el-llibre-de-la-meva-vida-2-1536x1154.jpg 1536w, https:\/\/agora.xtec.cat\/ieslamallola\/wp-content\/uploads\/usu515\/2024\/04\/el-llibre-de-la-meva-vida-2-2048x1538.jpg 2048w, https:\/\/agora.xtec.cat\/ieslamallola\/wp-content\/uploads\/usu515\/2024\/04\/el-llibre-de-la-meva-vida-2-200x150.jpg 200w\" sizes=\"auto, (max-width: 2560px) 100vw, 2560px\" \/><\/a><\/p>\n","protected":false},"excerpt":{"rendered":"<p>Amb motiu de la Diada de Sant Jordi, i organitzat des de la Comissi\u00f3 Ling\u00fc\u00edstica de la La Mallola, enguany hem volgut celebrar i compartir el gust per la lectura entre el professorat i l&#8217;alumnat d&#8217;una molt especial. Aquesta iniciativa l&#8217;hem anomenada &#8220;El llibre de la meva vida&#8221;. La idea \u00e9s molt senzilla: diferents membres [&hellip;]<\/p>\n","protected":false},"author":1,"featured_media":4560,"comment_status":"open","ping_status":"closed","sticky":false,"template":"","format":"standard","meta":{"_bbp_topic_count":0,"_bbp_reply_count":0,"_bbp_total_topic_count":0,"_bbp_total_reply_count":0,"_bbp_voice_count":0,"_bbp_anonymous_reply_count":0,"_bbp_topic_count_hidden":0,"_bbp_reply_count_hidden":0,"_bbp_forum_subforum_count":0,"site-sidebar-layout":"default","site-content-layout":"","ast-site-content-layout":"","site-content-style":"default","site-sidebar-style":"default","ast-global-header-display":"","ast-banner-title-visibility":"","ast-main-header-display":"","ast-hfb-above-header-display":"","ast-hfb-below-header-display":"","ast-hfb-mobile-header-display":"","site-post-title":"","ast-breadcrumbs-content":"","ast-featured-img":"","footer-sml-layout":"","theme-transparent-header-meta":"","adv-header-id-meta":"","stick-header-meta":"","header-above-stick-meta":"","header-main-stick-meta":"","header-below-stick-meta":"","astra-migrate-meta-layouts":"default","ast-page-background-enabled":"default","ast-page-background-meta":{"desktop":{"background-color":"var(--ast-global-color-4)","background-image":"","background-repeat":"repeat","background-position":"center center","background-size":"auto","background-attachment":"scroll","background-type":"","background-media":"","overlay-type":"","overlay-color":"","overlay-opacity":"","overlay-gradient":""},"tablet":{"background-color":"","background-image":"","background-repeat":"repeat","background-position":"center center","background-size":"auto","background-attachment":"scroll","background-type":"","background-media":"","overlay-type":"","overlay-color":"","overlay-opacity":"","overlay-gradient":""},"mobile":{"background-color":"","background-image":"","background-repeat":"repeat","background-position":"center center","background-size":"auto","background-attachment":"scroll","background-type":"","background-media":"","overlay-type":"","overlay-color":"","overlay-opacity":"","overlay-gradient":""}},"ast-content-background-meta":{"desktop":{"background-color":"var(--ast-global-color-5)","background-image":"","background-repeat":"repeat","background-position":"center center","background-size":"auto","background-attachment":"scroll","background-type":"","background-media":"","overlay-type":"","overlay-color":"","overlay-opacity":"","overlay-gradient":""},"tablet":{"background-color":"var(--ast-global-color-5)","background-image":"","background-repeat":"repeat","background-position":"center center","background-size":"auto","background-attachment":"scroll","background-type":"","background-media":"","overlay-type":"","overlay-color":"","overlay-opacity":"","overlay-gradient":""},"mobile":{"background-color":"var(--ast-global-color-5)","background-image":"","background-repeat":"repeat","background-position":"center center","background-size":"auto","background-attachment":"scroll","background-type":"","background-media":"","overlay-type":"","overlay-color":"","overlay-opacity":"","overlay-gradient":""}},"footnotes":""},"categories":[8,177,3],"tags":[],"class_list":["post-4559","post","type-post","status-publish","format-standard","has-post-thumbnail","hentry","category-batxillerat","category-esdeveniments-de-centre","category-eso"],"post_mailing_queue_ids":[],"_links":{"self":[{"href":"https:\/\/agora.xtec.cat\/ieslamallola\/wp-json\/wp\/v2\/posts\/4559","targetHints":{"allow":["GET"]}}],"collection":[{"href":"https:\/\/agora.xtec.cat\/ieslamallola\/wp-json\/wp\/v2\/posts"}],"about":[{"href":"https:\/\/agora.xtec.cat\/ieslamallola\/wp-json\/wp\/v2\/types\/post"}],"author":[{"embeddable":true,"href":"https:\/\/agora.xtec.cat\/ieslamallola\/wp-json\/wp\/v2\/users\/1"}],"replies":[{"embeddable":true,"href":"https:\/\/agora.xtec.cat\/ieslamallola\/wp-json\/wp\/v2\/comments?post=4559"}],"version-history":[{"count":3,"href":"https:\/\/agora.xtec.cat\/ieslamallola\/wp-json\/wp\/v2\/posts\/4559\/revisions"}],"predecessor-version":[{"id":4563,"href":"https:\/\/agora.xtec.cat\/ieslamallola\/wp-json\/wp\/v2\/posts\/4559\/revisions\/4563"}],"wp:featuredmedia":[{"embeddable":true,"href":"https:\/\/agora.xtec.cat\/ieslamallola\/wp-json\/wp\/v2\/media\/4560"}],"wp:attachment":[{"href":"https:\/\/agora.xtec.cat\/ieslamallola\/wp-json\/wp\/v2\/media?parent=4559"}],"wp:term":[{"taxonomy":"category","embeddable":true,"href":"https:\/\/agora.xtec.cat\/ieslamallola\/wp-json\/wp\/v2\/categories?post=4559"},{"taxonomy":"post_tag","embeddable":true,"href":"https:\/\/agora.xtec.cat\/ieslamallola\/wp-json\/wp\/v2\/tags?post=4559"}],"curies":[{"name":"wp","href":"https:\/\/api.w.org\/{rel}","templated":true}]}}