{"id":4518,"date":"2024-02-28T21:25:30","date_gmt":"2024-02-28T20:25:30","guid":{"rendered":"https:\/\/agora.xtec.cat\/ieslamallola\/?p=4518"},"modified":"2024-02-28T21:27:01","modified_gmt":"2024-02-28T20:27:01","slug":"lliga-de-debat-de-la-xarxa-vives","status":"publish","type":"post","link":"https:\/\/agora.xtec.cat\/ieslamallola\/batxillerat\/lliga-de-debat-de-la-xarxa-vives\/","title":{"rendered":"Lliga de debat de la Xarxa Vives"},"content":{"rendered":"<p>Aquest curs l&#8217;Institut La Mallola participa per primer cop en la LLiga de debat de la Xarxa Vives. La fase local ha tingut lloc a diverses universitats de Catalunya i del Pa\u00eds Valenci\u00e0 els passats 16 i 17 de febrer. A nosaltres ens va tocar la Universitat Abat Oliba CEU, de Barcelona. L&#8217;equip participant est\u00e0 format per alumnes de 1r de Batxillerat de la mat\u00e8ria optativa &#8220;Problem\u00e0tiques Socials&#8221;, al c\u00e0rrec de la docent Cristina Abasolo, del departament de Socials. La Cristina ha aprofitat la mat\u00e8ria per treballar a fons la pregunta de la lliga de debat: \u00c9s la IA una amena\u00e7a per a la humanitat?. Ho ha fet a trav\u00e9s de la creaci\u00f3 de nous materials d&#8217;aprenentatge i una sortida al CCCB a veure l&#8217;exposici\u00f3 &#8220;IA: Intel.lig\u00e8ncia Artificial&#8221;. A m\u00e9s, a les classes s&#8217;han fet diverses din\u00e0miques de debat per intentar captar l&#8217;inter\u00e8s de l&#8217;alumnat i valorar les seves dots orat\u00f2ries. De tot aquest treball va sortir el nostre equip: Lisa Luque, Luc\u00eda Ribas, Gen\u00eds Ma\u00f1\u00e9, Marcos Cobos i I.R. Un equip pioner de valents i valentes que s&#8217;hi van dedicar en cos i \u00e0nima a defensar el nostre institut.<\/p>\n<p>Vam poder participar en 3 debats, dels qual van guanyar 2. Aix\u00f2 ens va donar el pas a la semifinal de la fase local contra l&#8217;Institut del Teatre. La competici\u00f3 t\u00e9 un nivell molt alt, amb un grau de formalitat molt impactant, un reglament de debat concret i estricte i a m\u00e9s, la majoria d&#8217;equips participants ja tenien experi\u00e8ncia de participaci\u00f3. Si m\u00e9s no, el nostre equip no va defallir en cap moment, va ser incansable en la seva entrega i despr\u00e9s de cada debat, aprofitava cada minut per a millorar els seus arguments.<\/p>\n<p>Tot i que vam ser eliminats en la semifinal, estem molt orgullosos del paper fet per l&#8217;equip, que van ser exemplars en tot moment en l&#8217;ajuda m\u00fatua, el sentit de la responsabilitat, per\u00f2 tamb\u00e9 de l&#8217;humor i com a representants de l&#8217;escola p\u00fablica. Per tot aix\u00f2, molta felicitats, valents! Ja heu fet hist\u00f2ria al vostre institut!<br \/>\n<a href=\"https:\/\/agora.xtec.cat\/ieslamallola\/general\/lliga-de-debat-de-la-xarxa-vives\/attachment\/whatsapp-image-2024-02-19-at-11-09-28\/\" rel=\"attachment wp-att-4519\"><img loading=\"lazy\" decoding=\"async\" src=\"https:\/\/agora.xtec.cat\/ieslamallola\/wp-content\/uploads\/usu515\/2024\/02\/WhatsApp-Image-2024-02-19-at-11.09.28.jpeg\" alt=\"\" width=\"1600\" height=\"1200\" class=\"alignnone size-full wp-image-4519\" srcset=\"https:\/\/agora.xtec.cat\/ieslamallola\/wp-content\/uploads\/usu515\/2024\/02\/WhatsApp-Image-2024-02-19-at-11.09.28.jpeg 1600w, https:\/\/agora.xtec.cat\/ieslamallola\/wp-content\/uploads\/usu515\/2024\/02\/WhatsApp-Image-2024-02-19-at-11.09.28-300x225.jpeg 300w, https:\/\/agora.xtec.cat\/ieslamallola\/wp-content\/uploads\/usu515\/2024\/02\/WhatsApp-Image-2024-02-19-at-11.09.28-1024x768.jpeg 1024w, https:\/\/agora.xtec.cat\/ieslamallola\/wp-content\/uploads\/usu515\/2024\/02\/WhatsApp-Image-2024-02-19-at-11.09.28-768x576.jpeg 768w, https:\/\/agora.xtec.cat\/ieslamallola\/wp-content\/uploads\/usu515\/2024\/02\/WhatsApp-Image-2024-02-19-at-11.09.28-1536x1152.jpeg 1536w, https:\/\/agora.xtec.cat\/ieslamallola\/wp-content\/uploads\/usu515\/2024\/02\/WhatsApp-Image-2024-02-19-at-11.09.28-200x150.jpeg 200w\" sizes=\"auto, (max-width: 1600px) 100vw, 1600px\" \/><\/a><\/p>\n","protected":false},"excerpt":{"rendered":"<p>Aquest curs l&#8217;Institut La Mallola participa per primer cop en la LLiga de debat de la Xarxa Vives. La fase local ha tingut lloc a diverses universitats de Catalunya i del Pa\u00eds Valenci\u00e0 els passats 16 i 17 de febrer. A nosaltres ens va tocar la Universitat Abat Oliba CEU, de Barcelona. L&#8217;equip participant est\u00e0 [&hellip;]<\/p>\n","protected":false},"author":1,"featured_media":4519,"comment_status":"open","ping_status":"closed","sticky":false,"template":"","format":"standard","meta":{"_bbp_topic_count":0,"_bbp_reply_count":0,"_bbp_total_topic_count":0,"_bbp_total_reply_count":0,"_bbp_voice_count":0,"_bbp_anonymous_reply_count":0,"_bbp_topic_count_hidden":0,"_bbp_reply_count_hidden":0,"_bbp_forum_subforum_count":0,"site-sidebar-layout":"default","site-content-layout":"","ast-site-content-layout":"","site-content-style":"default","site-sidebar-style":"default","ast-global-header-display":"","ast-banner-title-visibility":"","ast-main-header-display":"","ast-hfb-above-header-display":"","ast-hfb-below-header-display":"","ast-hfb-mobile-header-display":"","site-post-title":"","ast-breadcrumbs-content":"","ast-featured-img":"","footer-sml-layout":"","theme-transparent-header-meta":"","adv-header-id-meta":"","stick-header-meta":"","header-above-stick-meta":"","header-main-stick-meta":"","header-below-stick-meta":"","astra-migrate-meta-layouts":"default","ast-page-background-enabled":"default","ast-page-background-meta":{"desktop":{"background-color":"var(--ast-global-color-4)","background-image":"","background-repeat":"repeat","background-position":"center center","background-size":"auto","background-attachment":"scroll","background-type":"","background-media":"","overlay-type":"","overlay-color":"","overlay-opacity":"","overlay-gradient":""},"tablet":{"background-color":"","background-image":"","background-repeat":"repeat","background-position":"center center","background-size":"auto","background-attachment":"scroll","background-type":"","background-media":"","overlay-type":"","overlay-color":"","overlay-opacity":"","overlay-gradient":""},"mobile":{"background-color":"","background-image":"","background-repeat":"repeat","background-position":"center center","background-size":"auto","background-attachment":"scroll","background-type":"","background-media":"","overlay-type":"","overlay-color":"","overlay-opacity":"","overlay-gradient":""}},"ast-content-background-meta":{"desktop":{"background-color":"var(--ast-global-color-5)","background-image":"","background-repeat":"repeat","background-position":"center center","background-size":"auto","background-attachment":"scroll","background-type":"","background-media":"","overlay-type":"","overlay-color":"","overlay-opacity":"","overlay-gradient":""},"tablet":{"background-color":"var(--ast-global-color-5)","background-image":"","background-repeat":"repeat","background-position":"center center","background-size":"auto","background-attachment":"scroll","background-type":"","background-media":"","overlay-type":"","overlay-color":"","overlay-opacity":"","overlay-gradient":""},"mobile":{"background-color":"var(--ast-global-color-5)","background-image":"","background-repeat":"repeat","background-position":"center center","background-size":"auto","background-attachment":"scroll","background-type":"","background-media":"","overlay-type":"","overlay-color":"","overlay-opacity":"","overlay-gradient":""}},"footnotes":""},"categories":[8,29],"tags":[],"class_list":["post-4518","post","type-post","status-publish","format-standard","has-post-thumbnail","hentry","category-batxillerat","category-portada"],"post_mailing_queue_ids":[],"_links":{"self":[{"href":"https:\/\/agora.xtec.cat\/ieslamallola\/wp-json\/wp\/v2\/posts\/4518","targetHints":{"allow":["GET"]}}],"collection":[{"href":"https:\/\/agora.xtec.cat\/ieslamallola\/wp-json\/wp\/v2\/posts"}],"about":[{"href":"https:\/\/agora.xtec.cat\/ieslamallola\/wp-json\/wp\/v2\/types\/post"}],"author":[{"embeddable":true,"href":"https:\/\/agora.xtec.cat\/ieslamallola\/wp-json\/wp\/v2\/users\/1"}],"replies":[{"embeddable":true,"href":"https:\/\/agora.xtec.cat\/ieslamallola\/wp-json\/wp\/v2\/comments?post=4518"}],"version-history":[{"count":2,"href":"https:\/\/agora.xtec.cat\/ieslamallola\/wp-json\/wp\/v2\/posts\/4518\/revisions"}],"predecessor-version":[{"id":4521,"href":"https:\/\/agora.xtec.cat\/ieslamallola\/wp-json\/wp\/v2\/posts\/4518\/revisions\/4521"}],"wp:featuredmedia":[{"embeddable":true,"href":"https:\/\/agora.xtec.cat\/ieslamallola\/wp-json\/wp\/v2\/media\/4519"}],"wp:attachment":[{"href":"https:\/\/agora.xtec.cat\/ieslamallola\/wp-json\/wp\/v2\/media?parent=4518"}],"wp:term":[{"taxonomy":"category","embeddable":true,"href":"https:\/\/agora.xtec.cat\/ieslamallola\/wp-json\/wp\/v2\/categories?post=4518"},{"taxonomy":"post_tag","embeddable":true,"href":"https:\/\/agora.xtec.cat\/ieslamallola\/wp-json\/wp\/v2\/tags?post=4518"}],"curies":[{"name":"wp","href":"https:\/\/api.w.org\/{rel}","templated":true}]}}